{"id":88353,"date":"2025-10-07T07:57:05","date_gmt":"2025-10-07T07:57:05","guid":{"rendered":"https:\/\/www.camping-biper-gorri.com\/ongecategoriseerd\/tourisme-san-sebastian\/"},"modified":"2025-10-31T09:13:01","modified_gmt":"2025-10-31T09:13:01","slug":"san-sebastian-toerisme","status":"publish","type":"post","link":"https:\/\/www.camping-biper-gorri.com\/nl\/plaatsen\/san-sebastian-toerisme\/","title":{"rendered":"Top dingen om te doen in San Sebasti\u00e1n"},"content":{"rendered":"\n<section class=\"wp-block-group alignfull gt_2-cta_007__bis article has-global-padding is-layout-constrained wp-container-core-group-is-layout-8f482fdf wp-block-group-is-layout-constrained\" style=\"margin-top:0px;margin-bottom:0px;padding-top:var(--wp--preset--spacing--10)\">\n<div class=\"wp-block-group alignfull full-width is-vertical is-content-justification-center is-nowrap is-layout-flex wp-container-core-group-is-layout-810f5976 wp-block-group-is-layout-flex\" style=\"border-radius:0px;margin-top:0px;margin-right:0px;margin-bottom:0px;margin-left:0px;padding-top:0px;padding-right:0;padding-bottom:0px;padding-left:0\">\n<p class=\"has-text-align-center\">Een verblijf op onze <a href=\"https:\/\/www.camping-biper-gorri.com\/nl\/\">camping in Espelette<\/a> is de perfecte gelegenheid om San Sebasti\u00e1n te ontdekken, de <strong>parel van de Spaanse Baskische kust<\/strong>. Dankzij de ideale locatie van ons etablissement kun je gemakkelijk <a href=\"https:\/\/www.guide-du-paysbasque.com\/en\/experiences\/weekend-et-holidays\/article-top-10-things-to-do-in-san-sebastian-342.html\" target=\"_blank\" rel=\"noreferrer noopener nofollow\">San Sebasti\u00e1n<\/a> bezoeken en ten volle profiteren van de <strong>unieke charme<\/strong>.<\/p>\n\n\n\n<div class=\"wp-block-columns alignwide is-layout-flex wp-container-core-columns-is-layout-93fef87a wp-block-columns-is-layout-flex\" style=\"border-radius:0px;margin-top:0px;margin-right:0px;margin-bottom:0px;margin-left:0px;padding-top:0px;padding-right:0px;padding-bottom:0px;padding-left:0px\">\n<div class=\"wp-block-column is-vertically-aligned-top two-images is-layout-flow wp-block-column-is-layout-flow\" style=\"flex-basis:55%\">\n<div data-swiper=\"{&quot;speed&quot;:400,&quot;spaceBetween&quot;:16,&quot;slidesPerView&quot;:1,&quot;createElements&quot;:true,&quot;loop&quot;:true,&quot;navigation&quot;:{&quot;nextEl&quot;:null,&quot;prevEl&quot;:null},&quot;pagination&quot;:{&quot;el&quot;:&quot;.swiper-pagination&quot;,&quot;dynamicBullets&quot;:false,&quot;clickable&quot;:true},&quot;breakpoints&quot;:[{&quot;slidesPerView&quot;:1}],&quot;direction&quot;:&quot;vertical&quot;,&quot;freeMode&quot;:false,&quot;autoplay&quot;:true,&quot;delay&quot;:2000}\" id=\"slider-first\" class=\"wp-block-group animated fadeIn gt-is-slider gt-is-slider-desktop is-layout-grid wp-container-core-group-is-layout-478b6e6b wp-block-group-is-layout-grid\">\n<figure class=\"wp-block-image aligncenter size-full\"><img decoding=\"async\" width=\"967\" height=\"655\" src=\"https:\/\/www.camping-biper-gorri.com\/wp-content\/uploads\/2025\/10\/top-des-activites-incontournables-de-san-sebastian.jpg\" alt=\"leukste dingen om te doen in san sebastian\" class=\"wp-image-71361\" srcset=\"https:\/\/www.camping-biper-gorri.com\/wp-content\/uploads\/2025\/10\/top-des-activites-incontournables-de-san-sebastian.jpg 967w, https:\/\/www.camping-biper-gorri.com\/wp-content\/uploads\/2025\/10\/top-des-activites-incontournables-de-san-sebastian-300x203.jpg 300w, https:\/\/www.camping-biper-gorri.com\/wp-content\/uploads\/2025\/10\/top-des-activites-incontournables-de-san-sebastian-768x520.jpg 768w\" sizes=\"(max-width: 967px) 100vw, 967px\" \/><\/figure>\n\n\n\n<figure class=\"wp-block-image size-full\"><img decoding=\"async\" width=\"967\" height=\"655\" src=\"https:\/\/www.camping-biper-gorri.com\/wp-content\/uploads\/2025\/10\/la-baie-de-la-concha.jpg\" alt=\"la concha baai\" class=\"wp-image-71367\" style=\"object-fit:cover\" srcset=\"https:\/\/www.camping-biper-gorri.com\/wp-content\/uploads\/2025\/10\/la-baie-de-la-concha.jpg 967w, https:\/\/www.camping-biper-gorri.com\/wp-content\/uploads\/2025\/10\/la-baie-de-la-concha-300x203.jpg 300w, https:\/\/www.camping-biper-gorri.com\/wp-content\/uploads\/2025\/10\/la-baie-de-la-concha-768x520.jpg 768w\" sizes=\"(max-width: 967px) 100vw, 967px\" \/><\/figure>\n\n\n\n<figure class=\"wp-block-image size-full\"><img decoding=\"async\" width=\"967\" height=\"655\" src=\"https:\/\/www.camping-biper-gorri.com\/wp-content\/uploads\/2025\/10\/sports-nautiques-plage-de-zurriola.jpg\" alt=\"watersporten plage de zurriola\" class=\"wp-image-71372\" style=\"object-fit:cover\" srcset=\"https:\/\/www.camping-biper-gorri.com\/wp-content\/uploads\/2025\/10\/sports-nautiques-plage-de-zurriola.jpg 967w, https:\/\/www.camping-biper-gorri.com\/wp-content\/uploads\/2025\/10\/sports-nautiques-plage-de-zurriola-300x203.jpg 300w, https:\/\/www.camping-biper-gorri.com\/wp-content\/uploads\/2025\/10\/sports-nautiques-plage-de-zurriola-768x520.jpg 768w\" sizes=\"(max-width: 967px) 100vw, 967px\" \/><\/figure>\n<\/div>\n<\/div>\n\n\n\n<div class=\"wp-block-column is-vertically-aligned-center is-layout-flow wp-block-column-is-layout-flow\" style=\"flex-basis:45%\">\n<div class=\"wp-block-group has-global-padding is-content-justification-left is-layout-constrained wp-container-core-group-is-layout-1c1e5e78 wp-block-group-is-layout-constrained\" style=\"margin-top:0px;margin-right:0px;margin-bottom:0px;margin-left:0px\">\n<h2 class=\"wp-block-heading\"><strong>Ontdek Paramotoring<\/strong> <br\/>in Baskenland<\/h2>\n\n\n\n<p>San Sebasti\u00e1n, of Donostia in het Baskisch, is een <strong>prachtige stad<\/strong> aan de noordkust van Spanje, in de regio Baskenland. De stad staat bekend om haar <strong>schilderachtige landschappen<\/strong>, <strong>uitzonderlijke gastronomie<\/strong> en <strong>levendige cultuur<\/strong> en trekt elk jaar veel bezoekers. Hier vind je een gedetailleerd overzicht van de hoogtepunten van deze fascinerende stad.  <\/p>\n\n\n\n<h3 class=\"wp-block-heading\">1. Geografie en landschappen<\/h3>\n\n\n    <div id=\"gt-fse-lire-plus-69f3a2232c961\" class=\"gt-fse-lire-plus\" data-min-height=\"130\" style=\"background-color: #f9f9f9;\">\n        <input id=\"gt-fse-lire-plus-69f3a2232c961-toggle\" type=\"checkbox\" class=\"gt-fse-lire-plus__toggle\" \/>\n        <label for=\"gt-fse-lire-plus-69f3a2232c961-toggle\" class=\"gt-fse-lire-plus__toggle-label\">\n            <span>Meer lezen<\/span>\n            <span>Minder lezen<\/span>\n        <\/label>\n        <div class=\"gt-fse-lire-plus__content\" style=\"height: 130px;\">\n            \n\n<p>San Sebasti\u00e1n ligt genesteld tussen glooiende groene heuvels en de Atlantische Oceaan. De <g id=\"gid_0\">baai van La Concha<\/g>, beroemd om zijn schelpvormige strand, wordt vaak gerekend tot de mooiste stadsstranden van Europa. De omliggende heuvels, zoals <strong>Urgull<\/strong> en <strong>Igeldo<\/strong>, bieden <strong>een adembenemend panoramisch uitzicht<\/strong> over de stad en de oceaan.  <\/p>\n\n\n\n<h3 class=\"wp-block-heading\">2. Stranden<\/h3>\n\n\n\n<p>De stranden van San Sebasti\u00e1n zijn een echte aanwinst. <g id=\"gid_0\">Het strand La Concha<\/g> is ideaal om <g id=\"gid_1\">te zwemmen<\/g>, <g id=\"gid_2\">zonnebaden<\/g> en verschillende <g id=\"gid_3\">watersporten<\/g> te beoefenen. Het strand van Zurriola trekt dankzij de golven <strong>surfers<\/strong> aan. Deze stranden zijn niet alleen plekken om <strong>te ontspannen<\/strong>, maar ook plekken waar het hele jaar door <strong>allerlei activiteiten<\/strong> plaatsvinden.   <\/p>\n\n            <div class=\"gt-fse-lire-plus__gradient\" style=\"background: linear-gradient(to bottom,rgba(249,249,249,0) 0%,rgba(249,249,249,1) 100%);\"><\/div>\n        <\/div>\n    <\/div>\n    <\/div>\n<\/div>\n<\/div>\n\n\n\n<div class=\"wp-block-columns alignwide is-layout-flex wp-container-core-columns-is-layout-f575e0a2 wp-block-columns-is-layout-flex\" style=\"border-radius:0px;margin-top:0px;margin-right:0px;margin-bottom:0px;margin-left:0px;padding-top:1.5rem;padding-right:0px;padding-bottom:1.5rem;padding-left:0px\">\n<div class=\"wp-block-column is-vertically-aligned-center is-layout-flow wp-block-column-is-layout-flow\" style=\"flex-basis:45%\">\n<div class=\"wp-block-group has-global-padding is-content-justification-left is-layout-constrained wp-container-core-group-is-layout-1c1e5e78 wp-block-group-is-layout-constrained\" style=\"margin-top:0px;margin-right:0px;margin-bottom:0px;margin-left:0px\">\n<h3 class=\"wp-block-heading\">3. Gastronomie<\/h3>\n\n\n\n<p>San Sebasti\u00e1n wordt erkend als een van de <strong>gastronomische hoofdsteden van<\/strong> de wereld. De stad staat bekend om zijn <strong>pintxos<\/strong>, kleine tapas die in bars worden geserveerd. Bezoekers kunnen een verscheidenheid aan gerechten proeven, van verse zeevruchten tot vleesgerechten. De stad is ook de thuisbasis van verschillende <strong>restaurants met Michelinsterren<\/strong>, wat de toewijding aan de keuken van hoge kwaliteit weerspiegelt.   <\/p>\n\n\n\n<h3 class=\"wp-block-heading\">4. Cultuur en evenementen<\/h3>\n\n\n    <div id=\"gt-fse-lire-plus-69f3a2232d36c\" class=\"gt-fse-lire-plus\" data-min-height=\"130\" style=\"background-color: #f9f9f9;\">\n        <input id=\"gt-fse-lire-plus-69f3a2232d36c-toggle\" type=\"checkbox\" class=\"gt-fse-lire-plus__toggle\" \/>\n        <label for=\"gt-fse-lire-plus-69f3a2232d36c-toggle\" class=\"gt-fse-lire-plus__toggle-label\">\n            <span>Meer lezen<\/span>\n            <span>Minder lezen<\/span>\n        <\/label>\n        <div class=\"gt-fse-lire-plus__content\" style=\"height: 130px;\">\n            \n\n<p>San Sebasti\u00e1n heeft een rijk en dynamisch cultureel leven. Het <strong>Internationale Filmfestival van San Sebasti\u00e1n<\/strong>, dat elk jaar in september wordt gehouden, trekt filmmakers en beroemdheden van over de hele wereld. Het hele jaar door vinden er in de stad ook talloze <strong>muzikale<\/strong>, <strong>artistieke<\/strong> en <strong>traditionele<\/strong> <strong>evenementen<\/strong> plaats ter ere van de Baskische cultuur.  <\/p>\n\n\n\n<h3 class=\"wp-block-heading\">5. Architectuur<\/h3>\n\n\n\n<p>De <strong>architectuur van San Sebasti\u00e1n is eclectisch<\/strong>, een mix van neoklassieke stijl, modernisme en Baskische invloeden. Het Miramar Paleis, het stadhuis en het Victoria Eugenia Theater zijn slechts een paar opmerkelijke voorbeelden. De straten in het stadscentrum, zoals de calle 31 de Agosto, zijn <strong>levendig<\/strong> en bezaaid met <strong>historische gebouwen<\/strong>.  <\/p>\n\n            <div class=\"gt-fse-lire-plus__gradient\" style=\"background: linear-gradient(to bottom,rgba(249,249,249,0) 0%,rgba(249,249,249,1) 100%);\"><\/div>\n        <\/div>\n    <\/div>\n    <\/div>\n<\/div>\n\n\n\n<div class=\"wp-block-column is-vertically-aligned-top two-images is-layout-flow wp-block-column-is-layout-flow\" style=\"flex-basis:55%\">\n<div data-swiper=\"{&quot;speed&quot;:400,&quot;spaceBetween&quot;:16,&quot;slidesPerView&quot;:1,&quot;createElements&quot;:true,&quot;loop&quot;:true,&quot;navigation&quot;:{&quot;nextEl&quot;:null,&quot;prevEl&quot;:null},&quot;pagination&quot;:{&quot;el&quot;:&quot;.swiper-pagination&quot;,&quot;dynamicBullets&quot;:false,&quot;clickable&quot;:true},&quot;breakpoints&quot;:[{&quot;slidesPerView&quot;:1}],&quot;direction&quot;:&quot;vertical&quot;,&quot;freeMode&quot;:false,&quot;autoplay&quot;:true,&quot;delay&quot;:2000}\" id=\"slider-first\" class=\"wp-block-group animated fadeIn gt-is-slider gt-is-slider-desktop is-layout-grid wp-container-core-group-is-layout-478b6e6b wp-block-group-is-layout-grid\">\n<figure class=\"wp-block-image aligncenter size-full\"><img decoding=\"async\" width=\"967\" height=\"655\" src=\"https:\/\/www.camping-biper-gorri.com\/wp-content\/uploads\/2025\/10\/gastronomie-pintxos.jpg\" alt=\"gastronomie pintxos\" class=\"wp-image-71377\" srcset=\"https:\/\/www.camping-biper-gorri.com\/wp-content\/uploads\/2025\/10\/gastronomie-pintxos.jpg 967w, https:\/\/www.camping-biper-gorri.com\/wp-content\/uploads\/2025\/10\/gastronomie-pintxos-300x203.jpg 300w, https:\/\/www.camping-biper-gorri.com\/wp-content\/uploads\/2025\/10\/gastronomie-pintxos-768x520.jpg 768w\" sizes=\"(max-width: 967px) 100vw, 967px\" \/><\/figure>\n\n\n\n<figure class=\"wp-block-image size-full\"><img decoding=\"async\" width=\"967\" height=\"655\" src=\"https:\/\/www.camping-biper-gorri.com\/wp-content\/uploads\/2025\/10\/culture-et-evenements.jpg\" alt=\"cultuur en evenementen\" class=\"wp-image-71382\" style=\"object-fit:cover\" srcset=\"https:\/\/www.camping-biper-gorri.com\/wp-content\/uploads\/2025\/10\/culture-et-evenements.jpg 967w, https:\/\/www.camping-biper-gorri.com\/wp-content\/uploads\/2025\/10\/culture-et-evenements-300x203.jpg 300w, https:\/\/www.camping-biper-gorri.com\/wp-content\/uploads\/2025\/10\/culture-et-evenements-768x520.jpg 768w\" sizes=\"(max-width: 967px) 100vw, 967px\" \/><\/figure>\n\n\n\n<figure class=\"wp-block-image size-full\"><img decoding=\"async\" width=\"967\" height=\"655\" src=\"https:\/\/www.camping-biper-gorri.com\/wp-content\/uploads\/2025\/10\/architecture-eclectique.jpg\" alt=\"eclectische architectuur\" class=\"wp-image-71387\" style=\"object-fit:cover\" srcset=\"https:\/\/www.camping-biper-gorri.com\/wp-content\/uploads\/2025\/10\/architecture-eclectique.jpg 967w, https:\/\/www.camping-biper-gorri.com\/wp-content\/uploads\/2025\/10\/architecture-eclectique-300x203.jpg 300w, https:\/\/www.camping-biper-gorri.com\/wp-content\/uploads\/2025\/10\/architecture-eclectique-768x520.jpg 768w\" sizes=\"(max-width: 967px) 100vw, 967px\" \/><\/figure>\n\n\n\n<figure class=\"wp-block-image size-full\"><img decoding=\"async\" width=\"967\" height=\"655\" src=\"https:\/\/www.camping-biper-gorri.com\/wp-content\/uploads\/2025\/10\/les-rues-du-centre-ville-de-san-sebastian.jpg\" alt=\"de straten van het centrum van san sebastian\" class=\"wp-image-71392\" style=\"object-fit:cover\" srcset=\"https:\/\/www.camping-biper-gorri.com\/wp-content\/uploads\/2025\/10\/les-rues-du-centre-ville-de-san-sebastian.jpg 967w, https:\/\/www.camping-biper-gorri.com\/wp-content\/uploads\/2025\/10\/les-rues-du-centre-ville-de-san-sebastian-300x203.jpg 300w, https:\/\/www.camping-biper-gorri.com\/wp-content\/uploads\/2025\/10\/les-rues-du-centre-ville-de-san-sebastian-768x520.jpg 768w\" sizes=\"(max-width: 967px) 100vw, 967px\" \/><\/figure>\n<\/div>\n<\/div>\n<\/div>\n\n\n\n<div class=\"wp-block-columns alignwide is-layout-flex wp-container-core-columns-is-layout-93fef87a wp-block-columns-is-layout-flex\" style=\"border-radius:0px;margin-top:0px;margin-right:0px;margin-bottom:0px;margin-left:0px;padding-top:0px;padding-right:0px;padding-bottom:0px;padding-left:0px\">\n<div class=\"wp-block-column is-vertically-aligned-top two-images is-layout-flow wp-block-column-is-layout-flow\" style=\"flex-basis:55%\">\n<div data-swiper=\"{&quot;speed&quot;:400,&quot;spaceBetween&quot;:16,&quot;slidesPerView&quot;:1,&quot;createElements&quot;:true,&quot;loop&quot;:true,&quot;navigation&quot;:{&quot;nextEl&quot;:null,&quot;prevEl&quot;:null},&quot;pagination&quot;:{&quot;el&quot;:&quot;.swiper-pagination&quot;,&quot;dynamicBullets&quot;:false,&quot;clickable&quot;:true},&quot;breakpoints&quot;:[{&quot;slidesPerView&quot;:1}],&quot;direction&quot;:&quot;vertical&quot;,&quot;freeMode&quot;:false,&quot;autoplay&quot;:true,&quot;delay&quot;:2000}\" id=\"slider-first\" class=\"wp-block-group animated fadeIn gt-is-slider gt-is-slider-desktop is-layout-grid wp-container-core-group-is-layout-478b6e6b wp-block-group-is-layout-grid\">\n<figure class=\"wp-block-image aligncenter size-full\"><img decoding=\"async\" width=\"967\" height=\"655\" src=\"https:\/\/www.camping-biper-gorri.com\/wp-content\/uploads\/2025\/10\/randonnees-activites-de-plein-air.jpg\" alt=\"wandelen buitenactiviteiten\" class=\"wp-image-71397\" srcset=\"https:\/\/www.camping-biper-gorri.com\/wp-content\/uploads\/2025\/10\/randonnees-activites-de-plein-air.jpg 967w, https:\/\/www.camping-biper-gorri.com\/wp-content\/uploads\/2025\/10\/randonnees-activites-de-plein-air-300x203.jpg 300w, https:\/\/www.camping-biper-gorri.com\/wp-content\/uploads\/2025\/10\/randonnees-activites-de-plein-air-768x520.jpg 768w\" sizes=\"(max-width: 967px) 100vw, 967px\" \/><\/figure>\n\n\n\n<figure class=\"wp-block-image size-full\"><img decoding=\"async\" width=\"967\" height=\"655\" src=\"https:\/\/www.camping-biper-gorri.com\/wp-content\/uploads\/2025\/10\/traditions-basques.jpg\" alt=\"Baskische tradities\" class=\"wp-image-71402\" style=\"object-fit:cover\" srcset=\"https:\/\/www.camping-biper-gorri.com\/wp-content\/uploads\/2025\/10\/traditions-basques.jpg 967w, https:\/\/www.camping-biper-gorri.com\/wp-content\/uploads\/2025\/10\/traditions-basques-300x203.jpg 300w, https:\/\/www.camping-biper-gorri.com\/wp-content\/uploads\/2025\/10\/traditions-basques-768x520.jpg 768w\" sizes=\"(max-width: 967px) 100vw, 967px\" \/><\/figure>\n\n\n\n<figure class=\"wp-block-image size-full\"><img decoding=\"async\" width=\"967\" height=\"655\" src=\"https:\/\/www.camping-biper-gorri.com\/wp-content\/uploads\/2025\/10\/vie-nocturne.jpg\" alt=\"nachtleven\" class=\"wp-image-71407\" style=\"object-fit:cover\" srcset=\"https:\/\/www.camping-biper-gorri.com\/wp-content\/uploads\/2025\/10\/vie-nocturne.jpg 967w, https:\/\/www.camping-biper-gorri.com\/wp-content\/uploads\/2025\/10\/vie-nocturne-300x203.jpg 300w, https:\/\/www.camping-biper-gorri.com\/wp-content\/uploads\/2025\/10\/vie-nocturne-768x520.jpg 768w\" sizes=\"(max-width: 967px) 100vw, 967px\" \/><\/figure>\n<\/div>\n<\/div>\n\n\n\n<div class=\"wp-block-column is-vertically-aligned-center is-layout-flow wp-block-column-is-layout-flow\" style=\"flex-basis:45%\">\n<div class=\"wp-block-group has-global-padding is-content-justification-left is-layout-constrained wp-container-core-group-is-layout-1c1e5e78 wp-block-group-is-layout-constrained\" style=\"margin-top:0px;margin-right:0px;margin-bottom:0px;margin-left:0px\">\n<h3 class=\"wp-block-heading\">6. Activiteiten buitenshuis<\/h3>\n\n\n\n<p>De omliggende heuvels en baai bieden volop mogelijkheden voor <strong>activiteiten buitenshuis<\/strong>. Wandelen, fietsen en watersporten zijn populair. Via het kustpad dat San Sebasti\u00e1n met andere nabijgelegen dorpen verbindt, kun je <strong>de natuurlijke schoonheid van het gebied verkennen<\/strong>.  <\/p>\n\n\n\n<h3 class=\"wp-block-heading\">7. Baskische tradities<\/h3>\n\n\n    <div id=\"gt-fse-lire-plus-69f3a2232ed28\" class=\"gt-fse-lire-plus\" data-min-height=\"130\" style=\"background-color: #f9f9f9;\">\n        <input id=\"gt-fse-lire-plus-69f3a2232ed28-toggle\" type=\"checkbox\" class=\"gt-fse-lire-plus__toggle\" \/>\n        <label for=\"gt-fse-lire-plus-69f3a2232ed28-toggle\" class=\"gt-fse-lire-plus__toggle-label\">\n            <span>Meer lezen<\/span>\n            <span>Minder lezen<\/span>\n        <\/label>\n        <div class=\"gt-fse-lire-plus__content\" style=\"height: 130px;\">\n            \n\n<p>De stad is een bastion van Baskische cultuur, met <strong>levende tradities<\/strong> zoals dans, muziek en festivals. De <g id=\"gid_1\">Semana Grande-festiviteiten<\/g> in augustus, met concerten, vuurwerk en wedstrijden, zijn bijzonder populair. <strong>Traditionele Baskische sporten<\/strong>, zoals pelota, staan ook hoog op de agenda.  <\/p>\n\n\n\n<h3 class=\"wp-block-heading\">8. Uitgaan<\/h3>\n\n\n\n<p>San Sebasti\u00e1n is &#8217;s avonds levendig, met een <strong>groot aantal bars en clubs<\/strong>. De straten stromen vol met mensen die van bar naar bar gaan om te genieten van <strong>pintxos<\/strong> en <strong>lokale drankjes<\/strong>. Het nachtleven is vriendelijk en de lokale bevolking is gastvrij, waardoor er een warme sfeer hangt.  <\/p>\n\n\n\n<p>San Sebasti\u00e1n is een fascinerende bestemming die <strong>natuurlijke schoonheid<\/strong>, <strong>uitzonderlijke gastronomie<\/strong> en <strong>culturele rijkdom<\/strong> combineert. Of je nu langs het strand wandelt, heerlijke gerechten proeft of het erfgoed verkent, de stad biedt een onvergetelijke ervaring aan iedereen die haar bezoekt. <\/p>\n\n            <div class=\"gt-fse-lire-plus__gradient\" style=\"background: linear-gradient(to bottom,rgba(249,249,249,0) 0%,rgba(249,249,249,1) 100%);\"><\/div>\n        <\/div>\n    <\/div>\n    <\/div>\n<\/div>\n<\/div>\n\n\n\n<figure class=\"wp-block-image size-full is-resized\" style=\"margin-top:0px;margin-right:0px;margin-bottom:0px;margin-left:0px\"><img decoding=\"async\" width=\"464\" height=\"221\" src=\"https:\/\/www.camping-biper-gorri.com\/wp-content\/uploads\/2025\/08\/soleil.png\" alt=\"pager gorri\" class=\"wp-image-188\" style=\"width:463.0675354003906px\" srcset=\"https:\/\/www.camping-biper-gorri.com\/wp-content\/uploads\/2025\/08\/soleil.png 464w, https:\/\/www.camping-biper-gorri.com\/wp-content\/uploads\/2025\/08\/soleil-300x143.png 300w\" sizes=\"(max-width: 464px) 100vw, 464px\" \/><\/figure>\n<\/div>\n<\/section>\n\n<section class=\"wp-block-group alignfull gt_1-cta-1photo_003 article is-layout-flow wp-block-group-is-layout-flow\" style=\"margin-top:0px;margin-bottom:0px;padding-bottom:153px\">\n<div class=\"wp-block-group has-global-padding is-layout-constrained wp-container-core-group-is-layout-c3c54179 wp-block-group-is-layout-constrained\" style=\"padding-bottom:101px\">\n<div class=\"wp-block-cover aligncenter has-custom-content-position is-position-bottom-center animated fadeIn\" style=\"min-height:70vh;aspect-ratio:unset;\"><img decoding=\"async\" width=\"1024\" height=\"436\" class=\"wp-block-cover__image-background wp-image-71412 size-large\" alt=\"comment bien preparer son depart depuis le camping pour san sebastian\" src=\"https:\/\/www.camping-biper-gorri.com\/wp-content\/uploads\/2025\/10\/comment-bien-preparer-son-depart-depuis-le-camping-pour-san-sebastian-1024x436.jpg\" data-object-fit=\"cover\" srcset=\"https:\/\/www.camping-biper-gorri.com\/wp-content\/uploads\/2025\/10\/comment-bien-preparer-son-depart-depuis-le-camping-pour-san-sebastian-1024x436.jpg 1024w, https:\/\/www.camping-biper-gorri.com\/wp-content\/uploads\/2025\/10\/comment-bien-preparer-son-depart-depuis-le-camping-pour-san-sebastian-300x128.jpg 300w, https:\/\/www.camping-biper-gorri.com\/wp-content\/uploads\/2025\/10\/comment-bien-preparer-son-depart-depuis-le-camping-pour-san-sebastian-768x327.jpg 768w, https:\/\/www.camping-biper-gorri.com\/wp-content\/uploads\/2025\/10\/comment-bien-preparer-son-depart-depuis-le-camping-pour-san-sebastian.jpg 1500w\" sizes=\"(max-width: 1024px) 100vw, 1024px\" \/><span aria-hidden=\"true\" class=\"wp-block-cover__background has-contrast-background-color has-background-dim-20 has-background-dim\"><\/span><div class=\"wp-block-cover__inner-container is-layout-flow wp-block-cover-is-layout-flow\">\n<div class=\"wp-block-group titre-deco is-vertical is-content-justification-center is-layout-flex wp-container-core-group-is-layout-ab6239d0 wp-block-group-is-layout-flex\" style=\"margin-bottom:0px\">\n<p class=\"has-text-align-center has-base-2-color has-text-color has-link-color has-olive-citrus-font-family wp-elements-ec31441b938d92c21c53a018513bc25a\" style=\"font-size:clamp(3.615rem, 3.615rem + ((1vw - 0.2rem) * 6.475), 7.5rem);line-height:0.4\">Bereid voor<\/p>\n\n\n\n<p class=\"has-text-align-center has-base-2-color has-text-color has-link-color has-boho-monoline-font-family wp-elements-1d3bba05678610dab014e1e42f371f58\" style=\"font-size:clamp(3.521rem, 3.521rem + ((1vw - 0.2rem) * 6.215), 7.25rem);line-height:0.86\">zijn excursie<\/p>\n<\/div>\n<\/div><\/div>\n<\/div>\n\n\n\n<div class=\"wp-block-group alignfull full-width has-global-padding is-layout-constrained wp-container-core-group-is-layout-8c8c9b81 wp-block-group-is-layout-constrained\" style=\"border-radius:0px;margin-top:0px;margin-right:0px;margin-bottom:0px;margin-left:0px;padding-top:0px;padding-right:var(--wp--preset--spacing--50);padding-bottom:0px;padding-left:var(--wp--preset--spacing--50)\">\n<h2 class=\"wp-block-heading has-text-align-center full-width has-text-color\" style=\"color:rgba(255,255,255,1)\"><strong>Hoe bereid je je vertrek voor <br\/>vanaf de camping naar San Sebasti\u00e1n?<\/strong><br\/><\/h2>\n\n\n\n<p class=\"has-base-2-color has-text-color has-link-color wp-elements-585fb4a6f0117c5894941a2224481452\">San Sebasti\u00e1n ligt op ongeveer <strong>30 minuten rijden<\/strong> van onze camping en is heel gemakkelijk te bereiken. Je kunt de stad bereiken met de auto of met het openbaar vervoer. Vertrek vroeg om optimaal van je dag te genieten.  <\/p>\n\n\n    <div id=\"gt-fse-lire-plus-69f3a2232fe36\" class=\"gt-fse-lire-plus\" data-min-height=\"130\" style=\"background-color: #63756b;\">\n        <input id=\"gt-fse-lire-plus-69f3a2232fe36-toggle\" type=\"checkbox\" class=\"gt-fse-lire-plus__toggle\" \/>\n        <label for=\"gt-fse-lire-plus-69f3a2232fe36-toggle\" class=\"gt-fse-lire-plus__toggle-label\">\n            <span>Meer lezen<\/span>\n            <span>Minder lezen<\/span>\n        <\/label>\n        <div class=\"gt-fse-lire-plus__content\" style=\"height: 130px;\">\n            \n\n<p class=\"has-base-2-color has-text-color has-link-color wp-elements-1ac222fdab508e460e79f89f4e70ca5b\">Ontdek de prachtige <strong>baai van La Concha<\/strong>, waar je kunt ontspannen op het strand of genieten van watersporten terwijl je het adembenemende landschap bewondert.<\/p>\n\n\n\n<p class=\"has-base-2-color has-text-color has-link-color wp-elements-9d41d501b67b74b351236621edc789c6\">Laat je verleiden door de <strong>lokale gastronomie<\/strong> door pintxos te proeven in de vele levendige bars van de oude stad, een unieke culinaire ervaring die je smaakpapillen in verrukking zal brengen.<\/p>\n\n\n\n<p class=\"has-base-2-color has-text-color has-link-color wp-elements-05dff5aa1df17f90f122ba09589e7cce\">Geniet van de levendige sfeer van San Sebasti\u00e1n dankzij de <strong>festivals<\/strong>, <strong>concerten<\/strong> en <strong>culturele evenementen<\/strong> die het hele jaar door plaatsvinden en die de energie van deze prachtige Baskische stad weerspiegelen.<\/p>\n\n\n\n<p class=\"has-base-2-color has-text-color has-link-color wp-elements-a3715b9cffbcfbd3875ddf999e01d6f1\">Ontdek de <strong>eclectische architectuur<\/strong> van San Sebasti\u00e1n, van neoklassieke gebouwen tot moderne stijlen, terwijl je door de charmante, levendige straten slentert.<\/p>\n\n\n\n<p class=\"has-base-2-color has-text-color has-link-color wp-elements-d8079bd68ff3381aeecc9c08e44d82f2\">Mis het <strong>adembenemende uitzicht vanaf<\/strong> de omringende heuvels niet, waar je kunt wandelen en de natuurlijke schoonheid die de stad omringt kunt bewonderen.<\/p>\n\n            <div class=\"gt-fse-lire-plus__gradient\" style=\"background: linear-gradient(to bottom,rgba(99,117,107,0) 0%,rgba(99,117,107,1) 100%);\"><\/div>\n        <\/div>\n    <\/div>\n    <\/div>\n<\/section>\n","protected":false},"excerpt":{"rendered":"<p>Een verblijf op onze camping in Espelette is de perfecte gelegenheid om San Sebasti\u00e1n te ontdekken, de parel van de Spaanse Baskische kust. Dankzij de ideale locatie van ons etablissement kun je gemakkelijk San Sebasti\u00e1n bezoeken en ten volle profiteren van de unieke charme. Ontdek Paramotoring in Baskenland San Sebasti\u00e1n, of Donostia in het Baskisch, [&hellip;]<\/p>\n","protected":false},"author":1,"featured_media":71352,"comment_status":"closed","ping_status":"closed","sticky":false,"template":"","format":"standard","meta":{"_acf_changed":false,"_seopress_robots_primary_cat":"none","_seopress_titles_title":"Toerisme in San Sebasti\u00e1n I Top activiteiten in San Sebasti\u00e1n","_seopress_titles_desc":"San Sebasti\u00e1n, of Donostia in het Baskisch, is een prachtige stad aan de noordkust van Spanje, in de regio Baskenland. De stad staat bekend om haar schilderachtige landschappen, uitzonderlijke gastronomie en levendige cultuur en trekt elk jaar veel bezoekers. Hier vind je een gedetailleerd overzicht van de hoogtepunten van deze fascinerende stad.  ","_seopress_robots_index":"","inline_featured_image":false,"gt_fse_maillage_image":"https:\/\/www.camping-biper-gorri.com\/wp-content\/uploads\/2025\/10\/tourisme-san-sebastian-cta.jpg","gt_fse_maillage_titre":"Saint-S\u00e9bastien","gt_fse_maillage_alt":"toerisme san sebastian","gt_fse_maillage_resume":"","footnotes":""},"categories":[58],"tags":[59],"class_list":["post-88353","post","type-post","status-publish","format-standard","has-post-thumbnail","hentry","category-plaatsen","tag-dorpsbezoeken"],"acf":[],"_links":{"self":[{"href":"https:\/\/www.camping-biper-gorri.com\/nl\/wp-json\/wp\/v2\/posts\/88353","targetHints":{"allow":["GET"]}}],"collection":[{"href":"https:\/\/www.camping-biper-gorri.com\/nl\/wp-json\/wp\/v2\/posts"}],"about":[{"href":"https:\/\/www.camping-biper-gorri.com\/nl\/wp-json\/wp\/v2\/types\/post"}],"author":[{"embeddable":true,"href":"https:\/\/www.camping-biper-gorri.com\/nl\/wp-json\/wp\/v2\/users\/1"}],"replies":[{"embeddable":true,"href":"https:\/\/www.camping-biper-gorri.com\/nl\/wp-json\/wp\/v2\/comments?post=88353"}],"version-history":[{"count":3,"href":"https:\/\/www.camping-biper-gorri.com\/nl\/wp-json\/wp\/v2\/posts\/88353\/revisions"}],"predecessor-version":[{"id":90608,"href":"https:\/\/www.camping-biper-gorri.com\/nl\/wp-json\/wp\/v2\/posts\/88353\/revisions\/90608"}],"wp:featuredmedia":[{"embeddable":true,"href":"https:\/\/www.camping-biper-gorri.com\/nl\/wp-json\/wp\/v2\/media\/71352"}],"wp:attachment":[{"href":"https:\/\/www.camping-biper-gorri.com\/nl\/wp-json\/wp\/v2\/media?parent=88353"}],"wp:term":[{"taxonomy":"category","embeddable":true,"href":"https:\/\/www.camping-biper-gorri.com\/nl\/wp-json\/wp\/v2\/categories?post=88353"},{"taxonomy":"post_tag","embeddable":true,"href":"https:\/\/www.camping-biper-gorri.com\/nl\/wp-json\/wp\/v2\/tags?post=88353"}],"curies":[{"name":"wp","href":"https:\/\/api.w.org\/{rel}","templated":true}]}}