{"id":88298,"date":"2025-10-07T09:00:18","date_gmt":"2025-10-07T09:00:18","guid":{"rendered":"https:\/\/www.camping-biper-gorri.com\/ongecategoriseerd\/visite-chateau-fort-mauleon\/"},"modified":"2025-10-31T09:29:14","modified_gmt":"2025-10-31T09:29:14","slug":"bezoek-versterkte-kasteel-mauleon","status":"publish","type":"post","link":"https:\/\/www.camping-biper-gorri.com\/nl\/plaatsen\/bezoek-versterkte-kasteel-mauleon\/","title":{"rendered":"Bezoek het versterkte kasteel van Maul\u00e9on"},"content":{"rendered":"\n<section class=\"wp-block-group alignfull gt_2-cta_007__bis article has-global-padding is-layout-constrained wp-container-core-group-is-layout-af077e47 wp-block-group-is-layout-constrained\" style=\"margin-top:0px;margin-bottom:0px;padding-top:1rem\">\n<div class=\"wp-block-group alignfull full-width is-vertical is-content-justification-center is-nowrap is-layout-flex wp-container-core-group-is-layout-810f5976 wp-block-group-is-layout-flex\" style=\"border-radius:0px;margin-top:0px;margin-right:0px;margin-bottom:0px;margin-left:0px;padding-top:0px;padding-right:0;padding-bottom:0px;padding-left:0\">\n<p class=\"has-text-align-center gt-no-padding-mobile\" style=\"padding-right:var(--wp--preset--spacing--60);padding-left:var(--wp--preset--spacing--60)\">Profiteer van uw verblijf op onze <a href=\"https:\/\/www.camping-biper-gorri.com\/nl\/\">camping in Espelette<\/a> om het <strong>majestueuze<\/strong> <a href=\"https:\/\/www.guide-du-paysbasque.com\/en\/tourism\/discover\/tourist-sites\/castles\/mauleon-licharre-29\/castle-of-mauleon-licharre-7284.html\" target=\"_blank\" rel=\"noreferrer noopener nofollow\">fort van Maul\u00e9on<\/a> te ontdekken, een echte schildwacht van het binnenland van Baskenland. Onze camping ligt op slechts een uur rijden en is het ideale vertrekpunt voor een reis die <strong>geschiedenis<\/strong> en <strong>prachtige landschappen<\/strong> combineert.<\/p>\n\n\n\n<div class=\"wp-block-columns alignwide is-layout-flex wp-container-core-columns-is-layout-93fef87a wp-block-columns-is-layout-flex\" style=\"border-radius:0px;margin-top:0px;margin-right:0px;margin-bottom:0px;margin-left:0px;padding-top:0px;padding-right:0px;padding-bottom:0px;padding-left:0px\">\n<div class=\"wp-block-column is-vertically-aligned-top two-images is-layout-flow wp-block-column-is-layout-flow\" style=\"flex-basis:55%\">\n<div class=\"wp-block-group is-content-justification-center is-nowrap is-layout-flex wp-container-core-group-is-layout-d019b8d0 wp-block-group-is-layout-flex\" style=\"margin-top:0px;margin-right:0px;margin-bottom:0px;margin-left:0px\">\n<figure class=\"wp-block-image aligncenter size-full\"><img decoding=\"async\" width=\"348\" height=\"648\" src=\"https:\/\/www.camping-biper-gorri.com\/wp-content\/uploads\/2025\/10\/visiter-le-chateau-fort-de-mauleon.jpg\" alt=\"bezoek het versterkte kasteel van mauleon\" class=\"wp-image-75832\" srcset=\"https:\/\/www.camping-biper-gorri.com\/wp-content\/uploads\/2025\/10\/visiter-le-chateau-fort-de-mauleon.jpg 348w, https:\/\/www.camping-biper-gorri.com\/wp-content\/uploads\/2025\/10\/visiter-le-chateau-fort-de-mauleon-161x300.jpg 161w\" sizes=\"(max-width: 348px) 100vw, 348px\" \/><\/figure>\n<\/div>\n<\/div>\n\n\n\n<div class=\"wp-block-column is-vertically-aligned-center is-layout-flow wp-block-column-is-layout-flow\" style=\"flex-basis:45%\">\n<div class=\"wp-block-group has-global-padding is-content-justification-left is-layout-constrained wp-container-core-group-is-layout-1c1e5e78 wp-block-group-is-layout-constrained\" style=\"margin-top:0px;margin-right:0px;margin-bottom:0px;margin-left:0px\">\n<h2 class=\"wp-block-heading\"><strong>Ontdek het kasteel<\/strong> tijdens uw verblijf op de camping<\/h2>\n\n\n\n<p>Het Ch\u00e2teau Fort de Maul\u00e9on, gelegen in de charmante gemeente <a href=\"https:\/\/www.mauleon-licharre.fr\/\" target=\"_blank\" rel=\"noreferrer noopener nofollow\">Maul\u00e9on-Licharre<\/a>, is een emblematische getuigenis van <strong>de middeleeuwse geschiedenis van deregio<\/strong>. Dit kasteel, gebouwd in de 11e eeuw, domineert de Luy-vallei en biedt een ononderbroken uitzicht op het omliggende platteland. Met zijn imposante muren en torens nodigt het bezoekers uit om <strong>in het verleden te duiken<\/strong> en de <strong>vele legendes<\/strong> te ontdekken.<\/p>\n\n\n    <div id=\"gt-fse-lire-plus-69f48498e4cbc\" class=\"gt-fse-lire-plus\" data-min-height=\"130\" style=\"background-color: #f9f9f9;\">\n        <input id=\"gt-fse-lire-plus-69f48498e4cbc-toggle\" type=\"checkbox\" class=\"gt-fse-lire-plus__toggle\" \/>\n        <label for=\"gt-fse-lire-plus-69f48498e4cbc-toggle\" class=\"gt-fse-lire-plus__toggle-label\">\n            <span>Meer lezen<\/span>\n            <span>Minder lezen<\/span>\n        <\/label>\n        <div class=\"gt-fse-lire-plus__content\" style=\"height: 130px;\">\n            \n\n<p>Wandelend door de vestingmuren, torens en binnenplaatsen worden bezoekers ondergedompeld in de sfeer van de hoogtijdagen van het feodalisme. Het is <g id=\"gid_0\">een plek met een rijke geschiedenis<\/g>, een militair bolwerk, een gevangenis en nu een erfgoed dat toegankelijk is voor bezoekers. Langs de route staan talloze informatiepanelen die het verhaal vertellen van de belangrijkste fasen in de geschiedenis.  <\/p>\n\n\n\n<p>Vanaf de top van de vestingmuren is het <strong>360\u00b0 panorama over Soule<\/strong> en de omliggende bergen spectaculair. Op een heldere dag zie je de toppen van de Pyrenee\u00ebn, die een opvallende achtergrond vormen. <\/p>\n\n\n\n<p>Het kasteel biedt <strong>rondleidingen met of zonder gids<\/strong>, met openingstijden die zijn aangepast aan elk seizoen. Het hele jaar door vinden er talloze <strong>culturele en middeleeuwse evenementen<\/strong> plaats, tot groot genoegen van jong en oud. <\/p>\n\n            <div class=\"gt-fse-lire-plus__gradient\" style=\"background: linear-gradient(to bottom,rgba(249,249,249,0) 0%,rgba(249,249,249,1) 100%);\"><\/div>\n        <\/div>\n    <\/div>\n    <\/div>\n<\/div>\n<\/div>\n\n\n\n<div class=\"wp-block-columns is-layout-flex wp-container-core-columns-is-layout-28f84493 wp-block-columns-is-layout-flex\">\n<div class=\"wp-block-column is-layout-flow wp-block-column-is-layout-flow\">\n<div class=\"wp-block-group has-custom-ver-eau-clair-background-color has-background has-global-padding is-layout-constrained wp-container-core-group-is-layout-9597dc02 wp-block-group-is-layout-constrained\" style=\"border-radius:15px;padding-top:var(--wp--preset--spacing--10);padding-right:var(--wp--preset--spacing--10);padding-bottom:var(--wp--preset--spacing--10);padding-left:var(--wp--preset--spacing--10)\">\n<p class=\"has-text-align-center has-custom-vert-fonce-color has-text-color has-link-color wp-elements-31db3618a15ef01d6504d6ebf90a9fed\" style=\"font-size:clamp(0.984rem, 0.984rem + ((1vw - 0.2rem) * 0.86), 1.5rem);font-style:normal;font-weight:500;text-transform:uppercase\">Openingstijden<\/p>\n\n\n\n<ul class=\"wp-block-list\">\n<li><strong>Van 1\u1d49\u02b3 april tot 30 september<\/strong>: dagelijks geopend van 10.00 tot 12.00 uur en van 14.00 tot 18.00 uur.<\/li>\n\n\n\n<li><strong>Van 1\u1d49\u02b3 oktober tot 31 maart<\/strong>: open in het weekend en tijdens schoolvakanties, van 14.00 tot 17.00 uur.<\/li>\n<\/ul>\n<\/div>\n<\/div>\n\n\n\n<div class=\"wp-block-column middle is-layout-flow wp-block-column-is-layout-flow\" style=\"border-right-style:none;border-right-width:0px;border-left-style:none;border-left-width:0px;padding-right:var(--wp--preset--spacing--10);padding-left:var(--wp--preset--spacing--10)\">\n<div class=\"wp-block-group has-custom-ver-eau-clair-background-color has-background has-global-padding is-layout-constrained wp-container-core-group-is-layout-9597dc02 wp-block-group-is-layout-constrained\" style=\"border-radius:15px;padding-top:var(--wp--preset--spacing--10);padding-right:var(--wp--preset--spacing--10);padding-bottom:var(--wp--preset--spacing--10);padding-left:var(--wp--preset--spacing--10)\">\n<p class=\"has-text-align-center has-custom-vert-fonce-color has-text-color has-link-color wp-elements-806441209482492827b56c53011631ee\" style=\"font-size:clamp(0.984rem, 0.984rem + ((1vw - 0.2rem) * 0.86), 1.5rem);font-style:normal;font-weight:500;text-transform:uppercase\">Tarieven<\/p>\n\n\n\n<ul class=\"wp-block-list\">\n<li><strong>Volwassenen<\/strong>: \u20ac5<\/li>\n\n\n\n<li><strong>Kinderen (onder 12)<\/strong>: gratis<\/li>\n\n\n\n<li><strong>Gereduceerd tarief<\/strong>: 3 voor jongeren van 12 tot 18 jaar, studenten en mensen met een handicap.<\/li>\n<\/ul>\n<\/div>\n<\/div>\n<\/div>\n\n\n\n<p class=\"has-text-align-center has-custom-vert-fonce-color has-text-color has-link-color wp-elements-74c0901c57ae6d9e96928e925ef77252\" style=\"margin-bottom:-35px;font-size:clamp(0.984rem, 0.984rem + ((1vw - 0.2rem) * 0.86), 1.5rem);font-style:normal;font-weight:500;text-transform:uppercase\">Toegankelijkheid<\/p>\n\n\n\n<p class=\"has-text-align-center gt-no-padding-mobile\" style=\"padding-right:var(--wp--preset--spacing--60);padding-left:var(--wp--preset--spacing--60)\">Het Ch\u00e2teau Fort de Maul\u00e9on streeft ernaar toegankelijk te zijn voor <strong>mensen met beperkte mobiliteit<\/strong>. Sommige delen van de site kunnen moeilijk toegankelijk zijn vanwege de middeleeuwse architectuur, maar er zijn inspanningen gedaan om bezoekers tegemoet te komen. Het is raadzaam om van tevoren contact op te nemen met het kasteel voor <g id=\"gid_1\">precieze informatie<\/g> over de toegankelijkheid van de verschillende delen. Een bezoek aan het versterkte kasteel van Maul\u00e9on is een ontdekking van een <strong>schat aan Baskisch erfgoed<\/strong> in een <strong>uitzonderlijke natuurlijke omgeving<\/strong>.   <\/p>\n\n\n\n<figure class=\"wp-block-image size-full is-resized\" style=\"margin-top:0px;margin-right:0px;margin-bottom:0px;margin-left:0px\"><img decoding=\"async\" width=\"464\" height=\"221\" src=\"https:\/\/www.camping-biper-gorri.com\/wp-content\/uploads\/2025\/08\/soleil.png\" alt=\"pager gorri\" class=\"wp-image-188\" style=\"width:463.0675354003906px\" srcset=\"https:\/\/www.camping-biper-gorri.com\/wp-content\/uploads\/2025\/08\/soleil.png 464w, https:\/\/www.camping-biper-gorri.com\/wp-content\/uploads\/2025\/08\/soleil-300x143.png 300w\" sizes=\"(max-width: 464px) 100vw, 464px\" \/><\/figure>\n<\/div>\n<\/section>\n\n<section class=\"wp-block-group alignfull gt_1-cta-1photo_003 article is-layout-flow wp-block-group-is-layout-flow\" style=\"margin-top:0px;margin-bottom:0px;padding-bottom:153px\">\n<div class=\"wp-block-group has-global-padding is-layout-constrained wp-container-core-group-is-layout-c3c54179 wp-block-group-is-layout-constrained\" style=\"padding-bottom:101px\">\n<div class=\"wp-block-cover aligncenter has-custom-content-position is-position-bottom-center animated fadeIn\" style=\"min-height:70vh;aspect-ratio:unset;\"><img decoding=\"async\" width=\"1024\" height=\"436\" class=\"wp-block-cover__image-background wp-image-75837 size-large\" alt=\"comment bien preparer son depart depuis le camping pour le chateau fort de mauleon\" src=\"https:\/\/www.camping-biper-gorri.com\/wp-content\/uploads\/2025\/10\/comment-bien-preparer-son-depart-depuis-le-camping-pour-le-chateau-fort-de-mauleon-1024x436.jpg\" data-object-fit=\"cover\" srcset=\"https:\/\/www.camping-biper-gorri.com\/wp-content\/uploads\/2025\/10\/comment-bien-preparer-son-depart-depuis-le-camping-pour-le-chateau-fort-de-mauleon-1024x436.jpg 1024w, https:\/\/www.camping-biper-gorri.com\/wp-content\/uploads\/2025\/10\/comment-bien-preparer-son-depart-depuis-le-camping-pour-le-chateau-fort-de-mauleon-300x128.jpg 300w, https:\/\/www.camping-biper-gorri.com\/wp-content\/uploads\/2025\/10\/comment-bien-preparer-son-depart-depuis-le-camping-pour-le-chateau-fort-de-mauleon-768x327.jpg 768w, https:\/\/www.camping-biper-gorri.com\/wp-content\/uploads\/2025\/10\/comment-bien-preparer-son-depart-depuis-le-camping-pour-le-chateau-fort-de-mauleon.jpg 1500w\" sizes=\"(max-width: 1024px) 100vw, 1024px\" \/><span aria-hidden=\"true\" class=\"wp-block-cover__background has-contrast-background-color has-background-dim-10 has-background-dim\"><\/span><div class=\"wp-block-cover__inner-container is-layout-flow wp-block-cover-is-layout-flow\">\n<div class=\"wp-block-group titre-deco is-vertical is-content-justification-center is-layout-flex wp-container-core-group-is-layout-ab6239d0 wp-block-group-is-layout-flex\" style=\"margin-bottom:0px\">\n<p class=\"has-text-align-center has-base-2-color has-text-color has-link-color has-olive-citrus-font-family wp-elements-ec31441b938d92c21c53a018513bc25a\" style=\"font-size:clamp(3.615rem, 3.615rem + ((1vw - 0.2rem) * 6.475), 7.5rem);line-height:0.4\">Bereid voor<\/p>\n\n\n\n<p class=\"has-text-align-center has-base-2-color has-text-color has-link-color has-boho-monoline-font-family wp-elements-1d3bba05678610dab014e1e42f371f58\" style=\"font-size:clamp(3.521rem, 3.521rem + ((1vw - 0.2rem) * 6.215), 7.25rem);line-height:0.86\">zijn excursie<\/p>\n<\/div>\n<\/div><\/div>\n<\/div>\n\n\n\n<div class=\"wp-block-group alignfull full-width has-global-padding is-layout-constrained wp-container-core-group-is-layout-8c8c9b81 wp-block-group-is-layout-constrained\" style=\"border-radius:0px;margin-top:0px;margin-right:0px;margin-bottom:0px;margin-left:0px;padding-top:0px;padding-right:var(--wp--preset--spacing--50);padding-bottom:0px;padding-left:var(--wp--preset--spacing--50)\">\n<h2 class=\"wp-block-heading has-text-align-center full-width has-text-color\" style=\"color:rgba(255,255,255,1)\"><strong>Hoe bereidt u uw vertrek voor <br\/>vanaf de camping naar het versterkte kasteel van Maul\u00e9on?<\/strong><\/h2>\n\n\n\n<div style=\"height:2rem\" aria-hidden=\"true\" class=\"wp-block-spacer gt-show-mobile\"><\/div>\n\n\n\n<p class=\"has-base-2-color has-text-color has-link-color wp-elements-bd4b4ecb2f2fd759a2de02df7c10fa42\">Vanaf onze camping in de buurt van het versterkte kasteel van Maul\u00e9on hebben we een aantal praktische tips voor je om je bezoek te organiseren:<\/p>\n\n\n\n<ul style=\"padding-left:var(--wp--preset--spacing--30)\" class=\"wp-block-list has-base-2-color has-text-color has-link-color wp-elements-052f03df0166f7a77eb23ed5be14d4df\">\n<li><strong>toegangskaartjes<\/strong>: vergeet niet de openingstijden te controleren en koop je kaartjes van tevoren om wachtrijen te voorkomen<\/li>\n\n\n\n<li><strong>gepaste kleding<\/strong>: kleed je comfortabel en draag wandelschoenen, want je zult een verscheidenheid aan terrein verkennen<\/li>\n\n\n\n<li><strong>Bescherming tegen de zon<\/strong>: vergeet niet om zonnecr\u00e8me, een hoed en een zonnebril mee te nemen om jezelf te beschermen tijdens je buitenbezoek.<\/li>\n\n\n\n<li><strong>hydratatie en snacks<\/strong>: neem een fles water en een paar snacks mee om de hele dag in vorm te blijven<\/li>\n\n\n\n<li><strong>Camera<\/strong>: vergeet je camera niet om het prachtige uitzicht vanaf het kasteel vast te leggen en je ervaring te vereeuwigen.<\/li>\n<\/ul>\n\n\n\n<p class=\"has-base-2-color has-text-color has-link-color wp-elements-5fa047f4ca6de819246716041628fa4b\">Het versterkte kasteel van Maul\u00e9on nodigt je uit voor een <strong>reis terug in de tijd<\/strong>, tussen het middeleeuwse erfgoed en de majestueuze landschappen van het binnenland van Baskenland.<\/p>\n<\/div>\n<\/section>\n","protected":false},"excerpt":{"rendered":"<p>Profiteer van uw verblijf op onze camping in Espelette om het majestueuze fort van Maul\u00e9on te ontdekken, een echte schildwacht van het binnenland van Baskenland. Onze camping ligt op slechts een uur rijden en is het ideale vertrekpunt voor een reis die geschiedenis en prachtige landschappen combineert. Ontdek het kasteel tijdens uw verblijf op de [&hellip;]<\/p>\n","protected":false},"author":1,"featured_media":75822,"comment_status":"closed","ping_status":"closed","sticky":false,"template":"","format":"standard","meta":{"_acf_changed":false,"_seopress_robots_primary_cat":"none","_seopress_titles_title":"Bezoek aan het versterkte kasteel van Maul\u00e9on in Baskenland: praktische informatie","_seopress_titles_desc":"Het Ch\u00e2teau Fort de Maul\u00e9on, gelegen in de charmante gemeente Maul\u00e9on-Licharre, is een emblematische getuigenis van de middeleeuwse geschiedenis van de regio.","_seopress_robots_index":"","inline_featured_image":false,"gt_fse_maillage_image":"https:\/\/www.camping-biper-gorri.com\/wp-content\/uploads\/2025\/10\/visite-chateau-fort-mauleon-cta.jpg","gt_fse_maillage_titre":"Maul\u00e9on versterkt kasteel","gt_fse_maillage_alt":"bezoek aan kasteel fort mauleon","gt_fse_maillage_resume":"","footnotes":""},"categories":[58],"tags":[75],"class_list":["post-88298","post","type-post","status-publish","format-standard","has-post-thumbnail","hentry","category-plaatsen","tag-kasteel"],"acf":[],"_links":{"self":[{"href":"https:\/\/www.camping-biper-gorri.com\/nl\/wp-json\/wp\/v2\/posts\/88298","targetHints":{"allow":["GET"]}}],"collection":[{"href":"https:\/\/www.camping-biper-gorri.com\/nl\/wp-json\/wp\/v2\/posts"}],"about":[{"href":"https:\/\/www.camping-biper-gorri.com\/nl\/wp-json\/wp\/v2\/types\/post"}],"author":[{"embeddable":true,"href":"https:\/\/www.camping-biper-gorri.com\/nl\/wp-json\/wp\/v2\/users\/1"}],"replies":[{"embeddable":true,"href":"https:\/\/www.camping-biper-gorri.com\/nl\/wp-json\/wp\/v2\/comments?post=88298"}],"version-history":[{"count":3,"href":"https:\/\/www.camping-biper-gorri.com\/nl\/wp-json\/wp\/v2\/posts\/88298\/revisions"}],"predecessor-version":[{"id":90657,"href":"https:\/\/www.camping-biper-gorri.com\/nl\/wp-json\/wp\/v2\/posts\/88298\/revisions\/90657"}],"wp:featuredmedia":[{"embeddable":true,"href":"https:\/\/www.camping-biper-gorri.com\/nl\/wp-json\/wp\/v2\/media\/75822"}],"wp:attachment":[{"href":"https:\/\/www.camping-biper-gorri.com\/nl\/wp-json\/wp\/v2\/media?parent=88298"}],"wp:term":[{"taxonomy":"category","embeddable":true,"href":"https:\/\/www.camping-biper-gorri.com\/nl\/wp-json\/wp\/v2\/categories?post=88298"},{"taxonomy":"post_tag","embeddable":true,"href":"https:\/\/www.camping-biper-gorri.com\/nl\/wp-json\/wp\/v2\/tags?post=88298"}],"curies":[{"name":"wp","href":"https:\/\/api.w.org\/{rel}","templated":true}]}}