{"id":88280,"date":"2025-10-07T08:46:36","date_gmt":"2025-10-07T08:46:36","guid":{"rendered":"https:\/\/www.camping-biper-gorri.com\/ongecategoriseerd\/visite-chateau-enigmes-laas\/"},"modified":"2025-10-31T09:26:59","modified_gmt":"2025-10-31T09:26:59","slug":"bezoek-kasteel-raadsels-laas","status":"publish","type":"post","link":"https:\/\/www.camping-biper-gorri.com\/nl\/plaatsen\/bezoek-kasteel-raadsels-laas\/","title":{"rendered":"Bezoek het kasteel van La\u00e0s: middeleeuwse architectuur en een kasteel vol raadsels"},"content":{"rendered":"\n<section class=\"wp-block-group alignfull gt_2-cta_007__bis article has-global-padding is-layout-constrained wp-container-core-group-is-layout-8f482fdf wp-block-group-is-layout-constrained\" style=\"margin-top:0px;margin-bottom:0px;padding-top:var(--wp--preset--spacing--10)\">\n<div class=\"wp-block-group alignfull full-width is-vertical is-content-justification-center is-nowrap is-layout-flex wp-container-core-group-is-layout-810f5976 wp-block-group-is-layout-flex\" style=\"border-radius:0px;margin-top:0px;margin-right:0px;margin-bottom:0px;margin-left:0px;padding-top:0px;padding-right:0;padding-bottom:0px;padding-left:0\">\n<p class=\"has-text-align-center\">Neem vanaf onze <a href=\"https:\/\/www.camping-biper-gorri.com\/nl\/\">camping in Espelette<\/a> een <strong>culturele pauze<\/strong> en ontdek het <a href=\"https:\/\/www.chateau-enigmes.com\/en\/pyrenees-atlantiques\" target=\"_blank\" rel=\"noreferrer noopener nofollow\">Ch\u00e2teau de La\u00e0s<\/a>, een echte parel aan de kroon van B\u00e9arn. Op ongeveer een uur rijden is het Ch\u00e2teau de La\u00e0s het ideale vertrekpunt voor deze <strong>niet te missen tocht door het erfgoed van<\/strong> de Pyrenee\u00ebn-Atlantiques.<\/p>\n\n\n\n<div class=\"wp-block-columns alignwide is-layout-flex wp-container-core-columns-is-layout-93fef87a wp-block-columns-is-layout-flex\" style=\"border-radius:0px;margin-top:0px;margin-right:0px;margin-bottom:0px;margin-left:0px;padding-top:0px;padding-right:0px;padding-bottom:0px;padding-left:0px\">\n<div class=\"wp-block-column is-vertically-aligned-top two-images is-layout-flow wp-block-column-is-layout-flow\" style=\"flex-basis:55%\">\n<div class=\"wp-block-group is-content-justification-center is-nowrap is-layout-flex wp-container-core-group-is-layout-d019b8d0 wp-block-group-is-layout-flex\" style=\"margin-top:0px;margin-right:0px;margin-bottom:0px;margin-left:0px\">\n<figure class=\"wp-block-image aligncenter size-full is-resized\"><img decoding=\"async\" width=\"967\" height=\"655\" src=\"https:\/\/www.camping-biper-gorri.com\/wp-content\/uploads\/2025\/10\/visiter-le-chateau-de-laas.jpg\" alt=\"bezoek het kasteel van laas\" class=\"wp-image-73694\" style=\"width:762px;height:auto\" srcset=\"https:\/\/www.camping-biper-gorri.com\/wp-content\/uploads\/2025\/10\/visiter-le-chateau-de-laas.jpg 967w, https:\/\/www.camping-biper-gorri.com\/wp-content\/uploads\/2025\/10\/visiter-le-chateau-de-laas-300x203.jpg 300w, https:\/\/www.camping-biper-gorri.com\/wp-content\/uploads\/2025\/10\/visiter-le-chateau-de-laas-768x520.jpg 768w\" sizes=\"(max-width: 967px) 100vw, 967px\" \/><figcaption class=\"wp-element-caption\">Bron : <a href=\"https:\/\/commons.wikimedia.org\/wiki\/File:Le_Ch%C3%A2teau_de_La%C3%A0s.jpg\" target=\"_blank\" rel=\"noreferrer noopener nofollow\">https:\/\/commons.wikimedia.org\/wiki\/File:Le_Ch%C3%A2teau_de_La%C3%A0s.jpg<\/a> \/ Auteur : <a href=\"https:\/\/commons.wikimedia.org\/w\/index.php?title=User:Office_de_tourisme_64520&amp;action=edit&amp;redlink=1\" target=\"_blank\" rel=\"noreferrer noopener nofollow\"><\/a><a href=\"https:\/\/commons.wikimedia.org\/w\/index.php?title=User:Office_de_tourisme_du_b%C3%A9arn_des_gaves&amp;action=edit&amp;redlink=1\" target=\"_blank\" rel=\"noreferrer noopener nofollow\">Office de tourisme du b\u00e9arn des gaves<\/a><\/figcaption><\/figure>\n<\/div>\n<\/div>\n\n\n\n<div class=\"wp-block-column is-vertically-aligned-center is-layout-flow wp-block-column-is-layout-flow\" style=\"flex-basis:45%\">\n<div class=\"wp-block-group has-global-padding is-content-justification-left is-layout-constrained wp-container-core-group-is-layout-1c1e5e78 wp-block-group-is-layout-constrained\" style=\"margin-top:0px;margin-right:0px;margin-bottom:0px;margin-left:0px\">\n<h2 class=\"wp-block-heading\"><strong>Ontdek het Ch\u00e2teau de La\u00e0s<\/strong> tijdens uw verblijf op de camping<\/h2>\n\n\n\n<p>Ch\u00e2teau de La\u00e0s, in de regio Pyr\u00e9n\u00e9es-Atlantiques, is een ware schatkamer van <strong>Franse middeleeuwse architectuur<\/strong>. Het werd in de <g id=\"gid_1\">12e<\/g> eeuw gebouwd door de burggraven van B\u00e9arn en werd gebruikt om de regio te verdedigen en strategische routes te controleren. De ligging boven de vallei van de Gave de Pau biedt een <strong>onovertroffen uitzicht over<\/strong> de omgeving.  <\/p>\n\n\n\n<p>Het kasteel heeft door de eeuwen heen verschillende transformaties ondergaan. In de <sup>15e<\/sup> eeuw werd het vergroot en verfraaid in <strong>renaissancestijl<\/strong>, waarbij de slanke torens en dikke muren getuigen van een zowel roerige als welvarende periode. <a href=\"https:\/\/www.tourisme-bearn-gaves.com\/en\/discover\/culture-and-heritage\/laas-more-than-a-town\/\" target=\"_blank\" rel=\"noreferrer noopener nofollow\">La\u00e0s<\/a> is getuige geweest van vele veldslagen en heeft onderdak geboden aan enkele van <strong>de belangrijkste figuren uit de geschiedenis<\/strong>, waardoor het zijn strategische rol heeft geconsolideerd. <\/p>\n\n\n\n<p>Ch\u00e2teau de Laas staat op de lijst van historische monumenten en is nu een populaire toeristische attractie. Bezoekers kunnen de <strong>rijk versierde kamers<\/strong>, <strong>formele tuinen<\/strong> en <strong>vestingmuren<\/strong> verkennen. Naast het rijke erfgoed biedt de site ook een originele ervaring dankzij <g id=\"gid_3\">het Ch\u00e2teau des \u00c9nigmes<\/g>, een ludiek parcours dat geschiedenis en schatzoeken combineert, perfect voor een familiebezoek. Er worden regelmatig culturele evenementen en tentoonstellingen georganiseerd, waardoor de site een <strong>levendige en dynamische plek<\/strong> wordt, terwijl de herinnering aan het glorieuze verleden bewaard blijft.   <\/p>\n<\/div>\n<\/div>\n<\/div>\n\n\n\n<h2 class=\"wp-block-heading\"><strong>Praktische informatie<\/strong><\/h2>\n\n\n\n<div class=\"wp-block-columns is-layout-flex wp-container-core-columns-is-layout-28f84493 wp-block-columns-is-layout-flex\">\n<div class=\"wp-block-column is-layout-flow wp-block-column-is-layout-flow\">\n<div class=\"wp-block-group has-custom-ver-eau-clair-background-color has-background has-global-padding is-layout-constrained wp-container-core-group-is-layout-9597dc02 wp-block-group-is-layout-constrained\" style=\"border-radius:15px;padding-top:var(--wp--preset--spacing--10);padding-right:var(--wp--preset--spacing--10);padding-bottom:var(--wp--preset--spacing--10);padding-left:var(--wp--preset--spacing--10)\">\n<p class=\"has-text-align-center has-custom-vert-fonce-color has-text-color has-link-color wp-elements-7a062adbfc0541b6fbc86bbf5dac5de0\" style=\"font-size:clamp(0.984rem, 0.984rem + ((1vw - 0.2rem) * 0.86), 1.5rem);font-style:normal;font-weight:500;text-transform:uppercase\">Dienstregeling<\/p>\n\n\n\n<ul class=\"wp-block-list\">\n<li>Hoogseizoen: 10.00 tot 18.00 uur<\/li>\n\n\n\n<li>Laagseizoen: kortere openingstijden, sommige dagen gesloten (zie de offici\u00eble website voor meer informatie)<\/li>\n<\/ul>\n<\/div>\n<\/div>\n\n\n\n<div class=\"wp-block-column middle is-layout-flow wp-block-column-is-layout-flow\" style=\"border-right-style:none;border-right-width:0px;border-left-style:none;border-left-width:0px;padding-right:var(--wp--preset--spacing--10);padding-left:var(--wp--preset--spacing--10)\">\n<div class=\"wp-block-group has-custom-ver-eau-clair-background-color has-background has-global-padding is-layout-constrained wp-container-core-group-is-layout-9597dc02 wp-block-group-is-layout-constrained\" style=\"border-radius:15px;padding-top:var(--wp--preset--spacing--10);padding-right:var(--wp--preset--spacing--10);padding-bottom:var(--wp--preset--spacing--10);padding-left:var(--wp--preset--spacing--10)\">\n<p class=\"has-text-align-center has-custom-vert-fonce-color has-text-color has-link-color wp-elements-1a475239ba2f95591c0d263f5c115291\" style=\"font-size:clamp(0.984rem, 0.984rem + ((1vw - 0.2rem) * 0.86), 1.5rem);font-style:normal;font-weight:500;text-transform:uppercase\">VisiTE opties<\/p>\n\n\n\n<ul class=\"wp-block-list\">\n<li>Vrij om in je eigen tempo te verkennen.<\/li>\n\n\n\n<li>Rondleidingen met gedetailleerde uitleg.<\/li>\n\n\n\n<li>Thematours door de tuinen of middeleeuwse geschiedenis.<\/li>\n<\/ul>\n<\/div>\n<\/div>\n\n\n\n<div class=\"wp-block-column is-layout-flow wp-block-column-is-layout-flow\">\n<div class=\"wp-block-group has-custom-ver-eau-clair-background-color has-background has-global-padding is-layout-constrained wp-container-core-group-is-layout-9597dc02 wp-block-group-is-layout-constrained\" style=\"border-radius:15px;padding-top:var(--wp--preset--spacing--10);padding-right:var(--wp--preset--spacing--10);padding-bottom:var(--wp--preset--spacing--10);padding-left:var(--wp--preset--spacing--10)\">\n<p class=\"has-text-align-center has-custom-vert-fonce-color has-text-color has-link-color wp-elements-806441209482492827b56c53011631ee\" style=\"font-size:clamp(0.984rem, 0.984rem + ((1vw - 0.2rem) * 0.86), 1.5rem);font-style:normal;font-weight:500;text-transform:uppercase\">Tarieven<\/p>\n\n\n\n<ul class=\"wp-block-list\">\n<li><strong>Volwassenen (ouder dan 12)<\/strong>: \u20ac17<\/li>\n\n\n\n<li><strong>Kinderen (van 4 tot 12 jaar)<\/strong>: \u20ac14 (ter plaatse) \/ \u20ac12 (online)<\/li>\n\n\n\n<li><strong>Peuters (onder 4)<\/strong>: gratis<\/li>\n<\/ul>\n<\/div>\n<\/div>\n<\/div>\n\n\n\n<p class=\"has-text-align-center gt-no-padding-mobile\" style=\"margin-top:0;margin-right:var(--wp--preset--spacing--60);margin-left:var(--wp--preset--spacing--60)\">Er is een <strong>parkeerplaats<\/strong> in de buurt om je aankomst te vergemakkelijken. De camping is ook gedeeltelijk toegankelijk voor <g id=\"gid_1\">personen met beperkte mobiliteit (PBM)<\/g>. Neem voor meer informatie over toegankelijkheid contact op met de receptie.  <\/p>\n\n\n\n<figure class=\"wp-block-image size-full is-resized\" style=\"margin-top:0px;margin-right:0px;margin-bottom:0px;margin-left:0px\"><img decoding=\"async\" width=\"464\" height=\"221\" src=\"https:\/\/www.camping-biper-gorri.com\/wp-content\/uploads\/2025\/08\/soleil.png\" alt=\"pager gorri\" class=\"wp-image-188\" style=\"width:463.0675354003906px\" srcset=\"https:\/\/www.camping-biper-gorri.com\/wp-content\/uploads\/2025\/08\/soleil.png 464w, https:\/\/www.camping-biper-gorri.com\/wp-content\/uploads\/2025\/08\/soleil-300x143.png 300w\" sizes=\"(max-width: 464px) 100vw, 464px\" \/><\/figure>\n<\/div>\n<\/section>\n\n<section class=\"wp-block-group alignfull gt_1-cta-1photo_003 article is-layout-flow wp-block-group-is-layout-flow\" style=\"margin-top:0px;margin-bottom:0px;padding-bottom:153px\">\n<div class=\"wp-block-group has-global-padding is-layout-constrained wp-container-core-group-is-layout-c3c54179 wp-block-group-is-layout-constrained\" style=\"padding-bottom:101px\">\n<div class=\"wp-block-cover aligncenter has-custom-content-position is-position-bottom-center animated fadeIn\" style=\"min-height:70vh;aspect-ratio:unset;\"><img decoding=\"async\" width=\"1024\" height=\"436\" class=\"wp-block-cover__image-background wp-image-73699 size-large\" alt=\"comment bien preparer son depart depuis le camping pour le chateau de laas\" src=\"https:\/\/www.camping-biper-gorri.com\/wp-content\/uploads\/2025\/10\/comment-bien-preparer-son-depart-depuis-le-camping-pour-le-chateau-de-laas-1024x436.jpg\" data-object-fit=\"cover\" srcset=\"https:\/\/www.camping-biper-gorri.com\/wp-content\/uploads\/2025\/10\/comment-bien-preparer-son-depart-depuis-le-camping-pour-le-chateau-de-laas-1024x436.jpg 1024w, https:\/\/www.camping-biper-gorri.com\/wp-content\/uploads\/2025\/10\/comment-bien-preparer-son-depart-depuis-le-camping-pour-le-chateau-de-laas-300x128.jpg 300w, https:\/\/www.camping-biper-gorri.com\/wp-content\/uploads\/2025\/10\/comment-bien-preparer-son-depart-depuis-le-camping-pour-le-chateau-de-laas-768x327.jpg 768w, https:\/\/www.camping-biper-gorri.com\/wp-content\/uploads\/2025\/10\/comment-bien-preparer-son-depart-depuis-le-camping-pour-le-chateau-de-laas.jpg 1500w\" sizes=\"(max-width: 1024px) 100vw, 1024px\" \/><span aria-hidden=\"true\" class=\"wp-block-cover__background has-contrast-background-color has-background-dim-10 has-background-dim\"><\/span><div class=\"wp-block-cover__inner-container is-layout-flow wp-block-cover-is-layout-flow\">\n<div class=\"wp-block-group titre-deco is-vertical is-content-justification-center is-layout-flex wp-container-core-group-is-layout-ab6239d0 wp-block-group-is-layout-flex\" style=\"margin-bottom:0px\">\n<p class=\"has-text-align-center has-base-2-color has-text-color has-link-color has-olive-citrus-font-family wp-elements-ec31441b938d92c21c53a018513bc25a\" style=\"font-size:clamp(3.615rem, 3.615rem + ((1vw - 0.2rem) * 6.475), 7.5rem);line-height:0.4\">Bereid voor<\/p>\n\n\n\n<p class=\"has-text-align-center has-base-2-color has-text-color has-link-color has-boho-monoline-font-family wp-elements-1d3bba05678610dab014e1e42f371f58\" style=\"font-size:clamp(3.521rem, 3.521rem + ((1vw - 0.2rem) * 6.215), 7.25rem);line-height:0.86\">zijn excursie<\/p>\n<\/div>\n<\/div><\/div>\n<\/div>\n\n\n\n<div class=\"wp-block-group alignfull full-width has-global-padding is-layout-constrained wp-container-core-group-is-layout-8c8c9b81 wp-block-group-is-layout-constrained\" style=\"border-radius:0px;margin-top:0px;margin-right:0px;margin-bottom:0px;margin-left:0px;padding-top:0px;padding-right:var(--wp--preset--spacing--50);padding-bottom:0px;padding-left:var(--wp--preset--spacing--50)\">\n<h2 class=\"wp-block-heading has-text-align-center full-width has-text-color\" style=\"color:rgba(255,255,255,1)\"><strong>Hoe kun je je voorbereiden op je vertrek <br\/>vanaf de camping naar Ch\u00e2teau de La\u00e0s?<\/strong><\/h2>\n\n\n\n<div style=\"height:2rem\" aria-hidden=\"true\" class=\"wp-block-spacer gt-show-mobile\"><\/div>\n\n\n\n<p class=\"has-base-2-color has-text-color has-link-color wp-elements-f8b5d03f6b64510bf40cdcf2b6b284cb\">Voor een geslaagd bezoek aan onze camping in de buurt van Ch\u00e2teau de La\u00e0s, volgen hier enkele <strong>praktische tips<\/strong>:<\/p>\n\n\n\n<ol style=\"padding-left:var(--wp--preset--spacing--30)\" class=\"wp-block-list has-base-2-color has-text-color has-link-color wp-elements-3f956344f12ca63edec6a266632dfa9b\">\n<li>Vergeet niet om voor je bezoek de <strong>openingstijden<\/strong> van Ch\u00e2teau de La\u00e0s te controleren, want die kunnen per seizoen verschillen.<\/li>\n\n\n\n<li>Vergeet niet om <strong>comfortabele schoenen<\/strong> te dragen, want je zult stenen paden en trappen verkennen.<\/li>\n\n\n\n<li>Pak een <strong>picknicklunch<\/strong> in en geniet ervan in de kasteeltuinen, die een prachtig uitzicht op het omliggende platteland bieden.<\/li>\n\n\n\n<li>Vraag naar onze <strong>rondleidingen<\/strong> voor gedetailleerde uitleg over de geschiedenis en architectuur van het kasteel.<\/li>\n\n\n\n<li>Aarzel niet om je <strong>camera<\/strong> mee te nemen om de schoonheid van dit historische gebouw en het omringende landschap vast te leggen!<\/li>\n<\/ol>\n\n\n\n<p class=\"has-base-2-color has-text-color has-link-color wp-elements-711b48c364ad4fcce6cfa5c3c8cd3de0\">Ch\u00e2teau de La\u00e0s belooft u een ontdekkingstocht tussen <strong>historisch erfgoed<\/strong> en <strong>natuur<\/strong>, ideaal om uw verblijf in Frans Baskenland te verrijken.<\/p>\n<\/div>\n<\/section>\n","protected":false},"excerpt":{"rendered":"<p>Neem vanaf onze camping in Espelette een culturele pauze en ontdek het Ch\u00e2teau de La\u00e0s, een echte parel aan de kroon van B\u00e9arn. Op ongeveer een uur rijden is het Ch\u00e2teau de La\u00e0s het ideale vertrekpunt voor deze niet te missen tocht door het erfgoed van de Pyrenee\u00ebn-Atlantiques. Ontdek het Ch\u00e2teau de La\u00e0s tijdens uw [&hellip;]<\/p>\n","protected":false},"author":1,"featured_media":73685,"comment_status":"closed","ping_status":"closed","sticky":false,"template":"","format":"standard","meta":{"_acf_changed":false,"_seopress_robots_primary_cat":"none","_seopress_titles_title":"Bezoek aan het Ch\u00e2teau de La\u00e0s | Ch\u00e2teau des \u00c9nigmes Baskenland","_seopress_titles_desc":"Ch\u00e2teau de La\u00e0s, in het departement Pyr\u00e9n\u00e9es-Atlantiques, is een juweel van Franse middeleeuwse architectuur. Het werd gebouwd in de 12e eeuw door de burggraven van B\u00e9arn om de regio te verdedigen en strategische routes te controleren. Door de ligging op een heuvel met uitzicht over de vallei van de Gave de Pau heeft het een onbelemmerd uitzicht over de omgeving.  ","_seopress_robots_index":"","inline_featured_image":false,"gt_fse_maillage_image":"https:\/\/www.camping-biper-gorri.com\/wp-content\/uploads\/2025\/10\/visite-chateau-enigmes-laas-cta.jpg","gt_fse_maillage_titre":"Kasteel La\u00e0s","gt_fse_maillage_alt":"laas kasteel enigma tour","gt_fse_maillage_resume":"","footnotes":""},"categories":[58],"tags":[75],"class_list":["post-88280","post","type-post","status-publish","format-standard","has-post-thumbnail","hentry","category-plaatsen","tag-kasteel"],"acf":[],"_links":{"self":[{"href":"https:\/\/www.camping-biper-gorri.com\/nl\/wp-json\/wp\/v2\/posts\/88280","targetHints":{"allow":["GET"]}}],"collection":[{"href":"https:\/\/www.camping-biper-gorri.com\/nl\/wp-json\/wp\/v2\/posts"}],"about":[{"href":"https:\/\/www.camping-biper-gorri.com\/nl\/wp-json\/wp\/v2\/types\/post"}],"author":[{"embeddable":true,"href":"https:\/\/www.camping-biper-gorri.com\/nl\/wp-json\/wp\/v2\/users\/1"}],"replies":[{"embeddable":true,"href":"https:\/\/www.camping-biper-gorri.com\/nl\/wp-json\/wp\/v2\/comments?post=88280"}],"version-history":[{"count":3,"href":"https:\/\/www.camping-biper-gorri.com\/nl\/wp-json\/wp\/v2\/posts\/88280\/revisions"}],"predecessor-version":[{"id":90644,"href":"https:\/\/www.camping-biper-gorri.com\/nl\/wp-json\/wp\/v2\/posts\/88280\/revisions\/90644"}],"wp:featuredmedia":[{"embeddable":true,"href":"https:\/\/www.camping-biper-gorri.com\/nl\/wp-json\/wp\/v2\/media\/73685"}],"wp:attachment":[{"href":"https:\/\/www.camping-biper-gorri.com\/nl\/wp-json\/wp\/v2\/media?parent=88280"}],"wp:term":[{"taxonomy":"category","embeddable":true,"href":"https:\/\/www.camping-biper-gorri.com\/nl\/wp-json\/wp\/v2\/categories?post=88280"},{"taxonomy":"post_tag","embeddable":true,"href":"https:\/\/www.camping-biper-gorri.com\/nl\/wp-json\/wp\/v2\/tags?post=88280"}],"curies":[{"name":"wp","href":"https:\/\/api.w.org\/{rel}","templated":true}]}}