{"id":88256,"date":"2025-10-07T08:27:36","date_gmt":"2025-10-07T08:27:36","guid":{"rendered":"https:\/\/www.camping-biper-gorri.com\/ongecategoriseerd\/tourisme-plages-san-sebastian\/"},"modified":"2025-10-31T09:21:52","modified_gmt":"2025-10-31T09:21:52","slug":"san-sebastian-stranden-toerisme","status":"publish","type":"post","link":"https:\/\/www.camping-biper-gorri.com\/nl\/plaatsen\/san-sebastian-stranden-toerisme\/","title":{"rendered":"Stranden van San Sebasti\u00e1n: de beste tips en praktische informatie om ervan te genieten"},"content":{"rendered":"\n<section class=\"wp-block-group alignfull gt_2-cta_007__bis article has-global-padding is-layout-constrained wp-container-core-group-is-layout-8f482fdf wp-block-group-is-layout-constrained\" style=\"margin-top:0px;margin-bottom:0px;padding-top:var(--wp--preset--spacing--10)\">\n<div class=\"wp-block-group alignfull full-width is-vertical is-content-justification-center is-nowrap is-layout-flex wp-container-core-group-is-layout-810f5976 wp-block-group-is-layout-flex\" style=\"border-radius:0px;margin-top:0px;margin-right:0px;margin-bottom:0px;margin-left:0px;padding-top:0px;padding-right:0;padding-bottom:0px;padding-left:0\">\n<p class=\"has-text-align-center\">Profiteer van je verblijf op onze <a href=\"https:\/\/www.camping-biper-gorri.com\/nl\/\">camping in Espelette<\/a> om de <strong>prachtige stranden van San Sebasti\u00e1n<\/strong> te ontdekken. Dankzij de ideale ligging van onze camping in de buurt van de stranden van San Sebasti\u00e1n kun je deze parel van de Spaanse Baskische kust <strong>snel bereiken<\/strong> en volop genieten van haar charmes.<\/p>\n\n\n\n<div class=\"wp-block-columns alignwide is-layout-flex wp-container-core-columns-is-layout-93fef87a wp-block-columns-is-layout-flex\" style=\"border-radius:0px;margin-top:0px;margin-right:0px;margin-bottom:0px;margin-left:0px;padding-top:0px;padding-right:0px;padding-bottom:0px;padding-left:0px\">\n<div class=\"wp-block-column is-vertically-aligned-top two-images is-layout-flow wp-block-column-is-layout-flow\" style=\"flex-basis:55%\">\n<div data-swiper=\"{&quot;speed&quot;:400,&quot;spaceBetween&quot;:16,&quot;slidesPerView&quot;:1,&quot;createElements&quot;:true,&quot;loop&quot;:true,&quot;navigation&quot;:{&quot;nextEl&quot;:null,&quot;prevEl&quot;:null},&quot;pagination&quot;:{&quot;el&quot;:&quot;.swiper-pagination&quot;,&quot;dynamicBullets&quot;:false,&quot;clickable&quot;:true},&quot;breakpoints&quot;:[{&quot;slidesPerView&quot;:1}],&quot;direction&quot;:&quot;vertical&quot;,&quot;freeMode&quot;:false,&quot;autoplay&quot;:true,&quot;delay&quot;:2000}\" id=\"slider-first\" class=\"wp-block-group animated fadeIn gt-is-slider gt-is-slider-desktop is-layout-grid wp-container-core-group-is-layout-478b6e6b wp-block-group-is-layout-grid\">\n<figure class=\"wp-block-image aligncenter size-full\"><img decoding=\"async\" width=\"967\" height=\"655\" src=\"https:\/\/www.camping-biper-gorri.com\/wp-content\/uploads\/2025\/10\/decouvrez-les-plages-de-san-sebastian-lors-de-votre-sejour-au-camping.jpg\" alt=\"ontdek de stranden van san sebastian tijdens uw verblijf op de camping\" class=\"wp-image-73406\" srcset=\"https:\/\/www.camping-biper-gorri.com\/wp-content\/uploads\/2025\/10\/decouvrez-les-plages-de-san-sebastian-lors-de-votre-sejour-au-camping.jpg 967w, https:\/\/www.camping-biper-gorri.com\/wp-content\/uploads\/2025\/10\/decouvrez-les-plages-de-san-sebastian-lors-de-votre-sejour-au-camping-300x203.jpg 300w, https:\/\/www.camping-biper-gorri.com\/wp-content\/uploads\/2025\/10\/decouvrez-les-plages-de-san-sebastian-lors-de-votre-sejour-au-camping-768x520.jpg 768w\" sizes=\"(max-width: 967px) 100vw, 967px\" \/><\/figure>\n\n\n\n<figure class=\"wp-block-image size-full\"><img decoding=\"async\" width=\"967\" height=\"655\" src=\"https:\/\/www.camping-biper-gorri.com\/wp-content\/uploads\/2025\/10\/plage-de-la-concha.jpg\" alt=\"la concha strand\" class=\"wp-image-73411\" style=\"object-fit:cover\" srcset=\"https:\/\/www.camping-biper-gorri.com\/wp-content\/uploads\/2025\/10\/plage-de-la-concha.jpg 967w, https:\/\/www.camping-biper-gorri.com\/wp-content\/uploads\/2025\/10\/plage-de-la-concha-300x203.jpg 300w, https:\/\/www.camping-biper-gorri.com\/wp-content\/uploads\/2025\/10\/plage-de-la-concha-768x520.jpg 768w\" sizes=\"(max-width: 967px) 100vw, 967px\" \/><\/figure>\n\n\n\n<figure class=\"wp-block-image size-full\"><img decoding=\"async\" width=\"967\" height=\"655\" src=\"https:\/\/www.camping-biper-gorri.com\/wp-content\/uploads\/2025\/10\/plage-de-zurriola.jpg\" alt=\"strand zurriola\" class=\"wp-image-73416\" style=\"object-fit:cover\" srcset=\"https:\/\/www.camping-biper-gorri.com\/wp-content\/uploads\/2025\/10\/plage-de-zurriola.jpg 967w, https:\/\/www.camping-biper-gorri.com\/wp-content\/uploads\/2025\/10\/plage-de-zurriola-300x203.jpg 300w, https:\/\/www.camping-biper-gorri.com\/wp-content\/uploads\/2025\/10\/plage-de-zurriola-768x520.jpg 768w\" sizes=\"(max-width: 967px) 100vw, 967px\" \/><\/figure>\n\n\n\n<figure class=\"wp-block-image size-full\"><img decoding=\"async\" width=\"967\" height=\"655\" src=\"https:\/\/www.camping-biper-gorri.com\/wp-content\/uploads\/2025\/10\/amateurs-de-surf.jpg\" alt=\"surfliefhebbers\" class=\"wp-image-73421\" style=\"object-fit:cover\" srcset=\"https:\/\/www.camping-biper-gorri.com\/wp-content\/uploads\/2025\/10\/amateurs-de-surf.jpg 967w, https:\/\/www.camping-biper-gorri.com\/wp-content\/uploads\/2025\/10\/amateurs-de-surf-300x203.jpg 300w, https:\/\/www.camping-biper-gorri.com\/wp-content\/uploads\/2025\/10\/amateurs-de-surf-768x520.jpg 768w\" sizes=\"(max-width: 967px) 100vw, 967px\" \/><\/figure>\n<\/div>\n<\/div>\n\n\n\n<div class=\"wp-block-column is-vertically-aligned-center is-layout-flow wp-block-column-is-layout-flow\" style=\"flex-basis:45%\">\n<div class=\"wp-block-group has-global-padding is-content-justification-left is-layout-constrained wp-container-core-group-is-layout-1c1e5e78 wp-block-group-is-layout-constrained\" style=\"margin-top:0px;margin-right:0px;margin-bottom:0px;margin-left:0px\">\n<h2 class=\"wp-block-heading\"><strong>Ontdek de stranden van San Sebasti\u00e1n<\/strong> tijdens je kampeervakantie<\/h2>\n\n\n\n<p><a href=\"https:\/\/www.camping-biper-gorri.com\/nl\/plaatsen\/san-sebastian-toerisme\/\">San Sebasti\u00e1n<\/a>, de parel aan de Baskische kust van Spanje, is beroemd om zijn <strong>prachtige stranden<\/strong>, die bezoekers van over de hele wereld aantrekken.<\/p>\n\n\n\n<p><a href=\"https:\/\/tourism.euskadi.eus\/en\/beaches\/la-concha-beach\/webtur00-content\/en\/\" target=\"_blank\" rel=\"noreferrer noopener nofollow\">La Concha<\/a><strong> <\/strong>is ongetwijfeld het meest karakteristieke strand van de stad. Met zijn gouden zand en schelpvormige baai biedt het een <g id=\"gid_0\">idyllische omgeving<\/g> om te zonnebaden of te zwemmen in het kristalheldere water. De met palmbomen omzoomde promenades langs het strand nodigen uit tot een wandeling, terwijl de nabijgelegen <strong>caf\u00e9s en restaurants<\/strong> <strong>lokale delicatessen<\/strong> aanbieden om van te genieten aan zee.  <\/p>\n\n\n    <div id=\"gt-fse-lire-plus-69f38dd855b05\" class=\"gt-fse-lire-plus\" data-min-height=\"110\" style=\"background-color: #f9f9f9;\">\n        <input id=\"gt-fse-lire-plus-69f38dd855b05-toggle\" type=\"checkbox\" class=\"gt-fse-lire-plus__toggle\" \/>\n        <label for=\"gt-fse-lire-plus-69f38dd855b05-toggle\" class=\"gt-fse-lire-plus__toggle-label\">\n            <span>Meer lezen<\/span>\n            <span>Minder lezen<\/span>\n        <\/label>\n        <div class=\"gt-fse-lire-plus__content\" style=\"height: 110px;\">\n            \n\n<p>Een andere schat van San Sebasti\u00e1n is <a href=\"https:\/\/tourism.euskadi.eus\/en\/beaches-reservoirs-rivers\/la-zurriola-beach\/webtur00-content\/en\/\" target=\"_blank\" rel=\"noreferrer noopener nofollow\">het strand van Zurriola<\/a>, populair bij <strong>surfers<\/strong> en <strong>watersportliefhebbers<\/strong>. Met zijn krachtige golven is het de ideale plek voor surfers van alle niveaus. De dynamische sfeer trekt ook jonge ontwerpers, muzikanten en kunstenaars aan, wat bijdraagt aan de feestelijke sfeer.<\/p>\n\n\n\n<p>Tot slot is het <a href=\"https:\/\/tourism.euskadi.eus\/en\/beaches-reservoirs-rivers\/ondarreta-beach\/webtur00-content\/en\/\" target=\"_blank\" rel=\"noreferrer noopener nofollow\">strand van Ondarreta<\/a>, dat rustiger en gezinsvriendelijker is, perfect voor wie wil ontspannen. Het wordt omringd door tuinen en groene ruimten en biedt een <strong>rustige omgeving<\/strong> voor gezinnen en zwemmers.<\/p>\n\n\n\n<p>De stranden van San Sebasti\u00e1n zijn niet alleen om te zwemmen. Ze zijn het toneel van een breed scala aan activiteiten, van surflessen tot <strong>sportwedstrijden<\/strong>, om nog maar te zwijgen van de <strong>culturele evenementen<\/strong> die de stad het hele jaar door tot leven brengen. <\/p>\n\n\n\n<p>Al met al combineren de stranden van San Sebasti\u00e1n <strong>natuurlijke schoonheid<\/strong>, <strong>activiteiten<\/strong> en <strong>gezelligheid<\/strong>, waardoor deze bestemming een must is voor alle liefhebbers van de zee en de zon. de <strong>culturele evenementen<\/strong> die de stad het hele jaar door tot leven brengen. <\/p>\n\n            <div class=\"gt-fse-lire-plus__gradient\" style=\"background: linear-gradient(to bottom,rgba(249,249,249,0) 0%,rgba(249,249,249,1) 100%);\"><\/div>\n        <\/div>\n    <\/div>\n    <\/div>\n<\/div>\n<\/div>\n\n\n\n<div class=\"wp-block-columns alignwide is-layout-flex wp-container-core-columns-is-layout-ca4ebc02 wp-block-columns-is-layout-flex\" style=\"border-radius:0px;margin-top:0px;margin-right:0px;margin-bottom:0px;margin-left:0px;padding-top:1.5rem;padding-right:0px;padding-bottom:0rem;padding-left:0px\">\n<div class=\"wp-block-column is-vertically-aligned-center is-layout-flow wp-block-column-is-layout-flow\" style=\"flex-basis:45%\">\n<div class=\"wp-block-group has-global-padding is-content-justification-left is-layout-constrained wp-container-core-group-is-layout-1c1e5e78 wp-block-group-is-layout-constrained\" style=\"margin-top:0px;margin-right:0px;margin-bottom:0px;margin-left:0px\">\n<h2 class=\"wp-block-heading\">Parkeren voor toegang tot de stranden van San Sebasti\u00e1n<\/h2>\n\n\n\n<p>Om van de stranden van San Sebasti\u00e1n te genieten, zijn er verschillende parkeermogelijkheden:<\/p>\n\n\n\n<ol style=\"padding-left:var(--wp--preset--spacing--30)\" class=\"wp-block-list\">\n<li><strong>Parkeergarage La Concha<\/strong>: dit is een zeer handige parkeergarage, direct naast het strand. De kosten zijn ongeveer \u20ac2,50 per uur. <\/li>\n\n\n\n<li><strong>Parkeergarage Zurriola<\/strong>: deze parkeerplaats is ideaal voor degenen die het strand van Zurriola willen bereiken en biedt vergelijkbare tarieven van ongeveer \u20ac2,50 per uur.<\/li>\n\n\n\n<li><strong>Ondergrondse parkeergarage Plaza de Gipuzkoa<\/strong>: deze parkeergarage ligt iets verder weg maar is gemakkelijk bereikbaar en kost ongeveer \u20ac1,80 per uur.<\/li>\n<\/ol>\n\n\n\n<p>Het is raadzaam om <strong>vroeg te komen<\/strong>, vooral in de zomer, om een plaats te garanderen. Haal het meeste uit je dagje strand! <\/p>\n<\/div>\n<\/div>\n\n\n\n<div class=\"wp-block-column is-vertically-aligned-top two-images is-layout-flow wp-block-column-is-layout-flow\" style=\"flex-basis:55%\">\n<div class=\"wp-block-group is-content-justification-center is-nowrap is-layout-flex wp-container-core-group-is-layout-d019b8d0 wp-block-group-is-layout-flex\" style=\"margin-top:0px;margin-right:0px;margin-bottom:0px;margin-left:0px\">\n<figure class=\"wp-block-image aligncenter size-full\"><img decoding=\"async\" width=\"967\" height=\"655\" src=\"https:\/\/www.camping-biper-gorri.com\/wp-content\/uploads\/2025\/10\/stationnement-pour-acceder-aux-plages-de-san-sebastian.jpg\" alt=\"parkeren voor toegang tot de stranden van san sebastian\" class=\"wp-image-73427\" srcset=\"https:\/\/www.camping-biper-gorri.com\/wp-content\/uploads\/2025\/10\/stationnement-pour-acceder-aux-plages-de-san-sebastian.jpg 967w, https:\/\/www.camping-biper-gorri.com\/wp-content\/uploads\/2025\/10\/stationnement-pour-acceder-aux-plages-de-san-sebastian-300x203.jpg 300w, https:\/\/www.camping-biper-gorri.com\/wp-content\/uploads\/2025\/10\/stationnement-pour-acceder-aux-plages-de-san-sebastian-768x520.jpg 768w\" sizes=\"(max-width: 967px) 100vw, 967px\" \/><\/figure>\n<\/div>\n<\/div>\n<\/div>\n\n\n\n<figure class=\"wp-block-image size-full is-resized\" style=\"margin-top:0px;margin-right:0px;margin-bottom:0px;margin-left:0px\"><img decoding=\"async\" width=\"464\" height=\"221\" src=\"https:\/\/www.camping-biper-gorri.com\/wp-content\/uploads\/2025\/08\/soleil.png\" alt=\"pager gorri\" class=\"wp-image-188\" style=\"width:463.0675354003906px\" srcset=\"https:\/\/www.camping-biper-gorri.com\/wp-content\/uploads\/2025\/08\/soleil.png 464w, https:\/\/www.camping-biper-gorri.com\/wp-content\/uploads\/2025\/08\/soleil-300x143.png 300w\" sizes=\"(max-width: 464px) 100vw, 464px\" \/><\/figure>\n<\/div>\n<\/section>\n\n<section class=\"wp-block-group alignfull gt_1-cta-1photo_003 article is-layout-flow wp-block-group-is-layout-flow\" style=\"margin-top:0px;margin-bottom:0px;padding-bottom:153px\">\n<div class=\"wp-block-group has-global-padding is-layout-constrained wp-container-core-group-is-layout-c3c54179 wp-block-group-is-layout-constrained\" style=\"padding-bottom:101px\">\n<div class=\"wp-block-cover aligncenter has-custom-content-position is-position-bottom-center animated fadeIn\" style=\"min-height:70vh;aspect-ratio:unset;\"><img decoding=\"async\" width=\"1024\" height=\"436\" class=\"wp-block-cover__image-background wp-image-73432 size-large\" alt=\"comment bien preparer son depart depuis le camping pour san sebastian\" src=\"https:\/\/www.camping-biper-gorri.com\/wp-content\/uploads\/2025\/10\/comment-bien-preparer-son-depart-depuis-le-camping-pour-san-sebastian-1-1024x436.jpg\" data-object-fit=\"cover\" srcset=\"https:\/\/www.camping-biper-gorri.com\/wp-content\/uploads\/2025\/10\/comment-bien-preparer-son-depart-depuis-le-camping-pour-san-sebastian-1-1024x436.jpg 1024w, https:\/\/www.camping-biper-gorri.com\/wp-content\/uploads\/2025\/10\/comment-bien-preparer-son-depart-depuis-le-camping-pour-san-sebastian-1-300x128.jpg 300w, https:\/\/www.camping-biper-gorri.com\/wp-content\/uploads\/2025\/10\/comment-bien-preparer-son-depart-depuis-le-camping-pour-san-sebastian-1-768x327.jpg 768w, https:\/\/www.camping-biper-gorri.com\/wp-content\/uploads\/2025\/10\/comment-bien-preparer-son-depart-depuis-le-camping-pour-san-sebastian-1.jpg 1500w\" sizes=\"(max-width: 1024px) 100vw, 1024px\" \/><span aria-hidden=\"true\" class=\"wp-block-cover__background has-contrast-background-color has-background-dim-20 has-background-dim\"><\/span><div class=\"wp-block-cover__inner-container is-layout-flow wp-block-cover-is-layout-flow\">\n<div class=\"wp-block-group titre-deco is-vertical is-content-justification-center is-layout-flex wp-container-core-group-is-layout-ab6239d0 wp-block-group-is-layout-flex\" style=\"margin-bottom:0px\">\n<p class=\"has-text-align-center has-base-2-color has-text-color has-link-color has-olive-citrus-font-family wp-elements-ec31441b938d92c21c53a018513bc25a\" style=\"font-size:clamp(3.615rem, 3.615rem + ((1vw - 0.2rem) * 6.475), 7.5rem);line-height:0.4\">Bereid voor<\/p>\n\n\n\n<p class=\"has-text-align-center has-base-2-color has-text-color has-link-color has-boho-monoline-font-family wp-elements-1d3bba05678610dab014e1e42f371f58\" style=\"font-size:clamp(3.521rem, 3.521rem + ((1vw - 0.2rem) * 6.215), 7.25rem);line-height:0.86\">zijn excursie<\/p>\n<\/div>\n<\/div><\/div>\n<\/div>\n\n\n\n<div class=\"wp-block-group alignfull full-width has-global-padding is-layout-constrained wp-container-core-group-is-layout-8c8c9b81 wp-block-group-is-layout-constrained\" style=\"border-radius:0px;margin-top:0px;margin-right:0px;margin-bottom:0px;margin-left:0px;padding-top:0px;padding-right:var(--wp--preset--spacing--50);padding-bottom:0px;padding-left:var(--wp--preset--spacing--50)\">\n<h2 class=\"wp-block-heading has-text-align-center full-width has-text-color\" style=\"color:rgba(255,255,255,1)\"><strong>Hoe bereid je je vertrek voor <br\/>vanaf de camping naar San Sebasti\u00e1n?<\/strong><br\/><\/h2>\n\n\n\n<p class=\"has-base-2-color has-text-color has-link-color wp-elements-4bd52fc65e05359caab7cede8a72c064\">Vanaf onze camping bij de stranden van San Sebasti\u00e1n geven we je een paar tips om het beste uit je dag te halen.<\/p>\n\n\n\n<ul style=\"padding-left:var(--wp--preset--spacing--30)\" class=\"wp-block-list has-base-2-color has-text-color has-link-color wp-elements-60e16e64b02975fd5b3257920d3bb6e2\">\n<li><strong>Afstand<\/strong>: San Sebasti\u00e1n ligt op ongeveer 30 minuten rijden met de auto. Controleer je GPS voor de beste route-opties. <\/li>\n\n\n\n<li><strong>Vervoer<\/strong>: als je geen auto hebt, controleer dan de bustijden van de camping naar San Sebasti\u00e1n.<\/li>\n\n\n\n<li><strong>Aankomst<\/strong>: probeer vroeg te vertrekken om de drukte te vermijden en van een volle dag te genieten.<\/li>\n\n\n\n<li>Wat je <strong>niet mag missen<\/strong>: bezoek het strand van La Concha, verken de oude stad en probeer de pintxos in de vele bars.<\/li>\n\n\n\n<li><strong>Kleding<\/strong>: zorg ervoor dat je comfortabele kleding draagt die geschikt is voor het weer, en neem zwemkleding mee als je wilt gaan zwemmen.<\/li>\n\n\n\n<li><strong>Bescherming tegen de zon<\/strong>: neem zonnecr\u00e8me, een hoed en een zonnebril mee.<\/li>\n\n\n\n<li><strong>Rugzak<\/strong>: neem water, snacks en eventueel een picknick mee.<\/li>\n\n\n\n<li>Informeer naar de beschikbare parkeerplaatsen in de buurt van de stranden of het stadscentrum om de stress van het zoeken naar een parkeerplaats te vermijden.<\/li>\n<\/ul>\n<\/div>\n<\/section>\n","protected":false},"excerpt":{"rendered":"<p>Profiteer van je verblijf op onze camping in Espelette om de prachtige stranden van San Sebasti\u00e1n te ontdekken. Dankzij de ideale ligging van onze camping in de buurt van de stranden van San Sebasti\u00e1n kun je deze parel van de Spaanse Baskische kust snel bereiken en volop genieten van haar charmes. Ontdek de stranden van [&hellip;]<\/p>\n","protected":false},"author":1,"featured_media":73397,"comment_status":"closed","ping_status":"closed","sticky":false,"template":"","format":"standard","meta":{"_acf_changed":false,"_seopress_robots_primary_cat":"none","_seopress_titles_title":"Topstranden in San Sebasti\u00e1n I Nuttige informatie over stranden in San Sebasti\u00e1n","_seopress_titles_desc":"San Sebasti\u00e1n, de parel aan de Baskische kust van Spanje, is beroemd om zijn prachtige stranden, die bezoekers van over de hele wereld aantrekken.","_seopress_robots_index":"","inline_featured_image":false,"gt_fse_maillage_image":"https:\/\/www.camping-biper-gorri.com\/wp-content\/uploads\/2025\/10\/tourisme-plages-san-sebastian-cta.jpg","gt_fse_maillage_titre":"Stranden San S\u00e9bastien","gt_fse_maillage_alt":"toerisme stranden san sebastian","gt_fse_maillage_resume":"","footnotes":""},"categories":[58],"tags":[83],"class_list":["post-88256","post","type-post","status-publish","format-standard","has-post-thumbnail","hentry","category-plaatsen","tag-stranden"],"acf":[],"_links":{"self":[{"href":"https:\/\/www.camping-biper-gorri.com\/nl\/wp-json\/wp\/v2\/posts\/88256","targetHints":{"allow":["GET"]}}],"collection":[{"href":"https:\/\/www.camping-biper-gorri.com\/nl\/wp-json\/wp\/v2\/posts"}],"about":[{"href":"https:\/\/www.camping-biper-gorri.com\/nl\/wp-json\/wp\/v2\/types\/post"}],"author":[{"embeddable":true,"href":"https:\/\/www.camping-biper-gorri.com\/nl\/wp-json\/wp\/v2\/users\/1"}],"replies":[{"embeddable":true,"href":"https:\/\/www.camping-biper-gorri.com\/nl\/wp-json\/wp\/v2\/comments?post=88256"}],"version-history":[{"count":7,"href":"https:\/\/www.camping-biper-gorri.com\/nl\/wp-json\/wp\/v2\/posts\/88256\/revisions"}],"predecessor-version":[{"id":90632,"href":"https:\/\/www.camping-biper-gorri.com\/nl\/wp-json\/wp\/v2\/posts\/88256\/revisions\/90632"}],"wp:featuredmedia":[{"embeddable":true,"href":"https:\/\/www.camping-biper-gorri.com\/nl\/wp-json\/wp\/v2\/media\/73397"}],"wp:attachment":[{"href":"https:\/\/www.camping-biper-gorri.com\/nl\/wp-json\/wp\/v2\/media?parent=88256"}],"wp:term":[{"taxonomy":"category","embeddable":true,"href":"https:\/\/www.camping-biper-gorri.com\/nl\/wp-json\/wp\/v2\/categories?post=88256"},{"taxonomy":"post_tag","embeddable":true,"href":"https:\/\/www.camping-biper-gorri.com\/nl\/wp-json\/wp\/v2\/tags?post=88256"}],"curies":[{"name":"wp","href":"https:\/\/api.w.org\/{rel}","templated":true}]}}