{"id":88479,"date":"2025-10-07T09:00:18","date_gmt":"2025-10-07T09:00:18","guid":{"rendered":"https:\/\/www.camping-biper-gorri.com\/sin-categoria\/visite-chateau-fort-mauleon\/"},"modified":"2025-10-31T09:29:37","modified_gmt":"2025-10-31T09:29:37","slug":"visita-castillo-fortificado-mauleon","status":"publish","type":"post","link":"https:\/\/www.camping-biper-gorri.com\/es\/lugares\/visita-castillo-fortificado-mauleon\/","title":{"rendered":"Visita el castillo fortificado de Maul\u00e9on"},"content":{"rendered":"\n<section class=\"wp-block-group alignfull gt_2-cta_007__bis article has-global-padding is-layout-constrained wp-container-core-group-is-layout-af077e47 wp-block-group-is-layout-constrained\" style=\"margin-top:0px;margin-bottom:0px;padding-top:1rem\">\n<div class=\"wp-block-group alignfull full-width is-vertical is-content-justification-center is-nowrap is-layout-flex wp-container-core-group-is-layout-810f5976 wp-block-group-is-layout-flex\" style=\"border-radius:0px;margin-top:0px;margin-right:0px;margin-bottom:0px;margin-left:0px;padding-top:0px;padding-right:0;padding-bottom:0px;padding-left:0\">\n<p class=\"has-text-align-center gt-no-padding-mobile\" style=\"padding-right:var(--wp--preset--spacing--60);padding-left:var(--wp--preset--spacing--60)\">Aprovecha tu estancia en nuestro <a href=\"https:\/\/www.camping-biper-gorri.com\/es\/\">camping de Espelette<\/a> para descubrir la <strong>majestuosa<\/strong> <a href=\"https:\/\/www.guide-du-paysbasque.com\/es\/turismo\/descubrir\/lugares-turisticos\/castillos\/mauleon-licharre-29\/castillo-de-mauleon-licharre-7284.html\" target=\"_blank\" rel=\"noreferrer noopener nofollow\">fortaleza de Maul\u00e9on<\/a>, aut\u00e9ntico centinela del interior del Pa\u00eds Vasco. A s\u00f3lo una hora en coche, nuestro camping es el punto de partida ideal para un viaje que combina <strong>historia<\/strong> y <strong>magn\u00edficos paisajes<\/strong>.<\/p>\n\n\n\n<div class=\"wp-block-columns alignwide is-layout-flex wp-container-core-columns-is-layout-93fef87a wp-block-columns-is-layout-flex\" style=\"border-radius:0px;margin-top:0px;margin-right:0px;margin-bottom:0px;margin-left:0px;padding-top:0px;padding-right:0px;padding-bottom:0px;padding-left:0px\">\n<div class=\"wp-block-column is-vertically-aligned-top two-images is-layout-flow wp-block-column-is-layout-flow\" style=\"flex-basis:55%\">\n<div class=\"wp-block-group is-content-justification-center is-nowrap is-layout-flex wp-container-core-group-is-layout-d019b8d0 wp-block-group-is-layout-flex\" style=\"margin-top:0px;margin-right:0px;margin-bottom:0px;margin-left:0px\">\n<figure class=\"wp-block-image aligncenter size-full\"><img decoding=\"async\" width=\"348\" height=\"648\" src=\"https:\/\/www.camping-biper-gorri.com\/wp-content\/uploads\/2025\/10\/visiter-le-chateau-fort-de-mauleon.jpg\" alt=\"visita el castillo fortificado de mauleon\" class=\"wp-image-75832\" srcset=\"https:\/\/www.camping-biper-gorri.com\/wp-content\/uploads\/2025\/10\/visiter-le-chateau-fort-de-mauleon.jpg 348w, https:\/\/www.camping-biper-gorri.com\/wp-content\/uploads\/2025\/10\/visiter-le-chateau-fort-de-mauleon-161x300.jpg 161w\" sizes=\"(max-width: 348px) 100vw, 348px\" \/><\/figure>\n<\/div>\n<\/div>\n\n\n\n<div class=\"wp-block-column is-vertically-aligned-center is-layout-flow wp-block-column-is-layout-flow\" style=\"flex-basis:45%\">\n<div class=\"wp-block-group has-global-padding is-content-justification-left is-layout-constrained wp-container-core-group-is-layout-1c1e5e78 wp-block-group-is-layout-constrained\" style=\"margin-top:0px;margin-right:0px;margin-bottom:0px;margin-left:0px\">\n<h2 class=\"wp-block-heading\"><strong>Descubre el castillo<\/strong> durante tu estancia en el camping<\/h2>\n\n\n\n<p>El castillo Fort de Maul\u00e9on, situado en la encantadora comuna de <a href=\"https:\/\/www.mauleon-licharre.fr\/\" target=\"_blank\" rel=\"noreferrer noopener nofollow\">Maul\u00e9on-Licharre<\/a>, es un testimonio emblem\u00e1tico de <strong>la historia medieval de la regi\u00f3n<\/strong>. Construido en el siglo XI, este castillo domina el valle del Luy y ofrece vistas ininterrumpidas de la campi\u00f1a circundante. Con sus imponentes murallas y torres, invita a los visitantes a adentrarse <strong>en el pasado<\/strong> y explorar sus <strong>numerosas leyendas<\/strong>.<\/p>\n\n\n    <div id=\"gt-fse-lire-plus-69f4861cc948b\" class=\"gt-fse-lire-plus\" data-min-height=\"130\" style=\"background-color: #f9f9f9;\">\n        <input id=\"gt-fse-lire-plus-69f4861cc948b-toggle\" type=\"checkbox\" class=\"gt-fse-lire-plus__toggle\" \/>\n        <label for=\"gt-fse-lire-plus-69f4861cc948b-toggle\" class=\"gt-fse-lire-plus__toggle-label\">\n            <span>Leer m\u00e1s<\/span>\n            <span>Leer menos<\/span>\n        <\/label>\n        <div class=\"gt-fse-lire-plus__content\" style=\"height: 130px;\">\n            \n\n<p>Caminando por sus murallas, torres y patios interiores, los visitantes se sumergen en la atm\u00f3sfera del apogeo del feudalismo. Un <g id=\"gid_0\">lugar cargado de historia<\/g>, que ha sido fortaleza militar, prisi\u00f3n y ahora patrimonio abierto a los visitantes. Numerosos paneles interpretativos se alinean a lo largo del recorrido para narrar las principales etapas de su historia.  <\/p>\n\n\n\n<p>Desde lo alto de las murallas, la <strong>panor\u00e1mica de 360\u00b0 sobre Soule<\/strong> y las monta\u00f1as circundantes es espectacular. En un d\u00eda despejado, las cumbres de los Pirineos se revelan, proporcionando un impresionante tel\u00f3n de fondo. <\/p>\n\n\n\n<p>El castillo ofrece <strong>visitas guiadas y autoguiadas<\/strong>, con horarios de apertura adaptados a cada temporada. A lo largo del a\u00f1o se celebran numerosos <strong>actos culturales y medievales<\/strong>, para deleite de grandes y peque\u00f1os. <\/p>\n\n            <div class=\"gt-fse-lire-plus__gradient\" style=\"background: linear-gradient(to bottom,rgba(249,249,249,0) 0%,rgba(249,249,249,1) 100%);\"><\/div>\n        <\/div>\n    <\/div>\n    <\/div>\n<\/div>\n<\/div>\n\n\n\n<div class=\"wp-block-columns is-layout-flex wp-container-core-columns-is-layout-28f84493 wp-block-columns-is-layout-flex\">\n<div class=\"wp-block-column is-layout-flow wp-block-column-is-layout-flow\">\n<div class=\"wp-block-group has-custom-ver-eau-clair-background-color has-background has-global-padding is-layout-constrained wp-container-core-group-is-layout-9597dc02 wp-block-group-is-layout-constrained\" style=\"border-radius:15px;padding-top:var(--wp--preset--spacing--10);padding-right:var(--wp--preset--spacing--10);padding-bottom:var(--wp--preset--spacing--10);padding-left:var(--wp--preset--spacing--10)\">\n<p class=\"has-text-align-center has-custom-vert-fonce-color has-text-color has-link-color wp-elements-bb436dfea0bca39f5ba2674707c4f6f8\" style=\"font-size:clamp(0.984rem, 0.984rem + ((1vw - 0.2rem) * 0.86), 1.5rem);font-style:normal;font-weight:500;text-transform:uppercase\">Horario de apertura<\/p>\n\n\n\n<ul class=\"wp-block-list\">\n<li><strong>Del 1\u1d49\u02b3 de abril al 30 de septiembre<\/strong>: abierto todos los d\u00edas de 10.00 a 12.00 h. y de 14.00 a 18.00 h.<\/li>\n\n\n\n<li><strong>Del 1\u1d49\u02b3 de octubre al 31 de marzo<\/strong>: abierto los fines de semana y durante las vacaciones escolares, de 14.00 a 17.00 h.<\/li>\n<\/ul>\n<\/div>\n<\/div>\n\n\n\n<div class=\"wp-block-column middle is-layout-flow wp-block-column-is-layout-flow\" style=\"border-right-style:none;border-right-width:0px;border-left-style:none;border-left-width:0px;padding-right:var(--wp--preset--spacing--10);padding-left:var(--wp--preset--spacing--10)\">\n<div class=\"wp-block-group has-custom-ver-eau-clair-background-color has-background has-global-padding is-layout-constrained wp-container-core-group-is-layout-9597dc02 wp-block-group-is-layout-constrained\" style=\"border-radius:15px;padding-top:var(--wp--preset--spacing--10);padding-right:var(--wp--preset--spacing--10);padding-bottom:var(--wp--preset--spacing--10);padding-left:var(--wp--preset--spacing--10)\">\n<p class=\"has-text-align-center has-custom-vert-fonce-color has-text-color has-link-color wp-elements-18c2dda6cf297778d6ee148ac498421b\" style=\"font-size:clamp(0.984rem, 0.984rem + ((1vw - 0.2rem) * 0.86), 1.5rem);font-style:normal;font-weight:500;text-transform:uppercase\">Tarifas<\/p>\n\n\n\n<ul class=\"wp-block-list\">\n<li><strong>Adultos<\/strong>: 5<\/li>\n\n\n\n<li><strong>Ni\u00f1os (menores de 12 a\u00f1os)<\/strong>: gratis<\/li>\n\n\n\n<li><strong>Tarifa reducida<\/strong>: 3 para j\u00f3venes de 12 a 18 a\u00f1os, estudiantes y personas con discapacidad.<\/li>\n<\/ul>\n<\/div>\n<\/div>\n<\/div>\n\n\n\n<p class=\"has-text-align-center has-custom-vert-fonce-color has-text-color has-link-color wp-elements-d5f91dca2e14774d008bb373964f47f9\" style=\"margin-bottom:-35px;font-size:clamp(0.984rem, 0.984rem + ((1vw - 0.2rem) * 0.86), 1.5rem);font-style:normal;font-weight:500;text-transform:uppercase\">Accesibilidad<\/p>\n\n\n\n<p class=\"has-text-align-center gt-no-padding-mobile\" style=\"padding-right:var(--wp--preset--spacing--60);padding-left:var(--wp--preset--spacing--60)\">El castillo Fort de Maul\u00e9on se esfuerza por ser accesible a <strong>las personas con movilidad reducida (PMR<\/strong>). Algunas partes del recinto pueden ser de dif\u00edcil acceso debido a la arquitectura medieval, pero se han hecho esfuerzos para acomodar a los visitantes. Es aconsejable ponerse en contacto con el castillo con antelaci\u00f3n para obtener <g id=\"gid_1\">informaci\u00f3n precisa<\/g> sobre la accesibilidad de las distintas zonas. Visitar la fortaleza de Maul\u00e9on es descubrir un <strong>tesoro del patrimonio vasco<\/strong> disfrutando de un <strong>entorno natural excepcional<\/strong>.   <\/p>\n\n\n\n<figure class=\"wp-block-image size-full is-resized\" style=\"margin-top:0px;margin-right:0px;margin-bottom:0px;margin-left:0px\"><img decoding=\"async\" width=\"464\" height=\"221\" src=\"https:\/\/www.camping-biper-gorri.com\/wp-content\/uploads\/2025\/08\/soleil.png\" alt=\"localizador gorri\" class=\"wp-image-188\" style=\"width:463.0675354003906px\" srcset=\"https:\/\/www.camping-biper-gorri.com\/wp-content\/uploads\/2025\/08\/soleil.png 464w, https:\/\/www.camping-biper-gorri.com\/wp-content\/uploads\/2025\/08\/soleil-300x143.png 300w\" sizes=\"(max-width: 464px) 100vw, 464px\" \/><\/figure>\n<\/div>\n<\/section>\n\n<section class=\"wp-block-group alignfull gt_1-cta-1photo_003 article is-layout-flow wp-block-group-is-layout-flow\" style=\"margin-top:0px;margin-bottom:0px;padding-bottom:153px\">\n<div class=\"wp-block-group has-global-padding is-layout-constrained wp-container-core-group-is-layout-c3c54179 wp-block-group-is-layout-constrained\" style=\"padding-bottom:101px\">\n<div class=\"wp-block-cover aligncenter has-custom-content-position is-position-bottom-center animated fadeIn\" style=\"min-height:70vh;aspect-ratio:unset;\"><img decoding=\"async\" width=\"1024\" height=\"436\" class=\"wp-block-cover__image-background wp-image-75837 size-large\" alt=\"comment bien preparer son depart depuis le camping pour le chateau fort de mauleon\" src=\"https:\/\/www.camping-biper-gorri.com\/wp-content\/uploads\/2025\/10\/comment-bien-preparer-son-depart-depuis-le-camping-pour-le-chateau-fort-de-mauleon-1024x436.jpg\" data-object-fit=\"cover\" srcset=\"https:\/\/www.camping-biper-gorri.com\/wp-content\/uploads\/2025\/10\/comment-bien-preparer-son-depart-depuis-le-camping-pour-le-chateau-fort-de-mauleon-1024x436.jpg 1024w, https:\/\/www.camping-biper-gorri.com\/wp-content\/uploads\/2025\/10\/comment-bien-preparer-son-depart-depuis-le-camping-pour-le-chateau-fort-de-mauleon-300x128.jpg 300w, https:\/\/www.camping-biper-gorri.com\/wp-content\/uploads\/2025\/10\/comment-bien-preparer-son-depart-depuis-le-camping-pour-le-chateau-fort-de-mauleon-768x327.jpg 768w, https:\/\/www.camping-biper-gorri.com\/wp-content\/uploads\/2025\/10\/comment-bien-preparer-son-depart-depuis-le-camping-pour-le-chateau-fort-de-mauleon.jpg 1500w\" sizes=\"(max-width: 1024px) 100vw, 1024px\" \/><span aria-hidden=\"true\" class=\"wp-block-cover__background has-contrast-background-color has-background-dim-10 has-background-dim\"><\/span><div class=\"wp-block-cover__inner-container is-layout-flow wp-block-cover-is-layout-flow\">\n<div class=\"wp-block-group titre-deco is-vertical is-content-justification-center is-layout-flex wp-container-core-group-is-layout-ab6239d0 wp-block-group-is-layout-flex\" style=\"margin-bottom:0px\">\n<p class=\"has-text-align-center has-base-2-color has-text-color has-link-color has-olive-citrus-font-family wp-elements-f4984cd7de6c314ec912f3c63f5e4297\" style=\"font-size:clamp(3.615rem, 3.615rem + ((1vw - 0.2rem) * 6.475), 7.5rem);line-height:0.4\">Prepara<\/p>\n\n\n\n<p class=\"has-text-align-center has-base-2-color has-text-color has-link-color has-boho-monoline-font-family wp-elements-368dc4f528f414b26441248ddf65271d\" style=\"font-size:clamp(3.521rem, 3.521rem + ((1vw - 0.2rem) * 6.215), 7.25rem);line-height:0.86\">su excursi\u00f3n<\/p>\n<\/div>\n<\/div><\/div>\n<\/div>\n\n\n\n<div class=\"wp-block-group alignfull full-width has-global-padding is-layout-constrained wp-container-core-group-is-layout-8c8c9b81 wp-block-group-is-layout-constrained\" style=\"border-radius:0px;margin-top:0px;margin-right:0px;margin-bottom:0px;margin-left:0px;padding-top:0px;padding-right:var(--wp--preset--spacing--50);padding-bottom:0px;padding-left:var(--wp--preset--spacing--50)\">\n<h2 class=\"wp-block-heading has-text-align-center full-width has-text-color\" style=\"color:rgba(255,255,255,1)\"><strong>\u00bfC\u00f3mo preparar tu salida <br\/>del camping al castillo fortificado de Maul\u00e9on?<\/strong><\/h2>\n\n\n\n<div style=\"height:2rem\" aria-hidden=\"true\" class=\"wp-block-spacer gt-show-mobile\"><\/div>\n\n\n\n<p class=\"has-base-2-color has-text-color has-link-color wp-elements-b61fc69abb29e51d184fdeb35ecf07f7\">Desde nuestro camping, cerca del castillo fortificado de Maul\u00e9on, te damos algunos consejos pr\u00e1cticos para organizar tu visita:<\/p>\n\n\n\n<ul style=\"padding-left:var(--wp--preset--spacing--30)\" class=\"wp-block-list has-base-2-color has-text-color has-link-color wp-elements-2919841badd882e872591cbd10847a05\">\n<li><strong>entradas<\/strong>: recuerda comprobar los horarios de apertura y comprar las entradas con antelaci\u00f3n para evitar colas<\/li>\n\n\n\n<li><strong>ropa adecuada<\/strong>: v\u00edstete c\u00f3modamente y lleva calzado para caminar, ya que explorar\u00e1s terrenos variados<\/li>\n\n\n\n<li><strong>Protecci\u00f3n solar<\/strong>: no olvides llevar crema solar, sombrero y gafas de sol para protegerte durante tu visita al aire libre.<\/li>\n\n\n\n<li><strong>hidrataci\u00f3n y tentempi\u00e9s<\/strong>: lleva contigo una botella de agua y algunos tentempi\u00e9s para mantenerte en forma durante todo el d\u00eda<\/li>\n\n\n\n<li><strong>c\u00e1mara<\/strong>: no olvides tu c\u00e1mara para captar las magn\u00edficas vistas desde el castillo e inmortalizar tu experiencia<\/li>\n<\/ul>\n\n\n\n<p class=\"has-base-2-color has-text-color has-link-color wp-elements-4be1f241291ab03eb3b90a2983ba8edd\">El castillo fortificado de Maul\u00e9on te invita a un <strong>viaje<\/strong> en el tiempo, entre su patrimonio medieval y los majestuosos paisajes del interior del Pa\u00eds Vasco.<\/p>\n<\/div>\n<\/section>\n","protected":false},"excerpt":{"rendered":"<p>Aprovecha tu estancia en nuestro camping de Espelette para descubrir la majestuosa fortaleza de Maul\u00e9on, aut\u00e9ntico centinela del interior del Pa\u00eds Vasco. A s\u00f3lo una hora en coche, nuestro camping es el punto de partida ideal para un viaje que combina historia y magn\u00edficos paisajes. Descubre el castillo durante tu estancia en el camping El [&hellip;]<\/p>\n","protected":false},"author":1,"featured_media":75825,"comment_status":"closed","ping_status":"closed","sticky":false,"template":"","format":"standard","meta":{"_acf_changed":false,"_seopress_robots_primary_cat":"none","_seopress_titles_title":"Visita al castillo fortificado de Maul\u00e9on en el Pa\u00eds Vasco: informaci\u00f3n pr\u00e1ctica","_seopress_titles_desc":"El castillo Fort de Maul\u00e9on, situado en la encantadora comuna de Maul\u00e9on-Licharre, es un testimonio emblem\u00e1tico de la historia medieval de la regi\u00f3n.","_seopress_robots_index":"","inline_featured_image":false,"gt_fse_maillage_image":"https:\/\/www.camping-biper-gorri.com\/wp-content\/uploads\/2025\/10\/visite-chateau-fort-mauleon-cta.jpg","gt_fse_maillage_titre":"Castillo fortificado de Maul\u00e9on","gt_fse_maillage_alt":"visita al castillo del fuerte mauleon","gt_fse_maillage_resume":"","footnotes":""},"categories":[62],"tags":[70],"class_list":["post-88479","post","type-post","status-publish","format-standard","has-post-thumbnail","hentry","category-lugares","tag-castillo"],"acf":[],"_links":{"self":[{"href":"https:\/\/www.camping-biper-gorri.com\/es\/wp-json\/wp\/v2\/posts\/88479","targetHints":{"allow":["GET"]}}],"collection":[{"href":"https:\/\/www.camping-biper-gorri.com\/es\/wp-json\/wp\/v2\/posts"}],"about":[{"href":"https:\/\/www.camping-biper-gorri.com\/es\/wp-json\/wp\/v2\/types\/post"}],"author":[{"embeddable":true,"href":"https:\/\/www.camping-biper-gorri.com\/es\/wp-json\/wp\/v2\/users\/1"}],"replies":[{"embeddable":true,"href":"https:\/\/www.camping-biper-gorri.com\/es\/wp-json\/wp\/v2\/comments?post=88479"}],"version-history":[{"count":3,"href":"https:\/\/www.camping-biper-gorri.com\/es\/wp-json\/wp\/v2\/posts\/88479\/revisions"}],"predecessor-version":[{"id":90660,"href":"https:\/\/www.camping-biper-gorri.com\/es\/wp-json\/wp\/v2\/posts\/88479\/revisions\/90660"}],"wp:featuredmedia":[{"embeddable":true,"href":"https:\/\/www.camping-biper-gorri.com\/es\/wp-json\/wp\/v2\/media\/75825"}],"wp:attachment":[{"href":"https:\/\/www.camping-biper-gorri.com\/es\/wp-json\/wp\/v2\/media?parent=88479"}],"wp:term":[{"taxonomy":"category","embeddable":true,"href":"https:\/\/www.camping-biper-gorri.com\/es\/wp-json\/wp\/v2\/categories?post=88479"},{"taxonomy":"post_tag","embeddable":true,"href":"https:\/\/www.camping-biper-gorri.com\/es\/wp-json\/wp\/v2\/tags?post=88479"}],"curies":[{"name":"wp","href":"https:\/\/api.w.org\/{rel}","templated":true}]}}