{"id":88372,"date":"2025-10-07T09:06:02","date_gmt":"2025-10-07T09:06:02","guid":{"rendered":"https:\/\/www.camping-biper-gorri.com\/sin-categoria\/visite-musee-gateau-basque-sare\/"},"modified":"2025-10-31T09:30:50","modified_gmt":"2025-10-31T09:30:50","slug":"visita-museo-del-pastel-vasco-sare","status":"publish","type":"post","link":"https:\/\/www.camping-biper-gorri.com\/es\/lugares\/visita-museo-del-pastel-vasco-sare\/","title":{"rendered":"Visita al museo del pastel vasco en Sare"},"content":{"rendered":"\n<section class=\"wp-block-group alignfull gt_2-cta_007__bis article has-global-padding is-layout-constrained wp-container-core-group-is-layout-8f482fdf wp-block-group-is-layout-constrained\" style=\"margin-top:0px;margin-bottom:0px;padding-top:var(--wp--preset--spacing--10)\">\n<div class=\"wp-block-group alignfull full-width is-vertical is-content-justification-center is-nowrap is-layout-flex wp-container-core-group-is-layout-810f5976 wp-block-group-is-layout-flex\" style=\"border-radius:0px;margin-top:0px;margin-right:0px;margin-bottom:0px;margin-left:0px;padding-top:0px;padding-right:0;padding-bottom:0px;padding-left:0\">\n<p class=\"has-text-align-center\">Durante tu estancia en nuestro <a href=\"https:\/\/www.camping-biper-gorri.com\/es\/\">camping de Espelette<\/a>, reg\u00e1late un par\u00e9ntesis gastron\u00f3mico y aut\u00e9ntico descubriendo el <a href=\"https:\/\/www.legateaubasque.com\/\" target=\"_blank\" rel=\"noreferrer noopener nofollow\">Museo del Castillo Vasco<\/a>. A pocos kil\u00f3metros, nuestro camping est\u00e1 idealmente situado para que descubras esta <strong>meca de la pasteler\u00eda<\/strong> vasca.<\/p>\n\n\n\n<div class=\"wp-block-columns alignwide is-layout-flex wp-container-core-columns-is-layout-93fef87a wp-block-columns-is-layout-flex\" style=\"border-radius:0px;margin-top:0px;margin-right:0px;margin-bottom:0px;margin-left:0px;padding-top:0px;padding-right:0px;padding-bottom:0px;padding-left:0px\">\n<div class=\"wp-block-column is-vertically-aligned-top two-images is-layout-flow wp-block-column-is-layout-flow\" style=\"flex-basis:55%\">\n<div class=\"wp-block-group is-content-justification-center is-nowrap is-layout-flex wp-container-core-group-is-layout-d019b8d0 wp-block-group-is-layout-flex\" style=\"margin-top:0px;margin-right:0px;margin-bottom:0px;margin-left:0px\">\n<figure class=\"wp-block-image aligncenter size-full is-resized\"><img decoding=\"async\" width=\"967\" height=\"655\" src=\"https:\/\/www.camping-biper-gorri.com\/wp-content\/uploads\/2025\/10\/visite-du-musee-du-gateau-basque-a-sare.jpg\" alt=\"visita al museo del pastel vasco en sare\" class=\"wp-image-75741\" style=\"width:762px;height:auto\" srcset=\"https:\/\/www.camping-biper-gorri.com\/wp-content\/uploads\/2025\/10\/visite-du-musee-du-gateau-basque-a-sare.jpg 967w, https:\/\/www.camping-biper-gorri.com\/wp-content\/uploads\/2025\/10\/visite-du-musee-du-gateau-basque-a-sare-300x203.jpg 300w, https:\/\/www.camping-biper-gorri.com\/wp-content\/uploads\/2025\/10\/visite-du-musee-du-gateau-basque-a-sare-768x520.jpg 768w\" sizes=\"(max-width: 967px) 100vw, 967px\" \/><\/figure>\n<\/div>\n<\/div>\n\n\n\n<div class=\"wp-block-column is-vertically-aligned-center is-layout-flow wp-block-column-is-layout-flow\" style=\"flex-basis:45%\">\n<div class=\"wp-block-group has-global-padding is-content-justification-left is-layout-constrained wp-container-core-group-is-layout-1c1e5e78 wp-block-group-is-layout-constrained\" style=\"margin-top:0px;margin-right:0px;margin-bottom:0px;margin-left:0px\">\n<h2 class=\"wp-block-heading\"><strong>Descubre el museo del pastel vasco<\/strong> durante tu estancia en el camping<\/h2>\n\n\n\n<p>Aut\u00e9ntico s\u00edmbolo de la gastronom\u00eda local, el pastel vasco es una instituci\u00f3n culinaria en la regi\u00f3n. El museo, situado en <a href=\"https:\/\/www.en-pays-basque.fr\/es\/territorio-y-destino\/el-valle-del-urdazuri\/sara\/\" target=\"_blank\" rel=\"noreferrer noopener nofollow\">Sare<\/a>, te invita a <strong>sumergirte<\/strong> en la historia y los secretos de fabricaci\u00f3n de este <strong>postre emblem\u00e1tico<\/strong>, cuyos or\u00edgenes se remontan al siglo XIX. <\/p>\n\n\n\n<p>Para empezar, disfruta de una visita con un aut\u00e9ntico pastelero especializado. Te explicar\u00e1 <strong>la historia y los or\u00edgenes<\/strong> del tradicional pastel vasco. Luego te ense\u00f1ar\u00e1 todos los pasos y <g id=\"gid_1\">secretos de esta famosa receta<\/g>. Sin olvidar la <g id=\"gid_2\">deliciosa degustaci\u00f3n<\/g> al final de la visita. El buen humor y el compartir son las consignas de esta visita.    <\/p>\n\n\n\n<p>Si eres aprendiz de pastelero, puedes participar en una serie de <strong>talleres<\/strong> y elaborar tu propio pastel vasco. El chef te dar\u00e1 <strong>todos los consejos<\/strong> y <strong>trucos<\/strong> que necesitas para hacer la receta perfecta. El pastel vasco no tendr\u00e1 secretos para ti.  <\/p>\n\n\n\n<p>Para los m\u00e1s golosos, despu\u00e9s de tu visita puedes disfrutar de una comida o saciar tu sed en la <strong>bodega Tinka<\/strong>, un lugar \u00fanico y acogedor para seguir descubriendo el Pa\u00eds Vasco.<\/p>\n<\/div>\n<\/div>\n<\/div>\n\n\n\n<div class=\"wp-block-columns is-layout-flex wp-container-core-columns-is-layout-28f84493 wp-block-columns-is-layout-flex\">\n<div class=\"wp-block-column is-layout-flow wp-block-column-is-layout-flow\">\n<div class=\"wp-block-group has-custom-ver-eau-clair-background-color has-background has-global-padding is-layout-constrained wp-container-core-group-is-layout-9597dc02 wp-block-group-is-layout-constrained\" style=\"border-radius:15px;padding-top:var(--wp--preset--spacing--10);padding-right:var(--wp--preset--spacing--10);padding-bottom:var(--wp--preset--spacing--10);padding-left:var(--wp--preset--spacing--10)\">\n<p class=\"has-text-align-center has-custom-vert-fonce-color has-text-color has-link-color wp-elements-0bd4e46c072c41d7541c7812c4188b70\" style=\"font-size:clamp(0.984rem, 0.984rem + ((1vw - 0.2rem) * 0.86), 1.5rem);font-style:normal;font-weight:500;text-transform:uppercase\">Horario<\/p>\n\n\n\n<p style=\"margin-bottom:0px\">Del 16\/04 al 02\/11:<\/p>\n\n\n\n<ul style=\"margin-top:0px\" class=\"wp-block-list\">\n<li>Lunes y viernes: <strong>abierto todo el d\u00eda<\/strong><\/li>\n\n\n\n<li>Martes y jueves: <strong>14.30 &#8211; 16.30 h<\/strong><\/li>\n\n\n\n<li>Mi\u00e9rcoles: <strong>10.30-12.30 \/ 14.30-16.30<\/strong><\/li>\n\n\n\n<li>S\u00e1bado y domingo: <strong>cerrado<\/strong><\/li>\n<\/ul>\n<\/div>\n<\/div>\n\n\n\n<div class=\"wp-block-column middle is-layout-flow wp-block-column-is-layout-flow\" style=\"border-right-style:none;border-right-width:0px;border-left-style:none;border-left-width:0px;padding-right:var(--wp--preset--spacing--10);padding-left:var(--wp--preset--spacing--10)\">\n<div class=\"wp-block-group has-custom-ver-eau-clair-background-color has-background has-global-padding is-layout-constrained wp-container-core-group-is-layout-9597dc02 wp-block-group-is-layout-constrained\" style=\"border-radius:15px;padding-top:var(--wp--preset--spacing--10);padding-right:var(--wp--preset--spacing--10);padding-bottom:var(--wp--preset--spacing--10);padding-left:var(--wp--preset--spacing--10)\">\n<p class=\"has-text-align-center has-custom-vert-fonce-color has-text-color has-link-color wp-elements-0fca45bab8cd5c495c904e8795e45529\" style=\"font-size:clamp(0.984rem, 0.984rem + ((1vw - 0.2rem) * 0.86), 1.5rem);font-style:normal;font-weight:500;text-transform:uppercase\">Precios y Reservas<\/p>\n\n\n\n<p style=\"margin-bottom:0px\"><strong>Museo :<\/strong><\/p>\n\n\n\n<ul style=\"margin-top:0px\" class=\"wp-block-list\">\n<li>Ni\u00f1os: <strong>7<\/strong><\/li>\n\n\n\n<li>Adultos:<strong> 9<\/strong><\/li>\n<\/ul>\n\n\n\n<p style=\"margin-bottom:0px\"><strong><strong>Talleres :<\/strong><\/strong><\/p>\n\n\n\n<ul style=\"margin-top:0px\" class=\"wp-block-list\">\n<li>Ni\u00f1os (de 5 a 12 a\u00f1os, pagando el adulto acompa\u00f1ante): <strong>20 euros<\/strong><\/li>\n\n\n\n<li>N\u00b01 (a partir de 8 a\u00f1os): <strong>30 euros<\/strong><\/li>\n\n\n\n<li>Reserva completa (a partir de 12 a\u00f1os): <strong>40<\/strong><\/li>\n<\/ul>\n<\/div>\n<\/div>\n\n\n\n<div class=\"wp-block-column is-layout-flow wp-block-column-is-layout-flow\">\n<div class=\"wp-block-group has-custom-ver-eau-clair-background-color has-background has-global-padding is-layout-constrained wp-container-core-group-is-layout-9597dc02 wp-block-group-is-layout-constrained\" style=\"border-radius:15px;padding-top:var(--wp--preset--spacing--10);padding-right:var(--wp--preset--spacing--10);padding-bottom:var(--wp--preset--spacing--10);padding-left:var(--wp--preset--spacing--10)\">\n<p class=\"has-text-align-center has-custom-vert-fonce-color has-text-color has-link-color wp-elements-71cc352f8e7c1d2e4a3d4b08b2081286\" style=\"font-size:clamp(0.984rem, 0.984rem + ((1vw - 0.2rem) * 0.86), 1.5rem);font-style:normal;font-weight:500;text-transform:uppercase\">Paquetes<\/p>\n\n\n\n<ul class=\"wp-block-list\">\n<li>Taller 1 + plato gourmet: <strong>47<\/strong><\/li>\n\n\n\n<li>Taller 1 + aperitivo dulce: <strong>39<\/strong><\/li>\n\n\n\n<li>Taller completo + plato gourmet\u00bb: <strong>56<\/strong><\/li>\n\n\n\n<li>Pase gastron\u00f3mico \u00abvisita descubrimiento + plato gastron\u00f3mico + taller n\u00ba 1\u00bb: <strong>55<\/strong><\/li>\n<\/ul>\n<\/div>\n<\/div>\n<\/div>\n\n\n\n<p class=\"has-text-align-center gt-no-padding-mobile\" style=\"margin-top:0;margin-right:var(--wp--preset--spacing--60);margin-left:var(--wp--preset--spacing--60)\"><strong>Aparcamiento:<\/strong> al borde de la ruta departamental 406, acceso peatonal.<\/p>\n\n\n\n<figure class=\"wp-block-image size-full is-resized\" style=\"margin-top:0px;margin-right:0px;margin-bottom:0px;margin-left:0px\"><img decoding=\"async\" width=\"464\" height=\"221\" src=\"https:\/\/www.camping-biper-gorri.com\/wp-content\/uploads\/2025\/08\/soleil.png\" alt=\"localizador gorri\" class=\"wp-image-188\" style=\"width:463.0675354003906px\" srcset=\"https:\/\/www.camping-biper-gorri.com\/wp-content\/uploads\/2025\/08\/soleil.png 464w, https:\/\/www.camping-biper-gorri.com\/wp-content\/uploads\/2025\/08\/soleil-300x143.png 300w\" sizes=\"(max-width: 464px) 100vw, 464px\" \/><\/figure>\n<\/div>\n<\/section>\n\n<section class=\"wp-block-group alignfull gt_1-cta-1photo_003 article is-layout-flow wp-block-group-is-layout-flow\" style=\"margin-top:0px;margin-bottom:0px;padding-bottom:153px\">\n<div class=\"wp-block-group has-global-padding is-layout-constrained wp-container-core-group-is-layout-c3c54179 wp-block-group-is-layout-constrained\" style=\"padding-bottom:101px\">\n<div class=\"wp-block-cover aligncenter has-custom-content-position is-position-bottom-center animated fadeIn\" style=\"min-height:70vh;aspect-ratio:unset;\"><img decoding=\"async\" width=\"1024\" height=\"436\" class=\"wp-block-cover__image-background wp-image-75746 size-large\" alt=\"sare pays basque\" src=\"https:\/\/www.camping-biper-gorri.com\/wp-content\/uploads\/2025\/10\/sare-pays-basque-1024x436.jpg\" data-object-fit=\"cover\" srcset=\"https:\/\/www.camping-biper-gorri.com\/wp-content\/uploads\/2025\/10\/sare-pays-basque-1024x436.jpg 1024w, https:\/\/www.camping-biper-gorri.com\/wp-content\/uploads\/2025\/10\/sare-pays-basque-300x128.jpg 300w, https:\/\/www.camping-biper-gorri.com\/wp-content\/uploads\/2025\/10\/sare-pays-basque-768x327.jpg 768w, https:\/\/www.camping-biper-gorri.com\/wp-content\/uploads\/2025\/10\/sare-pays-basque.jpg 1500w\" sizes=\"(max-width: 1024px) 100vw, 1024px\" \/><span aria-hidden=\"true\" class=\"wp-block-cover__background has-contrast-background-color has-background-dim-20 has-background-dim\"><\/span><div class=\"wp-block-cover__inner-container is-layout-flow wp-block-cover-is-layout-flow\">\n<div class=\"wp-block-group titre-deco is-vertical is-content-justification-center is-layout-flex wp-container-core-group-is-layout-ab6239d0 wp-block-group-is-layout-flex\" style=\"margin-bottom:0px\">\n<p class=\"has-text-align-center has-base-2-color has-text-color has-link-color has-olive-citrus-font-family wp-elements-f4984cd7de6c314ec912f3c63f5e4297\" style=\"font-size:clamp(3.615rem, 3.615rem + ((1vw - 0.2rem) * 6.475), 7.5rem);line-height:0.4\">Prepara<\/p>\n\n\n\n<p class=\"has-text-align-center has-base-2-color has-text-color has-link-color has-boho-monoline-font-family wp-elements-368dc4f528f414b26441248ddf65271d\" style=\"font-size:clamp(3.521rem, 3.521rem + ((1vw - 0.2rem) * 6.215), 7.25rem);line-height:0.86\">su excursi\u00f3n<\/p>\n<\/div>\n<\/div><\/div>\n<\/div>\n\n\n\n<div class=\"wp-block-group alignfull full-width has-global-padding is-layout-constrained wp-container-core-group-is-layout-8c8c9b81 wp-block-group-is-layout-constrained\" style=\"border-radius:0px;margin-top:0px;margin-right:0px;margin-bottom:0px;margin-left:0px;padding-top:0px;padding-right:var(--wp--preset--spacing--50);padding-bottom:0px;padding-left:var(--wp--preset--spacing--50)\">\n<h2 class=\"wp-block-heading has-text-align-center full-width has-text-color\" style=\"color:rgba(255,255,255,1)\"><strong>\u00bfC\u00f3mo preparar tu salida <br\/>del camping hacia el Museo Vasco del Pastel?<\/strong><\/h2>\n\n\n\n<div style=\"height:2rem\" aria-hidden=\"true\" class=\"wp-block-spacer gt-show-mobile\"><\/div>\n\n\n\n<p class=\"has-base-2-color has-text-color has-link-color wp-elements-22dfd246526a2214215f0b4d7ca469ad\">Desde nuestro camping, cerca del Museo Vasco del Pastel, te damos <strong>algunos consejos<\/strong> para que aproveches al m\u00e1ximo tu visita:<\/p>\n\n\n\n<ul style=\"padding-left:var(--wp--preset--spacing--30)\" class=\"wp-block-list has-base-2-color has-text-color has-link-color wp-elements-a576330ee4be1eff202e502fe76b263c\">\n<li><strong>bloc de notas<\/strong>: para anotar consejos y recetas reveladas por el chef<\/li>\n\n\n\n<li><strong>c\u00e1mara<\/strong>: para inmortalizar tu taller y tus creaciones<\/li>\n\n\n\n<li><strong>gafas de sol y ropa informal<\/strong>: para disfrutar de la terraza de la bodega despu\u00e9s de tu visita<\/li>\n\n\n\n<li><strong>Reservas anticipadas<\/strong>: muy recomendable para los talleres, que son un gran \u00e9xito<\/li>\n<\/ul>\n\n\n\n<p class=\"has-base-2-color has-text-color has-link-color wp-elements-45ac7d41cbc38a3b837d6b0219e1cb07\">El Mus\u00e9e du G\u00e2teau Basque te garantiza una <strong>experiencia gastron\u00f3mica y de convivencia<\/strong>, perfecta para realzar tu estancia en el coraz\u00f3n del Pa\u00eds Vasco.<\/p>\n<\/div>\n<\/section>\n","protected":false},"excerpt":{"rendered":"<p>Durante tu estancia en nuestro camping de Espelette, reg\u00e1late un par\u00e9ntesis gastron\u00f3mico y aut\u00e9ntico descubriendo el Museo del Castillo Vasco. A pocos kil\u00f3metros, nuestro camping est\u00e1 idealmente situado para que descubras esta meca de la pasteler\u00eda vasca. Descubre el museo del pastel vasco durante tu estancia en el camping Aut\u00e9ntico s\u00edmbolo de la gastronom\u00eda local, [&hellip;]<\/p>\n","protected":false},"author":1,"featured_media":75734,"comment_status":"closed","ping_status":"closed","sticky":false,"template":"","format":"standard","meta":{"_acf_changed":false,"_seopress_robots_primary_cat":"none","_seopress_titles_title":"Visita el museo del pastel vasco en Sare Pays basque","_seopress_titles_desc":"Sum\u00e9rgete en la historia del pastel vasco en el Museo de Sare: visitas guiadas, demostraciones en una cocina reconstruida, degustaciones y divertidos talleres para peque\u00f1os y mayores.","_seopress_robots_index":"","inline_featured_image":false,"gt_fse_maillage_image":"https:\/\/www.camping-biper-gorri.com\/wp-content\/uploads\/2025\/10\/visite-musee-gateau-basque-sare-cta.jpg","gt_fse_maillage_titre":"Museo del Pastel Vasco","gt_fse_maillage_alt":"visita al museo del pastel vasco de sare","gt_fse_maillage_resume":"","footnotes":""},"categories":[62],"tags":[78],"class_list":["post-88372","post","type-post","status-publish","format-standard","has-post-thumbnail","hentry","category-lugares","tag-museos"],"acf":[],"_links":{"self":[{"href":"https:\/\/www.camping-biper-gorri.com\/es\/wp-json\/wp\/v2\/posts\/88372","targetHints":{"allow":["GET"]}}],"collection":[{"href":"https:\/\/www.camping-biper-gorri.com\/es\/wp-json\/wp\/v2\/posts"}],"about":[{"href":"https:\/\/www.camping-biper-gorri.com\/es\/wp-json\/wp\/v2\/types\/post"}],"author":[{"embeddable":true,"href":"https:\/\/www.camping-biper-gorri.com\/es\/wp-json\/wp\/v2\/users\/1"}],"replies":[{"embeddable":true,"href":"https:\/\/www.camping-biper-gorri.com\/es\/wp-json\/wp\/v2\/comments?post=88372"}],"version-history":[{"count":3,"href":"https:\/\/www.camping-biper-gorri.com\/es\/wp-json\/wp\/v2\/posts\/88372\/revisions"}],"predecessor-version":[{"id":90667,"href":"https:\/\/www.camping-biper-gorri.com\/es\/wp-json\/wp\/v2\/posts\/88372\/revisions\/90667"}],"wp:featuredmedia":[{"embeddable":true,"href":"https:\/\/www.camping-biper-gorri.com\/es\/wp-json\/wp\/v2\/media\/75734"}],"wp:attachment":[{"href":"https:\/\/www.camping-biper-gorri.com\/es\/wp-json\/wp\/v2\/media?parent=88372"}],"wp:term":[{"taxonomy":"category","embeddable":true,"href":"https:\/\/www.camping-biper-gorri.com\/es\/wp-json\/wp\/v2\/categories?post=88372"},{"taxonomy":"post_tag","embeddable":true,"href":"https:\/\/www.camping-biper-gorri.com\/es\/wp-json\/wp\/v2\/tags?post=88372"}],"curies":[{"name":"wp","href":"https:\/\/api.w.org\/{rel}","templated":true}]}}