{"id":88357,"date":"2025-10-07T08:01:20","date_gmt":"2025-10-07T08:01:20","guid":{"rendered":"https:\/\/www.camping-biper-gorri.com\/sin-categoria\/tourisme-plages-biarritz\/"},"modified":"2025-10-31T09:17:20","modified_gmt":"2025-10-31T09:17:20","slug":"turismo-playas-biarritz","status":"publish","type":"post","link":"https:\/\/www.camping-biper-gorri.com\/es\/lugares\/turismo-playas-biarritz\/","title":{"rendered":"Las playas m\u00e1s bonitas de Biarritz"},"content":{"rendered":"\n<section class=\"wp-block-group alignfull gt_2-cta_007__bis article has-global-padding is-layout-constrained wp-container-core-group-is-layout-8f482fdf wp-block-group-is-layout-constrained\" style=\"margin-top:0px;margin-bottom:0px;padding-top:var(--wp--preset--spacing--10)\">\n<div class=\"wp-block-group alignfull full-width is-vertical is-content-justification-center is-nowrap is-layout-flex wp-container-core-group-is-layout-810f5976 wp-block-group-is-layout-flex\" style=\"border-radius:0px;margin-top:0px;margin-right:0px;margin-bottom:0px;margin-left:0px;padding-top:0px;padding-right:0;padding-bottom:0px;padding-left:0\">\n<p class=\"has-text-align-center\">Aprovecha tu estancia en nuestro <a href=\"https:\/\/www.camping-biper-gorri.com\/es\/\">camping de Espelette<\/a> para descubrir las <strong>playas m\u00e1s bonitas de Biarritz<\/strong>. Gracias a la ubicaci\u00f3n privilegiada de nuestro camping cerca de las playas de Biarritz, podr\u00e1s llegar <strong>en menos de 40 minutos<\/strong> a esta joya de la costa vasca, donde la naturaleza virgen, el surf y la relajaci\u00f3n se dan la mano cada d\u00eda.<\/p>\n\n\n\n<div class=\"wp-block-columns alignwide is-layout-flex wp-container-core-columns-is-layout-93fef87a wp-block-columns-is-layout-flex\" style=\"border-radius:0px;margin-top:0px;margin-right:0px;margin-bottom:0px;margin-left:0px;padding-top:0px;padding-right:0px;padding-bottom:0px;padding-left:0px\">\n<div class=\"wp-block-column is-vertically-aligned-top two-images is-layout-flow wp-block-column-is-layout-flow\" style=\"flex-basis:55%\">\n<div data-swiper=\"{&quot;speed&quot;:400,&quot;spaceBetween&quot;:16,&quot;slidesPerView&quot;:1,&quot;createElements&quot;:true,&quot;loop&quot;:true,&quot;navigation&quot;:{&quot;nextEl&quot;:null,&quot;prevEl&quot;:null},&quot;pagination&quot;:{&quot;el&quot;:&quot;.swiper-pagination&quot;,&quot;dynamicBullets&quot;:false,&quot;clickable&quot;:true},&quot;breakpoints&quot;:[{&quot;slidesPerView&quot;:1}],&quot;direction&quot;:&quot;vertical&quot;,&quot;freeMode&quot;:false,&quot;autoplay&quot;:true,&quot;delay&quot;:2000}\" id=\"slider-first\" class=\"wp-block-group animated fadeIn gt-is-slider gt-is-slider-desktop is-layout-grid wp-container-core-group-is-layout-478b6e6b wp-block-group-is-layout-grid\">\n<figure class=\"wp-block-image aligncenter size-full\"><img decoding=\"async\" width=\"967\" height=\"655\" src=\"https:\/\/www.camping-biper-gorri.com\/wp-content\/uploads\/2025\/10\/la-grande-plage-de-biarritz.jpg\" alt=\"la gran playa de biarritz\" class=\"wp-image-71469\" srcset=\"https:\/\/www.camping-biper-gorri.com\/wp-content\/uploads\/2025\/10\/la-grande-plage-de-biarritz.jpg 967w, https:\/\/www.camping-biper-gorri.com\/wp-content\/uploads\/2025\/10\/la-grande-plage-de-biarritz-300x203.jpg 300w, https:\/\/www.camping-biper-gorri.com\/wp-content\/uploads\/2025\/10\/la-grande-plage-de-biarritz-768x520.jpg 768w\" sizes=\"(max-width: 967px) 100vw, 967px\" \/><\/figure>\n\n\n\n<figure class=\"wp-block-image size-full\"><img decoding=\"async\" width=\"967\" height=\"655\" src=\"https:\/\/www.camping-biper-gorri.com\/wp-content\/uploads\/2025\/10\/plage-du-port-vieux-de-biarritz.jpg\" alt=\"playa del puerto viejo de biarritz\" class=\"wp-image-71474\" style=\"object-fit:cover\" srcset=\"https:\/\/www.camping-biper-gorri.com\/wp-content\/uploads\/2025\/10\/plage-du-port-vieux-de-biarritz.jpg 967w, https:\/\/www.camping-biper-gorri.com\/wp-content\/uploads\/2025\/10\/plage-du-port-vieux-de-biarritz-300x203.jpg 300w, https:\/\/www.camping-biper-gorri.com\/wp-content\/uploads\/2025\/10\/plage-du-port-vieux-de-biarritz-768x520.jpg 768w\" sizes=\"(max-width: 967px) 100vw, 967px\" \/><\/figure>\n\n\n\n<figure class=\"wp-block-image size-full\"><img decoding=\"async\" width=\"967\" height=\"655\" src=\"https:\/\/www.camping-biper-gorri.com\/wp-content\/uploads\/2025\/10\/cote-des-basques-a-biarritz.jpg\" alt=\"la costa vasca en biarritz\" class=\"wp-image-71479\" style=\"object-fit:cover\" srcset=\"https:\/\/www.camping-biper-gorri.com\/wp-content\/uploads\/2025\/10\/cote-des-basques-a-biarritz.jpg 967w, https:\/\/www.camping-biper-gorri.com\/wp-content\/uploads\/2025\/10\/cote-des-basques-a-biarritz-300x203.jpg 300w, https:\/\/www.camping-biper-gorri.com\/wp-content\/uploads\/2025\/10\/cote-des-basques-a-biarritz-768x520.jpg 768w\" sizes=\"(max-width: 967px) 100vw, 967px\" \/><\/figure>\n<\/div>\n<\/div>\n\n\n\n<div class=\"wp-block-column is-vertically-aligned-center is-layout-flow wp-block-column-is-layout-flow\" style=\"flex-basis:45%\">\n<div class=\"wp-block-group has-global-padding is-content-justification-left is-layout-constrained wp-container-core-group-is-layout-1c1e5e78 wp-block-group-is-layout-constrained\" style=\"margin-top:0px;margin-right:0px;margin-bottom:0px;margin-left:0px\">\n<h2 class=\"wp-block-heading\"><strong>Descubre las playas de Biarritz<\/strong> <br\/>durante tu estancia en el camping<\/h2>\n\n\n\n<p>Las playas de Biarritz: un joyero de belleza entre mar y monta\u00f1a.<\/p>\n\n\n\n<p><a href=\"https:\/\/www.camping-biper-gorri.com\/es\/lugares\/turismo-biarritz\/\">Biarritz<\/a>, la joya de la Costa Vasca, es famosa por sus magn\u00edficas playas, que atraen a los amantes del <strong>sol<\/strong>, <strong>el surf<\/strong> y la <strong>relajaci\u00f3n<\/strong>.<\/p>\n\n\n    <div id=\"gt-fse-lire-plus-69f35e6c8a5cb\" class=\"gt-fse-lire-plus\" data-min-height=\"130\" style=\"background-color: #f9f9f9;\">\n        <input id=\"gt-fse-lire-plus-69f35e6c8a5cb-toggle\" type=\"checkbox\" class=\"gt-fse-lire-plus__toggle\" \/>\n        <label for=\"gt-fse-lire-plus-69f35e6c8a5cb-toggle\" class=\"gt-fse-lire-plus__toggle-label\">\n            <span>Leer m\u00e1s<\/span>\n            <span>Leer menos<\/span>\n        <\/label>\n        <div class=\"gt-fse-lire-plus__content\" style=\"height: 130px;\">\n            \n\n<ul style=\"padding-left:var(--wp--preset--spacing--30)\" class=\"wp-block-list\">\n<li><a href=\"https:\/\/www.biarritz.fr\/cadre-de-vie-bizi-ingurunea\/plages\/grande-plage\" target=\"_blank\" rel=\"noreferrer noopener nofollow\">Grande Plage<\/a>: esta playa principal se extiende por una amplia zona de arena dorada, rodeada de magn\u00edficos edificios de la Belle \u00c9poque. Es el lugar ideal para tomar el sol o disfrutar de un ba\u00f1o en las olas del Atl\u00e1ntico.<\/li>\n\n\n\n<li><a href=\"https:\/\/www.biarritz.fr\/cadre-de-vie-bizi-ingurunea\/plages\/port-vieux\" target=\"_blank\" rel=\"noreferrer noopener nofollow\">Plage du Port-Vieux<\/a>: m\u00e1s \u00edntima, esta playa ofrece un entorno tranquilo, perfecto para familias. Sus aguas tranquilas son ideales para los ni\u00f1os y los nadadores menos experimentados. Las terracitas de los caf\u00e9s que bordean la playa te invitan a disfrutar de una bebida mientras admiras el panorama.<\/li>\n\n\n\n<li><a href=\"https:\/\/www.biarritz.fr\/cadre-de-vie-bizi-ingurunea\/plages\/cote-des-basques\" target=\"_blank\" rel=\"noreferrer noopener nofollow\">C\u00f4te des Basques<\/a>: famosa por sus potentes olas, esta playa es una visita obligada para los aficionados al surf, ya que atrae a entusiastas de todos los niveles. Las vistas de los acantilados y de la ciudad, especialmente al atardecer, son impresionantes.<\/li>\n<\/ul>\n\n\n\n<p>Las playas de Biarritz ofrecen algo m\u00e1s que belleza natural. Tambi\u00e9n ofrecen un <strong>sinf\u00edn de actividades<\/strong>, desde clases de voley-playa y surf hasta actos culturales y conciertos en verano, que crean un <strong>ambiente festivo y acogedor<\/strong>. <\/p>\n\n\n\n<p>En resumen, las playas de Biarritz son la mezcla perfecta de naturaleza y actividades, lo que convierte a este destino en imprescindible para disfrutar del oc\u00e9ano y del sol en un <strong>entorno excepcional<\/strong>.<\/p>\n\n            <div class=\"gt-fse-lire-plus__gradient\" style=\"background: linear-gradient(to bottom,rgba(249,249,249,0) 0%,rgba(249,249,249,1) 100%);\"><\/div>\n        <\/div>\n    <\/div>\n    <\/div>\n<\/div>\n<\/div>\n\n\n\n<div class=\"wp-block-columns alignwide is-layout-flex wp-container-core-columns-is-layout-93fef87a wp-block-columns-is-layout-flex\" style=\"border-radius:0px;margin-top:0px;margin-right:0px;margin-bottom:0px;margin-left:0px;padding-top:0px;padding-right:0px;padding-bottom:0px;padding-left:0px\">\n<div class=\"wp-block-column is-vertically-aligned-center is-layout-flow wp-block-column-is-layout-flow\" style=\"flex-basis:45%\">\n<div class=\"wp-block-group has-global-padding is-content-justification-left is-layout-constrained wp-container-core-group-is-layout-1c1e5e78 wp-block-group-is-layout-constrained\" style=\"margin-top:0px;margin-right:0px;margin-bottom:0px;margin-left:0px\">\n<h2 class=\"wp-block-heading\">Aparcamiento en Biarritz<\/h2>\n\n\n\n<p>Para acceder f\u00e1cilmente a las playas, aqu\u00ed tienes algunas opciones de aparcamiento:<\/p>\n\n\n\n<ul style=\"padding-left:var(--wp--preset--spacing--30)\" class=\"wp-block-list\">\n<li><strong>Aparcamiento de la Grande Plage<\/strong>: situado en las inmediaciones, ideal para acceder r\u00e1pidamente. Tarifas: unos 2,50 euros por hora. <\/li>\n\n\n\n<li><strong>Aparcamiento C\u00f4te des Basques<\/strong>: perfecto para los surfistas, este aparcamiento tambi\u00e9n est\u00e1 cerca de la playa. Precio: unos 2,50 euros la hora. <\/li>\n\n\n\n<li><strong>Aparcamiento subterr\u00e1neo de Atalaye<\/strong>: un poco m\u00e1s lejos, pero a poca distancia del centro de la ciudad y de las playas. Tarifas: alrededor de 1,50 \u20ac por hora. <\/li>\n<\/ul>\n\n\n\n<p>Recuerda comprobar <strong>la disponibilidad<\/strong>, sobre todo en verano, y dejar un poco de tiempo para encontrar aparcamiento. \u00a1Feliz ba\u00f1o! <\/p>\n<\/div>\n<\/div>\n\n\n\n<div class=\"wp-block-column is-vertically-aligned-top two-images is-layout-flow wp-block-column-is-layout-flow\" style=\"flex-basis:55%\">\n<div class=\"wp-block-group is-content-justification-center is-nowrap is-layout-flex wp-container-core-group-is-layout-d019b8d0 wp-block-group-is-layout-flex\" style=\"margin-top:0px;margin-right:0px;margin-bottom:0px;margin-left:0px\">\n<figure class=\"wp-block-image aligncenter size-full\"><img decoding=\"async\" width=\"967\" height=\"655\" src=\"https:\/\/www.camping-biper-gorri.com\/wp-content\/uploads\/2025\/10\/stationnement-a-biarritz.jpg\" alt=\"aparcamiento en biarritz\" class=\"wp-image-71484\" srcset=\"https:\/\/www.camping-biper-gorri.com\/wp-content\/uploads\/2025\/10\/stationnement-a-biarritz.jpg 967w, https:\/\/www.camping-biper-gorri.com\/wp-content\/uploads\/2025\/10\/stationnement-a-biarritz-300x203.jpg 300w, https:\/\/www.camping-biper-gorri.com\/wp-content\/uploads\/2025\/10\/stationnement-a-biarritz-768x520.jpg 768w\" sizes=\"(max-width: 967px) 100vw, 967px\" \/><\/figure>\n<\/div>\n<\/div>\n<\/div>\n\n\n\n<figure class=\"wp-block-image size-full is-resized\" style=\"margin-top:0px;margin-right:0px;margin-bottom:0px;margin-left:0px\"><img decoding=\"async\" width=\"464\" height=\"221\" src=\"https:\/\/www.camping-biper-gorri.com\/wp-content\/uploads\/2025\/08\/soleil.png\" alt=\"localizador gorri\" class=\"wp-image-188\" style=\"width:463.0675354003906px\" srcset=\"https:\/\/www.camping-biper-gorri.com\/wp-content\/uploads\/2025\/08\/soleil.png 464w, https:\/\/www.camping-biper-gorri.com\/wp-content\/uploads\/2025\/08\/soleil-300x143.png 300w\" sizes=\"(max-width: 464px) 100vw, 464px\" \/><\/figure>\n<\/div>\n<\/section>\n\n<section class=\"wp-block-group alignfull gt_1-cta-1photo_003 article is-layout-flow wp-block-group-is-layout-flow\" style=\"margin-top:0px;margin-bottom:0px;padding-bottom:153px\">\n<div class=\"wp-block-group has-global-padding is-layout-constrained wp-container-core-group-is-layout-c3c54179 wp-block-group-is-layout-constrained\" style=\"padding-bottom:101px\">\n<div class=\"wp-block-cover aligncenter has-custom-content-position is-position-bottom-center animated fadeIn\" style=\"min-height:70vh;aspect-ratio:unset;\"><img decoding=\"async\" width=\"1024\" height=\"436\" class=\"wp-block-cover__image-background wp-image-71489 size-large\" alt=\"comment bien preparer son depart pour biarritz depuis le camping\" src=\"https:\/\/www.camping-biper-gorri.com\/wp-content\/uploads\/2025\/10\/comment-bien-preparer-son-depart-pour-biarritz-depuis-le-camping-1024x436.jpg\" data-object-fit=\"cover\" srcset=\"https:\/\/www.camping-biper-gorri.com\/wp-content\/uploads\/2025\/10\/comment-bien-preparer-son-depart-pour-biarritz-depuis-le-camping-1024x436.jpg 1024w, https:\/\/www.camping-biper-gorri.com\/wp-content\/uploads\/2025\/10\/comment-bien-preparer-son-depart-pour-biarritz-depuis-le-camping-300x128.jpg 300w, https:\/\/www.camping-biper-gorri.com\/wp-content\/uploads\/2025\/10\/comment-bien-preparer-son-depart-pour-biarritz-depuis-le-camping-768x327.jpg 768w, https:\/\/www.camping-biper-gorri.com\/wp-content\/uploads\/2025\/10\/comment-bien-preparer-son-depart-pour-biarritz-depuis-le-camping.jpg 1500w\" sizes=\"(max-width: 1024px) 100vw, 1024px\" \/><span aria-hidden=\"true\" class=\"wp-block-cover__background has-contrast-background-color has-background-dim-10 has-background-dim\"><\/span><div class=\"wp-block-cover__inner-container is-layout-flow wp-block-cover-is-layout-flow\">\n<div class=\"wp-block-group titre-deco is-vertical is-content-justification-center is-layout-flex wp-container-core-group-is-layout-ab6239d0 wp-block-group-is-layout-flex\" style=\"margin-bottom:0px\">\n<p class=\"has-text-align-center has-base-2-color has-text-color has-link-color has-olive-citrus-font-family wp-elements-f4984cd7de6c314ec912f3c63f5e4297\" style=\"font-size:clamp(3.615rem, 3.615rem + ((1vw - 0.2rem) * 6.475), 7.5rem);line-height:0.4\">Prepara<\/p>\n\n\n\n<p class=\"has-text-align-center has-base-2-color has-text-color has-link-color has-boho-monoline-font-family wp-elements-368dc4f528f414b26441248ddf65271d\" style=\"font-size:clamp(3.521rem, 3.521rem + ((1vw - 0.2rem) * 6.215), 7.25rem);line-height:0.86\">su excursi\u00f3n<\/p>\n<\/div>\n<\/div><\/div>\n<\/div>\n\n\n\n<div class=\"wp-block-group alignfull full-width has-global-padding is-layout-constrained wp-container-core-group-is-layout-8c8c9b81 wp-block-group-is-layout-constrained\" style=\"border-radius:0px;margin-top:0px;margin-right:0px;margin-bottom:0px;margin-left:0px;padding-top:0px;padding-right:var(--wp--preset--spacing--50);padding-bottom:0px;padding-left:var(--wp--preset--spacing--50)\">\n<h2 class=\"wp-block-heading has-text-align-center full-width has-text-color\" style=\"color:rgba(255,255,255,1)\"><strong>\u00bfC\u00f3mo puedes preparar tu salida<br\/>del camping hacia Biarritz?<\/strong><br\/><\/h2>\n\n\n\n<p class=\"has-base-2-color has-text-color has-link-color wp-elements-eb02e78e6c8fafa4564cbaf8349ed7c1\">Antes de salir de nuestro camping cerca de las playas de Biarritz, aseg\u00farate de tener :<\/p>\n\n\n\n<ul style=\"padding-left:var(--wp--preset--spacing--30)\" class=\"wp-block-list has-base-2-color has-text-color has-link-color wp-elements-8d1ade1e93d42f50a641a8c3fa1f6b3b\">\n<li><strong>toallas de playa<\/strong><\/li>\n\n\n\n<li><strong>crema solar (FPS alto)<\/strong><\/li>\n\n\n\n<li><strong>sombreros o gorras<\/strong><\/li>\n\n\n\n<li><strong>gafas de sol<\/strong><\/li>\n\n\n\n<li><strong>ba\u00f1ador<\/strong><\/li>\n\n\n\n<li><strong>llega pronto para encontrar aparcamiento<\/strong><\/li>\n<\/ul>\n\n\n\n<p class=\"has-base-2-color has-text-color has-link-color wp-elements-a0799ed043b2135b74c01ae4f2add492\">Biarritz promete momentos inolvidables de <strong>ba\u00f1o<\/strong>, <strong>deportes de tabla<\/strong>, <strong>descubrimientos gastron\u00f3micos<\/strong> y <strong>paisajes<\/strong> impresionantes.<\/p>\n<\/div>\n<\/section>\n","protected":false},"excerpt":{"rendered":"<p>Aprovecha tu estancia en nuestro camping de Espelette para descubrir las playas m\u00e1s bonitas de Biarritz. Gracias a la ubicaci\u00f3n privilegiada de nuestro camping cerca de las playas de Biarritz, podr\u00e1s llegar en menos de 40 minutos a esta joya de la costa vasca, donde la naturaleza virgen, el surf y la relajaci\u00f3n se dan [&hellip;]<\/p>\n","protected":false},"author":1,"featured_media":71463,"comment_status":"closed","ping_status":"closed","sticky":false,"template":"","format":"standard","meta":{"_acf_changed":false,"_seopress_robots_primary_cat":"none","_seopress_titles_title":"Las playas m\u00e1s bonitas de Biarritz I Playas Biarritz 64","_seopress_titles_desc":"Biarritz, la joya de la costa vasca, es famosa por sus magn\u00edficas playas, que atraen a los amantes del sol, el surf y la relajaci\u00f3n. La playa principal, la Grande Plage, se extiende por una amplia extensi\u00f3n de arena dorada, rodeada de magn\u00edficos edificios de la Belle \u00c9poque. Es el lugar perfecto para tomar el sol o disfrutar de un chapuz\u00f3n en las olas del Atl\u00e1ntico.  ","_seopress_robots_index":"","inline_featured_image":false,"gt_fse_maillage_image":"https:\/\/www.camping-biper-gorri.com\/wp-content\/uploads\/2025\/10\/tourisme-plages-biarritz-cta.jpg","gt_fse_maillage_titre":"Playas de Biarritz","gt_fse_maillage_alt":"turismo playas biarritz","gt_fse_maillage_resume":"","footnotes":""},"categories":[62],"tags":[85],"class_list":["post-88357","post","type-post","status-publish","format-standard","has-post-thumbnail","hentry","category-lugares","tag-playas"],"acf":[],"_links":{"self":[{"href":"https:\/\/www.camping-biper-gorri.com\/es\/wp-json\/wp\/v2\/posts\/88357","targetHints":{"allow":["GET"]}}],"collection":[{"href":"https:\/\/www.camping-biper-gorri.com\/es\/wp-json\/wp\/v2\/posts"}],"about":[{"href":"https:\/\/www.camping-biper-gorri.com\/es\/wp-json\/wp\/v2\/types\/post"}],"author":[{"embeddable":true,"href":"https:\/\/www.camping-biper-gorri.com\/es\/wp-json\/wp\/v2\/users\/1"}],"replies":[{"embeddable":true,"href":"https:\/\/www.camping-biper-gorri.com\/es\/wp-json\/wp\/v2\/comments?post=88357"}],"version-history":[{"count":3,"href":"https:\/\/www.camping-biper-gorri.com\/es\/wp-json\/wp\/v2\/posts\/88357\/revisions"}],"predecessor-version":[{"id":90153,"href":"https:\/\/www.camping-biper-gorri.com\/es\/wp-json\/wp\/v2\/posts\/88357\/revisions\/90153"}],"wp:featuredmedia":[{"embeddable":true,"href":"https:\/\/www.camping-biper-gorri.com\/es\/wp-json\/wp\/v2\/media\/71463"}],"wp:attachment":[{"href":"https:\/\/www.camping-biper-gorri.com\/es\/wp-json\/wp\/v2\/media?parent=88357"}],"wp:term":[{"taxonomy":"category","embeddable":true,"href":"https:\/\/www.camping-biper-gorri.com\/es\/wp-json\/wp\/v2\/categories?post=88357"},{"taxonomy":"post_tag","embeddable":true,"href":"https:\/\/www.camping-biper-gorri.com\/es\/wp-json\/wp\/v2\/tags?post=88357"}],"curies":[{"name":"wp","href":"https:\/\/api.w.org\/{rel}","templated":true}]}}