{"id":88345,"date":"2025-10-07T07:57:05","date_gmt":"2025-10-07T07:57:05","guid":{"rendered":"https:\/\/www.camping-biper-gorri.com\/sin-categoria\/tourisme-san-sebastian\/"},"modified":"2025-10-31T09:15:44","modified_gmt":"2025-10-31T09:15:44","slug":"turismo-san-sebastian","status":"publish","type":"post","link":"https:\/\/www.camping-biper-gorri.com\/es\/lugares\/turismo-san-sebastian\/","title":{"rendered":"Qu\u00e9 hacer en San Sebasti\u00e1n"},"content":{"rendered":"\n<section class=\"wp-block-group alignfull gt_2-cta_007__bis article has-global-padding is-layout-constrained wp-container-core-group-is-layout-8f482fdf wp-block-group-is-layout-constrained\" style=\"margin-top:0px;margin-bottom:0px;padding-top:var(--wp--preset--spacing--10)\">\n<div class=\"wp-block-group alignfull full-width is-vertical is-content-justification-center is-nowrap is-layout-flex wp-container-core-group-is-layout-810f5976 wp-block-group-is-layout-flex\" style=\"border-radius:0px;margin-top:0px;margin-right:0px;margin-bottom:0px;margin-left:0px;padding-top:0px;padding-right:0;padding-bottom:0px;padding-left:0\">\n<p class=\"has-text-align-center\">Alojarte en nuestro <a href=\"https:\/\/www.camping-biper-gorri.com\/es\/\">camping de Espelette<\/a> es la ocasi\u00f3n perfecta para descubrir San Sebasti\u00e1n, la <strong>perla de la costa vasca espa\u00f1ola<\/strong>. Gracias a la ubicaci\u00f3n ideal de nuestro establecimiento, podr\u00e1s visitar f\u00e1cilmente <a href=\"https:\/\/www.guide-du-paysbasque.com\/es\/experiencias\/estancias-fines-de-semana\/article-las-10-mejores-cosas-que-hacer-en-san-sebastian-342.html\" target=\"_blank\" rel=\"noreferrer noopener nofollow\">San Sebasti\u00e1n<\/a> y aprovechar al m\u00e1ximo su <strong>encanto \u00fanico<\/strong>.<\/p>\n\n\n\n<div class=\"wp-block-columns alignwide is-layout-flex wp-container-core-columns-is-layout-93fef87a wp-block-columns-is-layout-flex\" style=\"border-radius:0px;margin-top:0px;margin-right:0px;margin-bottom:0px;margin-left:0px;padding-top:0px;padding-right:0px;padding-bottom:0px;padding-left:0px\">\n<div class=\"wp-block-column is-vertically-aligned-top two-images is-layout-flow wp-block-column-is-layout-flow\" style=\"flex-basis:55%\">\n<div data-swiper=\"{&quot;speed&quot;:400,&quot;spaceBetween&quot;:16,&quot;slidesPerView&quot;:1,&quot;createElements&quot;:true,&quot;loop&quot;:true,&quot;navigation&quot;:{&quot;nextEl&quot;:null,&quot;prevEl&quot;:null},&quot;pagination&quot;:{&quot;el&quot;:&quot;.swiper-pagination&quot;,&quot;dynamicBullets&quot;:false,&quot;clickable&quot;:true},&quot;breakpoints&quot;:[{&quot;slidesPerView&quot;:1}],&quot;direction&quot;:&quot;vertical&quot;,&quot;freeMode&quot;:false,&quot;autoplay&quot;:true,&quot;delay&quot;:2000}\" id=\"slider-first\" class=\"wp-block-group animated fadeIn gt-is-slider gt-is-slider-desktop is-layout-grid wp-container-core-group-is-layout-478b6e6b wp-block-group-is-layout-grid\">\n<figure class=\"wp-block-image aligncenter size-full\"><img decoding=\"async\" width=\"967\" height=\"655\" src=\"https:\/\/www.camping-biper-gorri.com\/wp-content\/uploads\/2025\/10\/top-des-activites-incontournables-de-san-sebastian.jpg\" alt=\"qu&#xE9; hacer en san sebasti&#xE1;n\" class=\"wp-image-71361\" srcset=\"https:\/\/www.camping-biper-gorri.com\/wp-content\/uploads\/2025\/10\/top-des-activites-incontournables-de-san-sebastian.jpg 967w, https:\/\/www.camping-biper-gorri.com\/wp-content\/uploads\/2025\/10\/top-des-activites-incontournables-de-san-sebastian-300x203.jpg 300w, https:\/\/www.camping-biper-gorri.com\/wp-content\/uploads\/2025\/10\/top-des-activites-incontournables-de-san-sebastian-768x520.jpg 768w\" sizes=\"(max-width: 967px) 100vw, 967px\" \/><\/figure>\n\n\n\n<figure class=\"wp-block-image size-full\"><img decoding=\"async\" width=\"967\" height=\"655\" src=\"https:\/\/www.camping-biper-gorri.com\/wp-content\/uploads\/2025\/10\/la-baie-de-la-concha.jpg\" alt=\"bah&#xED;a de la concha\" class=\"wp-image-71367\" style=\"object-fit:cover\" srcset=\"https:\/\/www.camping-biper-gorri.com\/wp-content\/uploads\/2025\/10\/la-baie-de-la-concha.jpg 967w, https:\/\/www.camping-biper-gorri.com\/wp-content\/uploads\/2025\/10\/la-baie-de-la-concha-300x203.jpg 300w, https:\/\/www.camping-biper-gorri.com\/wp-content\/uploads\/2025\/10\/la-baie-de-la-concha-768x520.jpg 768w\" sizes=\"(max-width: 967px) 100vw, 967px\" \/><\/figure>\n\n\n\n<figure class=\"wp-block-image size-full\"><img decoding=\"async\" width=\"967\" height=\"655\" src=\"https:\/\/www.camping-biper-gorri.com\/wp-content\/uploads\/2025\/10\/sports-nautiques-plage-de-zurriola.jpg\" alt=\"deportes acu&#xE1;ticos plage de zurriola\" class=\"wp-image-71372\" style=\"object-fit:cover\" srcset=\"https:\/\/www.camping-biper-gorri.com\/wp-content\/uploads\/2025\/10\/sports-nautiques-plage-de-zurriola.jpg 967w, https:\/\/www.camping-biper-gorri.com\/wp-content\/uploads\/2025\/10\/sports-nautiques-plage-de-zurriola-300x203.jpg 300w, https:\/\/www.camping-biper-gorri.com\/wp-content\/uploads\/2025\/10\/sports-nautiques-plage-de-zurriola-768x520.jpg 768w\" sizes=\"(max-width: 967px) 100vw, 967px\" \/><\/figure>\n<\/div>\n<\/div>\n\n\n\n<div class=\"wp-block-column is-vertically-aligned-center is-layout-flow wp-block-column-is-layout-flow\" style=\"flex-basis:45%\">\n<div class=\"wp-block-group has-global-padding is-content-justification-left is-layout-constrained wp-container-core-group-is-layout-1c1e5e78 wp-block-group-is-layout-constrained\" style=\"margin-top:0px;margin-right:0px;margin-bottom:0px;margin-left:0px\">\n<h2 class=\"wp-block-heading\"><strong>Descubre el Paramotor<\/strong> <br\/>en el Pa\u00eds Vasco<\/h2>\n\n\n\n<p>San Sebasti\u00e1n, o Donostia en euskera, es una <strong>magn\u00edfica ciudad<\/strong> de la costa norte de Espa\u00f1a, en la regi\u00f3n del Pa\u00eds Vasco. Conocida por sus <strong>pintorescos paisajes<\/strong>, su <strong>excepcional gastronom\u00eda<\/strong> y <strong>su vibrante cultura<\/strong>, atrae a muchos visitantes cada a\u00f1o. A continuaci\u00f3n te detallamos los aspectos m\u00e1s destacados de esta cautivadora ciudad.  <\/p>\n\n\n\n<h3 class=\"wp-block-heading\">1. Geograf\u00eda y paisajes<\/h3>\n\n\n    <div id=\"gt-fse-lire-plus-69f38df187685\" class=\"gt-fse-lire-plus\" data-min-height=\"130\" style=\"background-color: #f9f9f9;\">\n        <input id=\"gt-fse-lire-plus-69f38df187685-toggle\" type=\"checkbox\" class=\"gt-fse-lire-plus__toggle\" \/>\n        <label for=\"gt-fse-lire-plus-69f38df187685-toggle\" class=\"gt-fse-lire-plus__toggle-label\">\n            <span>Leer m\u00e1s<\/span>\n            <span>Leer menos<\/span>\n        <\/label>\n        <div class=\"gt-fse-lire-plus__content\" style=\"height: 130px;\">\n            \n\n<p>San Sebasti\u00e1n est\u00e1 enclavada entre ondulantes colinas verdes y el oc\u00e9ano Atl\u00e1ntico. La <strong>bah\u00eda de La Concha<\/strong>, famosa por su playa en forma de concha, suele considerarse una de las playas urbanas m\u00e1s bellas de Europa. Las colinas circundantes, como <strong>Urgull<\/strong> y <strong>Igeldo<\/strong>, ofrecen <strong>impresionantes vistas panor\u00e1micas<\/strong> de la ciudad y el oc\u00e9ano.  <\/p>\n\n\n\n<h3 class=\"wp-block-heading\">2. Playas<\/h3>\n\n\n\n<p>Las playas de San Sebasti\u00e1n son un verdadero activo. La <g id=\"gid_0\">playa de la Concha<\/g> es ideal para <g id=\"gid_1\">nadar<\/g>, <g id=\"gid_2\">tomar el sol<\/g> y practicar diversos <g id=\"gid_3\">deportes acu\u00e1ticos<\/g>. La playa de la Zurriola, por su parte, atrae a <g id=\"gid_4\">los surfistas<\/g> gracias a sus olas. Estas playas no son s\u00f3lo lugares para <strong>relajarse<\/strong>, sino tambi\u00e9n lugares donde se realizan <strong>una gran variedad de actividades<\/strong> durante todo el a\u00f1o.   <\/p>\n\n            <div class=\"gt-fse-lire-plus__gradient\" style=\"background: linear-gradient(to bottom,rgba(249,249,249,0) 0%,rgba(249,249,249,1) 100%);\"><\/div>\n        <\/div>\n    <\/div>\n    <\/div>\n<\/div>\n<\/div>\n\n\n\n<div class=\"wp-block-columns alignwide is-layout-flex wp-container-core-columns-is-layout-f575e0a2 wp-block-columns-is-layout-flex\" style=\"border-radius:0px;margin-top:0px;margin-right:0px;margin-bottom:0px;margin-left:0px;padding-top:1.5rem;padding-right:0px;padding-bottom:1.5rem;padding-left:0px\">\n<div class=\"wp-block-column is-vertically-aligned-center is-layout-flow wp-block-column-is-layout-flow\" style=\"flex-basis:45%\">\n<div class=\"wp-block-group has-global-padding is-content-justification-left is-layout-constrained wp-container-core-group-is-layout-1c1e5e78 wp-block-group-is-layout-constrained\" style=\"margin-top:0px;margin-right:0px;margin-bottom:0px;margin-left:0px\">\n<h3 class=\"wp-block-heading\">3. Gastronom\u00eda<\/h3>\n\n\n\n<p>San Sebasti\u00e1n est\u00e1 reconocida como una de las <strong>capitales gastron\u00f3micas<\/strong> del mundo. La ciudad es famosa por sus <strong>pintxos<\/strong>, peque\u00f1as tapas que se sirven en los bares. Los visitantes pueden degustar una gran variedad de platos, desde marisco fresco hasta platos de carne. La ciudad tambi\u00e9n alberga varios <strong>restaurantes con estrellas Michelin<\/strong>, lo que refleja su compromiso con la cocina de alta calidad.   <\/p>\n\n\n\n<h3 class=\"wp-block-heading\">4. Cultura y eventos<\/h3>\n\n\n    <div id=\"gt-fse-lire-plus-69f38df187ff3\" class=\"gt-fse-lire-plus\" data-min-height=\"130\" style=\"background-color: #f9f9f9;\">\n        <input id=\"gt-fse-lire-plus-69f38df187ff3-toggle\" type=\"checkbox\" class=\"gt-fse-lire-plus__toggle\" \/>\n        <label for=\"gt-fse-lire-plus-69f38df187ff3-toggle\" class=\"gt-fse-lire-plus__toggle-label\">\n            <span>Leer m\u00e1s<\/span>\n            <span>Leer menos<\/span>\n        <\/label>\n        <div class=\"gt-fse-lire-plus__content\" style=\"height: 130px;\">\n            \n\n<p>San Sebasti\u00e1n tiene una vida cultural rica y din\u00e1mica. El <g id=\"gid_0\">Festival Internacional de Cine de San Sebasti\u00e1n<\/g>, que se celebra todos los a\u00f1os en septiembre, atrae a cineastas y celebridades de todo el mundo. La ciudad tambi\u00e9n acoge numerosos <strong>actos musicales<\/strong>, <strong>art\u00edsticos<\/strong> y <strong>tradicionales<\/strong> a lo largo del a\u00f1o, que celebran la cultura vasca.  <\/p>\n\n\n\n<h3 class=\"wp-block-heading\">5. Arquitectura<\/h3>\n\n\n\n<p>La <strong>arquitectura de San Sebasti\u00e1n es ecl\u00e9ctica<\/strong>, mezclando el estilo neocl\u00e1sico, el modernismo y las influencias vascas. El Palacio Miramar, el Ayuntamiento y el Teatro Victoria Eugenia son algunos ejemplos destacados. Las calles del centro de la ciudad, como la calle 31 de Agosto, son <strong>animadas<\/strong> y est\u00e1n bordeadas de <strong>edificios hist\u00f3ricos<\/strong>.  <\/p>\n\n            <div class=\"gt-fse-lire-plus__gradient\" style=\"background: linear-gradient(to bottom,rgba(249,249,249,0) 0%,rgba(249,249,249,1) 100%);\"><\/div>\n        <\/div>\n    <\/div>\n    <\/div>\n<\/div>\n\n\n\n<div class=\"wp-block-column is-vertically-aligned-top two-images is-layout-flow wp-block-column-is-layout-flow\" style=\"flex-basis:55%\">\n<div data-swiper=\"{&quot;speed&quot;:400,&quot;spaceBetween&quot;:16,&quot;slidesPerView&quot;:1,&quot;createElements&quot;:true,&quot;loop&quot;:true,&quot;navigation&quot;:{&quot;nextEl&quot;:null,&quot;prevEl&quot;:null},&quot;pagination&quot;:{&quot;el&quot;:&quot;.swiper-pagination&quot;,&quot;dynamicBullets&quot;:false,&quot;clickable&quot;:true},&quot;breakpoints&quot;:[{&quot;slidesPerView&quot;:1}],&quot;direction&quot;:&quot;vertical&quot;,&quot;freeMode&quot;:false,&quot;autoplay&quot;:true,&quot;delay&quot;:2000}\" id=\"slider-first\" class=\"wp-block-group animated fadeIn gt-is-slider gt-is-slider-desktop is-layout-grid wp-container-core-group-is-layout-478b6e6b wp-block-group-is-layout-grid\">\n<figure class=\"wp-block-image aligncenter size-full\"><img decoding=\"async\" width=\"967\" height=\"655\" src=\"https:\/\/www.camping-biper-gorri.com\/wp-content\/uploads\/2025\/10\/gastronomie-pintxos.jpg\" alt=\"gastronom&#xED;a pintxos\" class=\"wp-image-71377\" srcset=\"https:\/\/www.camping-biper-gorri.com\/wp-content\/uploads\/2025\/10\/gastronomie-pintxos.jpg 967w, https:\/\/www.camping-biper-gorri.com\/wp-content\/uploads\/2025\/10\/gastronomie-pintxos-300x203.jpg 300w, https:\/\/www.camping-biper-gorri.com\/wp-content\/uploads\/2025\/10\/gastronomie-pintxos-768x520.jpg 768w\" sizes=\"(max-width: 967px) 100vw, 967px\" \/><\/figure>\n\n\n\n<figure class=\"wp-block-image size-full\"><img decoding=\"async\" width=\"967\" height=\"655\" src=\"https:\/\/www.camping-biper-gorri.com\/wp-content\/uploads\/2025\/10\/culture-et-evenements.jpg\" alt=\"cultura y eventos\" class=\"wp-image-71382\" style=\"object-fit:cover\" srcset=\"https:\/\/www.camping-biper-gorri.com\/wp-content\/uploads\/2025\/10\/culture-et-evenements.jpg 967w, https:\/\/www.camping-biper-gorri.com\/wp-content\/uploads\/2025\/10\/culture-et-evenements-300x203.jpg 300w, https:\/\/www.camping-biper-gorri.com\/wp-content\/uploads\/2025\/10\/culture-et-evenements-768x520.jpg 768w\" sizes=\"(max-width: 967px) 100vw, 967px\" \/><\/figure>\n\n\n\n<figure class=\"wp-block-image size-full\"><img decoding=\"async\" width=\"967\" height=\"655\" src=\"https:\/\/www.camping-biper-gorri.com\/wp-content\/uploads\/2025\/10\/architecture-eclectique.jpg\" alt=\"arquitectura ecl&#xE9;ctica\" class=\"wp-image-71387\" style=\"object-fit:cover\" srcset=\"https:\/\/www.camping-biper-gorri.com\/wp-content\/uploads\/2025\/10\/architecture-eclectique.jpg 967w, https:\/\/www.camping-biper-gorri.com\/wp-content\/uploads\/2025\/10\/architecture-eclectique-300x203.jpg 300w, https:\/\/www.camping-biper-gorri.com\/wp-content\/uploads\/2025\/10\/architecture-eclectique-768x520.jpg 768w\" sizes=\"(max-width: 967px) 100vw, 967px\" \/><\/figure>\n\n\n\n<figure class=\"wp-block-image size-full\"><img decoding=\"async\" width=\"967\" height=\"655\" src=\"https:\/\/www.camping-biper-gorri.com\/wp-content\/uploads\/2025\/10\/les-rues-du-centre-ville-de-san-sebastian.jpg\" alt=\"las calles del centro de san sebasti&#xE1;n\" class=\"wp-image-71392\" style=\"object-fit:cover\" srcset=\"https:\/\/www.camping-biper-gorri.com\/wp-content\/uploads\/2025\/10\/les-rues-du-centre-ville-de-san-sebastian.jpg 967w, https:\/\/www.camping-biper-gorri.com\/wp-content\/uploads\/2025\/10\/les-rues-du-centre-ville-de-san-sebastian-300x203.jpg 300w, https:\/\/www.camping-biper-gorri.com\/wp-content\/uploads\/2025\/10\/les-rues-du-centre-ville-de-san-sebastian-768x520.jpg 768w\" sizes=\"(max-width: 967px) 100vw, 967px\" \/><\/figure>\n<\/div>\n<\/div>\n<\/div>\n\n\n\n<div class=\"wp-block-columns alignwide is-layout-flex wp-container-core-columns-is-layout-93fef87a wp-block-columns-is-layout-flex\" style=\"border-radius:0px;margin-top:0px;margin-right:0px;margin-bottom:0px;margin-left:0px;padding-top:0px;padding-right:0px;padding-bottom:0px;padding-left:0px\">\n<div class=\"wp-block-column is-vertically-aligned-top two-images is-layout-flow wp-block-column-is-layout-flow\" style=\"flex-basis:55%\">\n<div data-swiper=\"{&quot;speed&quot;:400,&quot;spaceBetween&quot;:16,&quot;slidesPerView&quot;:1,&quot;createElements&quot;:true,&quot;loop&quot;:true,&quot;navigation&quot;:{&quot;nextEl&quot;:null,&quot;prevEl&quot;:null},&quot;pagination&quot;:{&quot;el&quot;:&quot;.swiper-pagination&quot;,&quot;dynamicBullets&quot;:false,&quot;clickable&quot;:true},&quot;breakpoints&quot;:[{&quot;slidesPerView&quot;:1}],&quot;direction&quot;:&quot;vertical&quot;,&quot;freeMode&quot;:false,&quot;autoplay&quot;:true,&quot;delay&quot;:2000}\" id=\"slider-first\" class=\"wp-block-group animated fadeIn gt-is-slider gt-is-slider-desktop is-layout-grid wp-container-core-group-is-layout-478b6e6b wp-block-group-is-layout-grid\">\n<figure class=\"wp-block-image aligncenter size-full\"><img decoding=\"async\" width=\"967\" height=\"655\" src=\"https:\/\/www.camping-biper-gorri.com\/wp-content\/uploads\/2025\/10\/randonnees-activites-de-plein-air.jpg\" alt=\"senderismo actividades al aire libre\" class=\"wp-image-71397\" srcset=\"https:\/\/www.camping-biper-gorri.com\/wp-content\/uploads\/2025\/10\/randonnees-activites-de-plein-air.jpg 967w, https:\/\/www.camping-biper-gorri.com\/wp-content\/uploads\/2025\/10\/randonnees-activites-de-plein-air-300x203.jpg 300w, https:\/\/www.camping-biper-gorri.com\/wp-content\/uploads\/2025\/10\/randonnees-activites-de-plein-air-768x520.jpg 768w\" sizes=\"(max-width: 967px) 100vw, 967px\" \/><\/figure>\n\n\n\n<figure class=\"wp-block-image size-full\"><img decoding=\"async\" width=\"967\" height=\"655\" src=\"https:\/\/www.camping-biper-gorri.com\/wp-content\/uploads\/2025\/10\/traditions-basques.jpg\" alt=\"Tradiciones vascas\" class=\"wp-image-71402\" style=\"object-fit:cover\" srcset=\"https:\/\/www.camping-biper-gorri.com\/wp-content\/uploads\/2025\/10\/traditions-basques.jpg 967w, https:\/\/www.camping-biper-gorri.com\/wp-content\/uploads\/2025\/10\/traditions-basques-300x203.jpg 300w, https:\/\/www.camping-biper-gorri.com\/wp-content\/uploads\/2025\/10\/traditions-basques-768x520.jpg 768w\" sizes=\"(max-width: 967px) 100vw, 967px\" \/><\/figure>\n\n\n\n<figure class=\"wp-block-image size-full\"><img decoding=\"async\" width=\"967\" height=\"655\" src=\"https:\/\/www.camping-biper-gorri.com\/wp-content\/uploads\/2025\/10\/vie-nocturne.jpg\" alt=\"vida nocturna\" class=\"wp-image-71407\" style=\"object-fit:cover\" srcset=\"https:\/\/www.camping-biper-gorri.com\/wp-content\/uploads\/2025\/10\/vie-nocturne.jpg 967w, https:\/\/www.camping-biper-gorri.com\/wp-content\/uploads\/2025\/10\/vie-nocturne-300x203.jpg 300w, https:\/\/www.camping-biper-gorri.com\/wp-content\/uploads\/2025\/10\/vie-nocturne-768x520.jpg 768w\" sizes=\"(max-width: 967px) 100vw, 967px\" \/><\/figure>\n<\/div>\n<\/div>\n\n\n\n<div class=\"wp-block-column is-vertically-aligned-center is-layout-flow wp-block-column-is-layout-flow\" style=\"flex-basis:45%\">\n<div class=\"wp-block-group has-global-padding is-content-justification-left is-layout-constrained wp-container-core-group-is-layout-1c1e5e78 wp-block-group-is-layout-constrained\" style=\"margin-top:0px;margin-right:0px;margin-bottom:0px;margin-left:0px\">\n<h3 class=\"wp-block-heading\">6. Actividades de exterior<\/h3>\n\n\n\n<p>Las colinas y la bah\u00eda de los alrededores ofrecen muchas oportunidades para <strong>realizar Actividades de exterior<\/strong>. Son populares el senderismo, el ciclismo y los deportes acu\u00e1ticos. El sendero costero que une San Sebasti\u00e1n con otros pueblos cercanos te permite <strong>explorar la belleza natural de<\/strong> la zona.  <\/p>\n\n\n\n<h3 class=\"wp-block-heading\">7. Tradiciones vascas<\/h3>\n\n\n    <div id=\"gt-fse-lire-plus-69f38df1897c3\" class=\"gt-fse-lire-plus\" data-min-height=\"130\" style=\"background-color: #f9f9f9;\">\n        <input id=\"gt-fse-lire-plus-69f38df1897c3-toggle\" type=\"checkbox\" class=\"gt-fse-lire-plus__toggle\" \/>\n        <label for=\"gt-fse-lire-plus-69f38df1897c3-toggle\" class=\"gt-fse-lire-plus__toggle-label\">\n            <span>Leer m\u00e1s<\/span>\n            <span>Leer menos<\/span>\n        <\/label>\n        <div class=\"gt-fse-lire-plus__content\" style=\"height: 130px;\">\n            \n\n<p>La ciudad es un basti\u00f3n de la cultura vasca, con <strong>tradiciones vivas<\/strong> como la danza, la m\u00fasica y los festivales. Las celebraciones de <g id=\"gid_1\">la Semana Grande<\/g> en agosto, con conciertos, fuegos artificiales y concursos, son especialmente populares. <strong>Los deportes tradicionales vascos<\/strong>, como la pelota, tambi\u00e9n ocupan un lugar destacado.  <\/p>\n\n\n\n<h3 class=\"wp-block-heading\">8. Vida nocturna<\/h3>\n\n\n\n<p>San Sebasti\u00e1n est\u00e1 animada por la noche, con <strong>multitud de bares y discotecas<\/strong>. Las calles se llenan de gente que va de bar en bar para disfrutar de <strong>pintxos<\/strong> y <strong>bebidas locales<\/strong>. La vida nocturna es agradable, y los lugare\u00f1os son acogedores, creando un ambiente c\u00e1lido.  <\/p>\n\n\n\n<p>San Sebasti\u00e1n es un destino fascinante que combina <strong>belleza natural<\/strong>, <strong>gastronom\u00eda excepcional<\/strong> y <strong>riqueza cultural<\/strong>. Ya sea paseando por la playa, saboreando deliciosos platos o explorando su patrimonio, la ciudad ofrece una experiencia inolvidable a todos los que la visitan. <\/p>\n\n            <div class=\"gt-fse-lire-plus__gradient\" style=\"background: linear-gradient(to bottom,rgba(249,249,249,0) 0%,rgba(249,249,249,1) 100%);\"><\/div>\n        <\/div>\n    <\/div>\n    <\/div>\n<\/div>\n<\/div>\n\n\n\n<figure class=\"wp-block-image size-full is-resized\" style=\"margin-top:0px;margin-right:0px;margin-bottom:0px;margin-left:0px\"><img decoding=\"async\" width=\"464\" height=\"221\" src=\"https:\/\/www.camping-biper-gorri.com\/wp-content\/uploads\/2025\/08\/soleil.png\" alt=\"localizador gorri\" class=\"wp-image-188\" style=\"width:463.0675354003906px\" srcset=\"https:\/\/www.camping-biper-gorri.com\/wp-content\/uploads\/2025\/08\/soleil.png 464w, https:\/\/www.camping-biper-gorri.com\/wp-content\/uploads\/2025\/08\/soleil-300x143.png 300w\" sizes=\"(max-width: 464px) 100vw, 464px\" \/><\/figure>\n<\/div>\n<\/section>\n\n<section class=\"wp-block-group alignfull gt_1-cta-1photo_003 article is-layout-flow wp-block-group-is-layout-flow\" style=\"margin-top:0px;margin-bottom:0px;padding-bottom:153px\">\n<div class=\"wp-block-group has-global-padding is-layout-constrained wp-container-core-group-is-layout-c3c54179 wp-block-group-is-layout-constrained\" style=\"padding-bottom:101px\">\n<div class=\"wp-block-cover aligncenter has-custom-content-position is-position-bottom-center animated fadeIn\" style=\"min-height:70vh;aspect-ratio:unset;\"><img decoding=\"async\" width=\"1024\" height=\"436\" class=\"wp-block-cover__image-background wp-image-71412 size-large\" alt=\"comment bien preparer son depart depuis le camping pour san sebastian\" src=\"https:\/\/www.camping-biper-gorri.com\/wp-content\/uploads\/2025\/10\/comment-bien-preparer-son-depart-depuis-le-camping-pour-san-sebastian-1024x436.jpg\" data-object-fit=\"cover\" srcset=\"https:\/\/www.camping-biper-gorri.com\/wp-content\/uploads\/2025\/10\/comment-bien-preparer-son-depart-depuis-le-camping-pour-san-sebastian-1024x436.jpg 1024w, https:\/\/www.camping-biper-gorri.com\/wp-content\/uploads\/2025\/10\/comment-bien-preparer-son-depart-depuis-le-camping-pour-san-sebastian-300x128.jpg 300w, https:\/\/www.camping-biper-gorri.com\/wp-content\/uploads\/2025\/10\/comment-bien-preparer-son-depart-depuis-le-camping-pour-san-sebastian-768x327.jpg 768w, https:\/\/www.camping-biper-gorri.com\/wp-content\/uploads\/2025\/10\/comment-bien-preparer-son-depart-depuis-le-camping-pour-san-sebastian.jpg 1500w\" sizes=\"(max-width: 1024px) 100vw, 1024px\" \/><span aria-hidden=\"true\" class=\"wp-block-cover__background has-contrast-background-color has-background-dim-20 has-background-dim\"><\/span><div class=\"wp-block-cover__inner-container is-layout-flow wp-block-cover-is-layout-flow\">\n<div class=\"wp-block-group titre-deco is-vertical is-content-justification-center is-layout-flex wp-container-core-group-is-layout-ab6239d0 wp-block-group-is-layout-flex\" style=\"margin-bottom:0px\">\n<p class=\"has-text-align-center has-base-2-color has-text-color has-link-color has-olive-citrus-font-family wp-elements-f4984cd7de6c314ec912f3c63f5e4297\" style=\"font-size:clamp(3.615rem, 3.615rem + ((1vw - 0.2rem) * 6.475), 7.5rem);line-height:0.4\">Prepara<\/p>\n\n\n\n<p class=\"has-text-align-center has-base-2-color has-text-color has-link-color has-boho-monoline-font-family wp-elements-368dc4f528f414b26441248ddf65271d\" style=\"font-size:clamp(3.521rem, 3.521rem + ((1vw - 0.2rem) * 6.215), 7.25rem);line-height:0.86\">su excursi\u00f3n<\/p>\n<\/div>\n<\/div><\/div>\n<\/div>\n\n\n\n<div class=\"wp-block-group alignfull full-width has-global-padding is-layout-constrained wp-container-core-group-is-layout-8c8c9b81 wp-block-group-is-layout-constrained\" style=\"border-radius:0px;margin-top:0px;margin-right:0px;margin-bottom:0px;margin-left:0px;padding-top:0px;padding-right:var(--wp--preset--spacing--50);padding-bottom:0px;padding-left:var(--wp--preset--spacing--50)\">\n<h2 class=\"wp-block-heading has-text-align-center full-width has-text-color\" style=\"color:rgba(255,255,255,1)\"><strong>\u00bfC\u00f3mo preparar tu salida <br\/>del camping a San Sebasti\u00e1n?<\/strong><br\/><\/h2>\n\n\n\n<p class=\"has-base-2-color has-text-color has-link-color wp-elements-fef32eb195cf212d9a2c10fb85e753a4\">Situada a unos <strong>30 minutos en<\/strong> coche de nuestro camping, es muy f\u00e1cil llegar a San Sebasti\u00e1n. Puedes llegar a la ciudad en coche o en transporte p\u00fablico. Planea salir temprano para aprovechar el d\u00eda al m\u00e1ximo.  <\/p>\n\n\n    <div id=\"gt-fse-lire-plus-69f38df18a94c\" class=\"gt-fse-lire-plus\" data-min-height=\"130\" style=\"background-color: #63756b;\">\n        <input id=\"gt-fse-lire-plus-69f38df18a94c-toggle\" type=\"checkbox\" class=\"gt-fse-lire-plus__toggle\" \/>\n        <label for=\"gt-fse-lire-plus-69f38df18a94c-toggle\" class=\"gt-fse-lire-plus__toggle-label\">\n            <span>Leer m\u00e1s<\/span>\n            <span>Leer menos<\/span>\n        <\/label>\n        <div class=\"gt-fse-lire-plus__content\" style=\"height: 130px;\">\n            \n\n<p class=\"has-base-2-color has-text-color has-link-color wp-elements-eea7e6fd12c84a0df9c7109979b88beb\">Descubre la magn\u00edfica <strong>bah\u00eda de La Concha<\/strong>, donde podr\u00e1s relajarte en la playa o practicar deportes acu\u00e1ticos mientras admiras el impresionante paisaje.<\/p>\n\n\n\n<p class=\"has-base-2-color has-text-color has-link-color wp-elements-0806dcf450abda52b445b9418ca64072\">D\u00e9jate seducir por la <strong>gastronom\u00eda local<\/strong> degustando pintxos en los numerosos y animados bares del casco viejo, una experiencia culinaria \u00fanica que deleitar\u00e1 tu paladar.<\/p>\n\n\n\n<p class=\"has-base-2-color has-text-color has-link-color wp-elements-d02a250f3c6253bd7175298526128dd6\">Disfruta del vibrante ambiente de San Sebasti\u00e1n gracias a sus <strong>festivales<\/strong>, <strong>conciertos<\/strong> y <strong>actos culturales<\/strong> durante todo el a\u00f1o, que reflejan la energ\u00eda de esta bella ciudad vasca.<\/p>\n\n\n\n<p class=\"has-base-2-color has-text-color has-link-color wp-elements-c969b6209b54f946ade73bf44c14c64a\">Explora la <strong>ecl\u00e9ctica arquitectura<\/strong> de San Sebasti\u00e1n, desde edificios neocl\u00e1sicos a estilos modernos, mientras paseas por sus encantadoras y animadas calles.<\/p>\n\n\n\n<p class=\"has-base-2-color has-text-color has-link-color wp-elements-5d1c785954d59b5d1e287dc33c5415a5\">No te pierdas las <strong>impresionantes vistas desde<\/strong> las colinas de los alrededores, donde podr\u00e1s practicar senderismo y admirar la belleza natural que rodea la ciudad.<\/p>\n\n            <div class=\"gt-fse-lire-plus__gradient\" style=\"background: linear-gradient(to bottom,rgba(99,117,107,0) 0%,rgba(99,117,107,1) 100%);\"><\/div>\n        <\/div>\n    <\/div>\n    <\/div>\n<\/section>\n","protected":false},"excerpt":{"rendered":"<p>Alojarte en nuestro camping de Espelette es la ocasi\u00f3n perfecta para descubrir San Sebasti\u00e1n, la perla de la costa vasca espa\u00f1ola. Gracias a la ubicaci\u00f3n ideal de nuestro establecimiento, podr\u00e1s visitar f\u00e1cilmente San Sebasti\u00e1n y aprovechar al m\u00e1ximo su encanto \u00fanico. Descubre el Paramotor en el Pa\u00eds Vasco San Sebasti\u00e1n, o Donostia en euskera, es [&hellip;]<\/p>\n","protected":false},"author":1,"featured_media":71355,"comment_status":"closed","ping_status":"closed","sticky":false,"template":"","format":"standard","meta":{"_acf_changed":false,"_seopress_robots_primary_cat":"none","_seopress_titles_title":"Turismo en San Sebasti\u00e1n I Las mejores actividades en San Sebasti\u00e1n","_seopress_titles_desc":"San Sebasti\u00e1n, o Donostia en euskera, es una magn\u00edfica ciudad de la costa norte de Espa\u00f1a, en la regi\u00f3n del Pa\u00eds Vasco. Conocida por sus pintorescos paisajes, su excepcional gastronom\u00eda y su vibrante cultura, atrae a muchos visitantes cada a\u00f1o. A continuaci\u00f3n te detallamos los aspectos m\u00e1s destacados de esta cautivadora ciudad.  ","_seopress_robots_index":"","inline_featured_image":false,"gt_fse_maillage_image":"https:\/\/www.camping-biper-gorri.com\/wp-content\/uploads\/2025\/10\/tourisme-san-sebastian-cta.jpg","gt_fse_maillage_titre":"Saint-S\u00e9bastien","gt_fse_maillage_alt":"turismo san sebasti\u00e1n","gt_fse_maillage_resume":"","footnotes":""},"categories":[62],"tags":[63],"class_list":["post-88345","post","type-post","status-publish","format-standard","has-post-thumbnail","hentry","category-lugares","tag-visitas-a-pueblos"],"acf":[],"_links":{"self":[{"href":"https:\/\/www.camping-biper-gorri.com\/es\/wp-json\/wp\/v2\/posts\/88345","targetHints":{"allow":["GET"]}}],"collection":[{"href":"https:\/\/www.camping-biper-gorri.com\/es\/wp-json\/wp\/v2\/posts"}],"about":[{"href":"https:\/\/www.camping-biper-gorri.com\/es\/wp-json\/wp\/v2\/types\/post"}],"author":[{"embeddable":true,"href":"https:\/\/www.camping-biper-gorri.com\/es\/wp-json\/wp\/v2\/users\/1"}],"replies":[{"embeddable":true,"href":"https:\/\/www.camping-biper-gorri.com\/es\/wp-json\/wp\/v2\/comments?post=88345"}],"version-history":[{"count":5,"href":"https:\/\/www.camping-biper-gorri.com\/es\/wp-json\/wp\/v2\/posts\/88345\/revisions"}],"predecessor-version":[{"id":90611,"href":"https:\/\/www.camping-biper-gorri.com\/es\/wp-json\/wp\/v2\/posts\/88345\/revisions\/90611"}],"wp:featuredmedia":[{"embeddable":true,"href":"https:\/\/www.camping-biper-gorri.com\/es\/wp-json\/wp\/v2\/media\/71355"}],"wp:attachment":[{"href":"https:\/\/www.camping-biper-gorri.com\/es\/wp-json\/wp\/v2\/media?parent=88345"}],"wp:term":[{"taxonomy":"category","embeddable":true,"href":"https:\/\/www.camping-biper-gorri.com\/es\/wp-json\/wp\/v2\/categories?post=88345"},{"taxonomy":"post_tag","embeddable":true,"href":"https:\/\/www.camping-biper-gorri.com\/es\/wp-json\/wp\/v2\/tags?post=88345"}],"curies":[{"name":"wp","href":"https:\/\/api.w.org\/{rel}","templated":true}]}}