{"id":88338,"date":"2025-10-07T07:47:52","date_gmt":"2025-10-07T07:47:52","guid":{"rendered":"https:\/\/www.camping-biper-gorri.com\/sin-categoria\/visite-aquarium-de-biarritz\/"},"modified":"2025-10-31T09:10:13","modified_gmt":"2025-10-31T09:10:13","slug":"visita-acuario-biarritz","status":"publish","type":"post","link":"https:\/\/www.camping-biper-gorri.com\/es\/lugares\/visita-acuario-biarritz\/","title":{"rendered":"Visita el acuario de Biarritz"},"content":{"rendered":"\n<section class=\"wp-block-group alignfull gt_2-cta_007__bis article has-global-padding is-layout-constrained wp-container-core-group-is-layout-8f482fdf wp-block-group-is-layout-constrained\" style=\"margin-top:0px;margin-bottom:0px;padding-top:var(--wp--preset--spacing--10)\">\n<div class=\"wp-block-group alignfull full-width is-vertical is-content-justification-center is-nowrap is-layout-flex wp-container-core-group-is-layout-810f5976 wp-block-group-is-layout-flex\" style=\"border-radius:0px;margin-top:0px;margin-right:0px;margin-bottom:0px;margin-left:0px;padding-top:0px;padding-right:0;padding-bottom:0px;padding-left:0\">\n<div class=\"wp-block-columns alignwide is-layout-flex wp-container-core-columns-is-layout-93fef87a wp-block-columns-is-layout-flex\" style=\"border-radius:0px;margin-top:0px;margin-right:0px;margin-bottom:0px;margin-left:0px;padding-top:0px;padding-right:0px;padding-bottom:0px;padding-left:0px\">\n<div class=\"wp-block-column is-vertically-aligned-top two-images is-layout-flow wp-block-column-is-layout-flow\" style=\"flex-basis:55%\">\n<div data-swiper=\"{&quot;speed&quot;:400,&quot;spaceBetween&quot;:16,&quot;slidesPerView&quot;:1,&quot;createElements&quot;:true,&quot;loop&quot;:true,&quot;navigation&quot;:{&quot;nextEl&quot;:null,&quot;prevEl&quot;:null},&quot;pagination&quot;:{&quot;el&quot;:&quot;.swiper-pagination&quot;,&quot;dynamicBullets&quot;:false,&quot;clickable&quot;:true},&quot;breakpoints&quot;:[{&quot;slidesPerView&quot;:1}],&quot;direction&quot;:&quot;vertical&quot;,&quot;freeMode&quot;:false,&quot;autoplay&quot;:true,&quot;delay&quot;:2000}\" id=\"slider-first\" class=\"wp-block-group animated fadeIn gt-is-slider gt-is-slider-desktop is-layout-grid wp-container-core-group-is-layout-478b6e6b wp-block-group-is-layout-grid\">\n<figure class=\"wp-block-image aligncenter size-full\"><img decoding=\"async\" width=\"967\" height=\"655\" src=\"https:\/\/www.camping-biper-gorri.com\/wp-content\/uploads\/2025\/10\/visite-de-l-aquarium-de-biarritz.jpg\" alt=\"visita al acuario de biarritz\" class=\"wp-image-71159\" srcset=\"https:\/\/www.camping-biper-gorri.com\/wp-content\/uploads\/2025\/10\/visite-de-l-aquarium-de-biarritz.jpg 967w, https:\/\/www.camping-biper-gorri.com\/wp-content\/uploads\/2025\/10\/visite-de-l-aquarium-de-biarritz-300x203.jpg 300w, https:\/\/www.camping-biper-gorri.com\/wp-content\/uploads\/2025\/10\/visite-de-l-aquarium-de-biarritz-768x520.jpg 768w\" sizes=\"(max-width: 967px) 100vw, 967px\" \/><\/figure>\n\n\n\n<figure class=\"wp-block-image size-full\"><img decoding=\"async\" width=\"967\" height=\"655\" src=\"https:\/\/www.camping-biper-gorri.com\/wp-content\/uploads\/2025\/10\/decouvrez-l-aquarium-de-biarritz-lors-de-votre-sejour-au-camping.jpg\" alt=\"descubre el acuario de biarritz durante tu estancia en el camping\" class=\"wp-image-71164\" style=\"object-fit:cover\" srcset=\"https:\/\/www.camping-biper-gorri.com\/wp-content\/uploads\/2025\/10\/decouvrez-l-aquarium-de-biarritz-lors-de-votre-sejour-au-camping.jpg 967w, https:\/\/www.camping-biper-gorri.com\/wp-content\/uploads\/2025\/10\/decouvrez-l-aquarium-de-biarritz-lors-de-votre-sejour-au-camping-300x203.jpg 300w, https:\/\/www.camping-biper-gorri.com\/wp-content\/uploads\/2025\/10\/decouvrez-l-aquarium-de-biarritz-lors-de-votre-sejour-au-camping-768x520.jpg 768w\" sizes=\"(max-width: 967px) 100vw, 967px\" \/><\/figure>\n\n\n\n<figure class=\"wp-block-image size-full\"><img decoding=\"async\" width=\"967\" height=\"655\" src=\"https:\/\/www.camping-biper-gorri.com\/wp-content\/uploads\/2025\/10\/observez-les-requins.jpg\" alt=\"vigila a los tiburones\" class=\"wp-image-71169\" style=\"object-fit:cover\" srcset=\"https:\/\/www.camping-biper-gorri.com\/wp-content\/uploads\/2025\/10\/observez-les-requins.jpg 967w, https:\/\/www.camping-biper-gorri.com\/wp-content\/uploads\/2025\/10\/observez-les-requins-300x203.jpg 300w, https:\/\/www.camping-biper-gorri.com\/wp-content\/uploads\/2025\/10\/observez-les-requins-768x520.jpg 768w\" sizes=\"(max-width: 967px) 100vw, 967px\" \/><\/figure>\n<\/div>\n<\/div>\n\n\n\n<div class=\"wp-block-column is-vertically-aligned-center is-layout-flow wp-block-column-is-layout-flow\" style=\"flex-basis:45%\">\n<div class=\"wp-block-group has-global-padding is-content-justification-left is-layout-constrained wp-container-core-group-is-layout-1c1e5e78 wp-block-group-is-layout-constrained\" style=\"margin-top:0px;margin-right:0px;margin-bottom:0px;margin-left:0px\">\n<h2 class=\"wp-block-heading\"><strong>Descubre el acuario de Biarritz<\/strong> durante tu estancia en el camping<\/h2>\n\n\n\n<p>En pleno centro de <a href=\"https:\/\/www.camping-biper-gorri.com\/es\/lugares\/turismo-biarritz\/\">Biarritz<\/a>, frente a la Roca de la Virgen, descubre el acuario, una de las <strong>instituciones m\u00e1s emblem\u00e1ticas<\/strong> de la regi\u00f3n.<\/p>\n\n\n\n<p>Fundado en la d\u00e9cada de 1880 por el <strong>marqu\u00e9s Alexandre Guillaume L\u00e9opold de Folin<\/strong>, el <a href=\"https:\/\/www.aquariumbiarritz.com\/es\/\" target=\"_blank\" rel=\"noreferrer noopener nofollow\">acuario de Biarritz<\/a> fue pionero en su campo, ofreciendo al p\u00fablico un acceso privilegiado para explorar las profundidades del Golfo de Vizcaya.<\/p>\n\n\n\n<p>Hoy, el acuario alberga una impresionante colecci\u00f3n de <strong>casi 530 especies<\/strong> en <strong>unos cuarenta acuarios<\/strong>. Observa a los tiburones, conoce a las tortugas o descubre los fascinantes manglares durante una tarde de diversi\u00f3n. <\/p>\n\n\n\n<p>Sum\u00e9rgete en las <strong>aguas del Golfo de Vizcaya<\/strong> o explora el<strong>Oc\u00e9ano Indopac\u00edfico<\/strong>, donde podr\u00e1s admirar el majestuoso ballet de las medusas.<\/p>\n\n\n\n<p>Al comprar tu entrada, contribuyes a <strong>preservar las especies marinas<\/strong>. El Acuario de Biarritz participa activamente en la <strong>salvaci\u00f3n de focas y tortugas marinas<\/strong>, proporcion\u00e1ndoles cuidados atentos antes de devolverlas a su h\u00e1bitat natural. <\/p>\n<\/div>\n<\/div>\n<\/div>\n\n\n\n<div class=\"wp-block-columns is-layout-flex wp-container-core-columns-is-layout-28f84493 wp-block-columns-is-layout-flex\">\n<div class=\"wp-block-column is-layout-flow wp-block-column-is-layout-flow\">\n<div class=\"wp-block-group has-custom-ver-eau-clair-background-color has-background has-global-padding is-layout-constrained wp-container-core-group-is-layout-9597dc02 wp-block-group-is-layout-constrained\" style=\"border-radius:15px;padding-top:var(--wp--preset--spacing--10);padding-right:var(--wp--preset--spacing--10);padding-bottom:var(--wp--preset--spacing--10);padding-left:var(--wp--preset--spacing--10)\">\n<p class=\"has-text-align-center has-custom-vert-fonce-color has-text-color has-link-color wp-elements-0bd4e46c072c41d7541c7812c4188b70\" style=\"font-size:clamp(0.984rem, 0.984rem + ((1vw - 0.2rem) * 0.86), 1.5rem);font-style:normal;font-weight:500;text-transform:uppercase\">Horario<\/p>\n\n\n\n<p>De lunes a viernes: de 9.30 a 19.00 h <br\/>Del 13\/07 al 25\/08: de 9.00 a 22.00 h<\/p>\n<\/div>\n<\/div>\n\n\n\n<div class=\"wp-block-column middle is-layout-flow wp-block-column-is-layout-flow\" style=\"border-right-style:none;border-right-width:0px;border-left-style:none;border-left-width:0px;padding-right:var(--wp--preset--spacing--10);padding-left:var(--wp--preset--spacing--10)\">\n<div class=\"wp-block-group has-custom-ver-eau-clair-background-color has-background has-global-padding is-layout-constrained wp-container-core-group-is-layout-9597dc02 wp-block-group-is-layout-constrained\" style=\"border-radius:15px;padding-top:var(--wp--preset--spacing--10);padding-right:var(--wp--preset--spacing--10);padding-bottom:var(--wp--preset--spacing--10);padding-left:var(--wp--preset--spacing--10)\">\n<p class=\"has-text-align-center has-custom-vert-fonce-color has-text-color has-link-color wp-elements-682e504f9182125f4110e64221764610\" style=\"font-size:clamp(0.984rem, 0.984rem + ((1vw - 0.2rem) * 0.86), 1.5rem);font-style:normal;font-weight:500;text-transform:uppercase\">Precios Museo del Mar<\/p>\n\n\n\n<ul class=\"wp-block-list\">\n<li>Adultos: <strong>16,50<\/strong><\/li>\n\n\n\n<li>Ni\u00f1os (de 4 a 12 a\u00f1os): <strong>12<\/strong><\/li>\n\n\n\n<li>Adolescentes (de 13 a 17 a\u00f1os), estudiantes, solicitantes de empleo: <strong>14 euros<\/strong><\/li>\n\n\n\n<li>Familia numerosa (previa presentaci\u00f3n del carn\u00e9, 1 por persona) \/ persona con discapacidad <em>(acompa\u00f1ante gratuito si el carn\u00e9 de discapacidad menciona la necesidad de acompa\u00f1amiento)<\/em>: <strong>&#8211; 2 \u20ac \/ entrada<\/strong><\/li>\n\n\n\n<li>Visita guiada (s\u00f3lo con cita previa) 1 gu\u00eda: <strong>65<\/strong><\/li>\n<\/ul>\n<\/div>\n<\/div>\n\n\n\n<div class=\"wp-block-column is-layout-flow wp-block-column-is-layout-flow\">\n<div class=\"wp-block-group has-custom-ver-eau-clair-background-color has-background has-global-padding is-layout-constrained wp-container-core-group-is-layout-9597dc02 wp-block-group-is-layout-constrained\" style=\"border-radius:15px;padding-top:var(--wp--preset--spacing--10);padding-right:var(--wp--preset--spacing--10);padding-bottom:var(--wp--preset--spacing--10);padding-left:var(--wp--preset--spacing--10)\">\n<p class=\"has-text-align-center has-custom-vert-fonce-color has-text-color has-link-color wp-elements-bffadd396fc1cc4025ae9b4f0b02b9be\" style=\"font-size:clamp(0.984rem, 0.984rem + ((1vw - 0.2rem) * 0.86), 1.5rem);font-style:normal;font-weight:500;text-transform:uppercase\">Precios del Museo del Mar + Ciudad del Oc\u00e9ano<\/p>\n\n\n\n<ul class=\"wp-block-list\">\n<li>Adultos: <strong>26<\/strong><\/li>\n\n\n\n<li>Ni\u00f1os (de 4 a 5 a\u00f1os): <strong>12<\/strong><\/li>\n\n\n\n<li>Ni\u00f1os (de 6 a 12 a\u00f1os): <strong>18<\/strong><\/li>\n\n\n\n<li>Adolescentes de 13 a 17 a\u00f1os, estudiantes, solicitantes de empleo: <strong>22 \u20ac<\/strong> familia numerosa (previa presentaci\u00f3n de la tarjeta, 1 por persona) \/ persona discapacitada<br\/><em>(acompa\u00f1ante gratuito si la tarjeta de discapacidad indica la necesidad de acompa\u00f1amiento)<\/em>: <strong>&#8211; 2 \u20ac \/ entrada<\/strong><\/li>\n<\/ul>\n<\/div>\n<\/div>\n<\/div>\n\n\n\n<div class=\"wp-block-buttons is-content-justification-center is-layout-flex wp-container-core-buttons-is-layout-a89b3969 wp-block-buttons-is-layout-flex\">\n<div class=\"wp-block-button is-style-outline is-style-outline--1\"><a class=\"wp-block-button__link has-custom-vert-fonce-color has-text-color has-link-color has-olive-citrus-font-family has-custom-font-size wp-element-button\" href=\"https:\/\/www.aquariumbiarritz.com\/es\/mi-visita\/tarifas-y-suscripciones\/\" style=\"border-style:none;border-width:0px;border-radius:0px;font-size:clamp(1.092rem, 1.092rem + ((1vw - 0.2rem) * 1.013), 1.7rem);font-style:normal;font-weight:700\" target=\"_blank\" rel=\"noreferrer noopener nofollow\">Reservas <img decoding=\"async\" width=\"50\" height=\"26\" class=\"wp-image-129\" style=\"width: 50px;\" src=\"https:\/\/www.camping-biper-gorri.com\/wp-content\/uploads\/2025\/08\/fleche-01.svg\" alt=\"flecha 01\"\/><\/a><\/div>\n<\/div>\n\n\n\n<p class=\"has-text-align-center gt-no-padding-mobile\" style=\"margin-top:-35px;padding-right:var(--wp--preset--spacing--40);padding-left:var(--wp--preset--spacing--40)\">Alojarse en nuestro camping cerca del Acuario de Biarritz, el <a href=\"https:\/\/www.camping-biper-gorri.com\/es\/\">camping Biper Gorri en Espelette<\/a>, es la ocasi\u00f3n ideal para <strong>descubrir la vida marina<\/strong> y pasar un <strong>rato enriquecedor<\/strong> con la familia y los amigos.<\/p>\n\n\n\n<figure class=\"wp-block-image size-full is-resized\" style=\"margin-top:0px;margin-right:0px;margin-bottom:0px;margin-left:0px\"><img decoding=\"async\" width=\"464\" height=\"221\" src=\"https:\/\/www.camping-biper-gorri.com\/wp-content\/uploads\/2025\/08\/soleil.png\" alt=\"localizador gorri\" class=\"wp-image-188\" style=\"width:463.0675354003906px\" srcset=\"https:\/\/www.camping-biper-gorri.com\/wp-content\/uploads\/2025\/08\/soleil.png 464w, https:\/\/www.camping-biper-gorri.com\/wp-content\/uploads\/2025\/08\/soleil-300x143.png 300w\" sizes=\"(max-width: 464px) 100vw, 464px\" \/><\/figure>\n<\/div>\n<\/section>\n\n<section class=\"wp-block-group alignfull gt_1-cta-1photo_003 article is-layout-flow wp-block-group-is-layout-flow\" style=\"margin-top:0px;margin-bottom:0px;padding-bottom:153px\">\n<div class=\"wp-block-group has-global-padding is-layout-constrained wp-container-core-group-is-layout-c3c54179 wp-block-group-is-layout-constrained\" style=\"padding-bottom:101px\">\n<div class=\"wp-block-cover aligncenter has-custom-content-position is-position-bottom-center animated fadeIn\" style=\"min-height:70vh;aspect-ratio:unset;\"><img decoding=\"async\" width=\"1024\" height=\"436\" class=\"wp-block-cover__image-background wp-image-71174 size-large\" alt=\"comment bien preparer son depart depuis le camping pour le musee de la mer\" src=\"https:\/\/www.camping-biper-gorri.com\/wp-content\/uploads\/2025\/10\/comment-bien-preparer-son-depart-depuis-le-camping-pour-le-musee-de-la-mer-1024x436.jpg\" data-object-fit=\"cover\" srcset=\"https:\/\/www.camping-biper-gorri.com\/wp-content\/uploads\/2025\/10\/comment-bien-preparer-son-depart-depuis-le-camping-pour-le-musee-de-la-mer-1024x436.jpg 1024w, https:\/\/www.camping-biper-gorri.com\/wp-content\/uploads\/2025\/10\/comment-bien-preparer-son-depart-depuis-le-camping-pour-le-musee-de-la-mer-300x128.jpg 300w, https:\/\/www.camping-biper-gorri.com\/wp-content\/uploads\/2025\/10\/comment-bien-preparer-son-depart-depuis-le-camping-pour-le-musee-de-la-mer-768x327.jpg 768w, https:\/\/www.camping-biper-gorri.com\/wp-content\/uploads\/2025\/10\/comment-bien-preparer-son-depart-depuis-le-camping-pour-le-musee-de-la-mer.jpg 1500w\" sizes=\"(max-width: 1024px) 100vw, 1024px\" \/><span aria-hidden=\"true\" class=\"wp-block-cover__background has-contrast-background-color has-background-dim-10 has-background-dim\"><\/span><div class=\"wp-block-cover__inner-container is-layout-flow wp-block-cover-is-layout-flow\">\n<div class=\"wp-block-group titre-deco is-vertical is-content-justification-center is-layout-flex wp-container-core-group-is-layout-ab6239d0 wp-block-group-is-layout-flex\" style=\"margin-bottom:0px\">\n<p class=\"has-text-align-center has-base-2-color has-text-color has-link-color has-olive-citrus-font-family wp-elements-f4984cd7de6c314ec912f3c63f5e4297\" style=\"font-size:clamp(3.615rem, 3.615rem + ((1vw - 0.2rem) * 6.475), 7.5rem);line-height:0.4\">Prepara<\/p>\n\n\n\n<p class=\"has-text-align-center has-base-2-color has-text-color has-link-color has-boho-monoline-font-family wp-elements-368dc4f528f414b26441248ddf65271d\" style=\"font-size:clamp(3.521rem, 3.521rem + ((1vw - 0.2rem) * 6.215), 7.25rem);line-height:0.86\">su excursi\u00f3n<\/p>\n<\/div>\n<\/div><\/div>\n<\/div>\n\n\n\n<div class=\"wp-block-group alignfull full-width has-global-padding is-layout-constrained wp-container-core-group-is-layout-8c8c9b81 wp-block-group-is-layout-constrained\" style=\"border-radius:0px;margin-top:0px;margin-right:0px;margin-bottom:0px;margin-left:0px;padding-top:0px;padding-right:var(--wp--preset--spacing--50);padding-bottom:0px;padding-left:var(--wp--preset--spacing--50)\">\n<h2 class=\"wp-block-heading has-text-align-center full-width has-text-color\" style=\"color:rgba(255,255,255,1)\"><strong>\u00bfC\u00f3mo preparar tu salida <br\/>del camping al Museo del Mar?<\/strong><\/h2>\n\n\n\n<div style=\"height:2rem\" aria-hidden=\"true\" class=\"wp-block-spacer gt-show-mobile\"><\/div>\n\n\n\n<p class=\"has-base-2-color has-text-color has-link-color wp-elements-522f1c9e6851231c7d35a1226c632740\">Para aprovechar al m\u00e1ximo tu visita al Acuario de Biarritz, te damos <strong>algunos consejos pr\u00e1cticos:<\/strong><\/p>\n\n\n\n<ul style=\"padding-left:var(--wp--preset--spacing--30)\" class=\"wp-block-list has-base-2-color has-text-color has-link-color wp-elements-49b6f9fed19fc3ea2fa7465e60c31e01\">\n<li><strong>Reserva<\/strong> tus entradas con antelaci\u00f3n para evitar colas<\/li>\n\n\n\n<li>deja un poco de tiempo para encontrar <strong>aparcamiento<\/strong> en esta concurrida zona de Biarritz<\/li>\n\n\n\n<li>lleva <strong>calzado c\u00f3modo<\/strong> para explorar el acuario y disfrutar de las instalaciones del museo<\/li>\n\n\n\n<li>no olvides llevar tu <strong>c\u00e1mara<\/strong> para captar la belleza de las criaturas marinas y los espectaculares acuarios<\/li>\n<\/ul>\n\n\n\n<p class=\"has-base-2-color has-text-color has-link-color wp-elements-b1540f16ea048d76a0b1a0bb340c8c82\">Tanto si te apasiona la vida marina como si buscas una actividad divertida para toda la familia, el Acuario de Biarritz es una <strong>visita obligada<\/strong> durante tu estancia en Biarritz.<\/p>\n<\/div>\n<\/section>\n","protected":false},"excerpt":{"rendered":"<p>Descubre el acuario de Biarritz durante tu estancia en el camping En pleno centro de Biarritz, frente a la Roca de la Virgen, descubre el acuario, una de las instituciones m\u00e1s emblem\u00e1ticas de la regi\u00f3n. Fundado en la d\u00e9cada de 1880 por el marqu\u00e9s Alexandre Guillaume L\u00e9opold de Folin, el acuario de Biarritz fue pionero [&hellip;]<\/p>\n","protected":false},"author":1,"featured_media":71152,"comment_status":"closed","ping_status":"closed","sticky":false,"template":"","format":"standard","meta":{"_acf_changed":false,"_seopress_robots_primary_cat":"none","_seopress_titles_title":"Visita el acuario de Biarritz I Turismo Aquarium Biarritz","_seopress_titles_desc":"Sum\u00e9rgete en el mundo marino del Acuario de Biarritz durante tu estancia en el camping Biper Gorri de Espelette: tiburones, focas, medusas y piscinas tropicales te esperan para una excursi\u00f3n inolvidable en familia o con amigos.","_seopress_robots_index":"","inline_featured_image":false,"gt_fse_maillage_image":"https:\/\/www.camping-biper-gorri.com\/wp-content\/uploads\/2025\/10\/visite-aquarium-de-biarritz-cta.jpg","gt_fse_maillage_titre":"Acuario de Biarritz","gt_fse_maillage_alt":"visita al acuario de biarritz","gt_fse_maillage_resume":"","footnotes":""},"categories":[62],"tags":[78],"class_list":["post-88338","post","type-post","status-publish","format-standard","has-post-thumbnail","hentry","category-lugares","tag-museos"],"acf":[],"_links":{"self":[{"href":"https:\/\/www.camping-biper-gorri.com\/es\/wp-json\/wp\/v2\/posts\/88338","targetHints":{"allow":["GET"]}}],"collection":[{"href":"https:\/\/www.camping-biper-gorri.com\/es\/wp-json\/wp\/v2\/posts"}],"about":[{"href":"https:\/\/www.camping-biper-gorri.com\/es\/wp-json\/wp\/v2\/types\/post"}],"author":[{"embeddable":true,"href":"https:\/\/www.camping-biper-gorri.com\/es\/wp-json\/wp\/v2\/users\/1"}],"replies":[{"embeddable":true,"href":"https:\/\/www.camping-biper-gorri.com\/es\/wp-json\/wp\/v2\/comments?post=88338"}],"version-history":[{"count":5,"href":"https:\/\/www.camping-biper-gorri.com\/es\/wp-json\/wp\/v2\/posts\/88338\/revisions"}],"predecessor-version":[{"id":90079,"href":"https:\/\/www.camping-biper-gorri.com\/es\/wp-json\/wp\/v2\/posts\/88338\/revisions\/90079"}],"wp:featuredmedia":[{"embeddable":true,"href":"https:\/\/www.camping-biper-gorri.com\/es\/wp-json\/wp\/v2\/media\/71152"}],"wp:attachment":[{"href":"https:\/\/www.camping-biper-gorri.com\/es\/wp-json\/wp\/v2\/media?parent=88338"}],"wp:term":[{"taxonomy":"category","embeddable":true,"href":"https:\/\/www.camping-biper-gorri.com\/es\/wp-json\/wp\/v2\/categories?post=88338"},{"taxonomy":"post_tag","embeddable":true,"href":"https:\/\/www.camping-biper-gorri.com\/es\/wp-json\/wp\/v2\/tags?post=88338"}],"curies":[{"name":"wp","href":"https:\/\/api.w.org\/{rel}","templated":true}]}}