{"id":88325,"date":"2025-10-07T07:32:15","date_gmt":"2025-10-07T07:32:15","guid":{"rendered":"https:\/\/www.camping-biper-gorri.com\/sin-categoria\/visite-prison-des-eveques-st-jean-pied-de-port\/"},"modified":"2025-10-31T09:06:07","modified_gmt":"2025-10-31T09:06:07","slug":"visita-prision-de-los-episcopal-st-jean-pied-de-port","status":"publish","type":"post","link":"https:\/\/www.camping-biper-gorri.com\/es\/lugares\/visita-prision-de-los-episcopal-st-jean-pied-de-port\/","title":{"rendered":"Visita a la prisi\u00f3n episcopal de Saint-Jean-Pied-de-Port"},"content":{"rendered":"\n<section class=\"wp-block-group alignfull gt_2-cta_007__bis article has-global-padding is-layout-constrained wp-container-core-group-is-layout-8f482fdf wp-block-group-is-layout-constrained\" style=\"margin-top:0px;margin-bottom:0px;padding-top:var(--wp--preset--spacing--10)\">\n<div class=\"wp-block-group alignfull full-width is-vertical is-content-justification-center is-nowrap is-layout-flex wp-container-core-group-is-layout-810f5976 wp-block-group-is-layout-flex\" style=\"border-radius:0px;margin-top:0px;margin-right:0px;margin-bottom:0px;margin-left:0px;padding-top:0px;padding-right:0;padding-bottom:0px;padding-left:0\">\n<p class=\"has-text-align-center\">Descubre la fascinante historia de la <a href=\"https:\/\/www.tourisme64.com\/es\/las-actividades\/saint-jean-pied-de-port\/PCUAQU064FS0001N-prison-dite-des-eveques\/\" target=\"_blank\" rel=\"noreferrer noopener nofollow\">C\u00e1rcel de los Obispos<\/a> durante tu estancia en nuestro <a href=\"https:\/\/www.camping-biper-gorri.com\/es\/\">camping del Pa\u00eds Vasco<\/a>. Este monumento hist\u00f3rico de <a href=\"https:\/\/www.les-plus-beaux-villages-de-france.org\/fr\/nos-villages\/saint-jean-pied-de-port\/\" target=\"_blank\" rel=\"noreferrer noopener nofollow\">Saint-Jean-Pied-de-Port<\/a> es testigo de un pasado tumultuoso y es una <strong>visita obligada<\/strong> para cualquier persona interesada en la historia y el patrimonio.<\/p>\n\n\n\n<div class=\"wp-block-columns alignwide is-layout-flex wp-container-core-columns-is-layout-93fef87a wp-block-columns-is-layout-flex\" style=\"border-radius:0px;margin-top:0px;margin-right:0px;margin-bottom:0px;margin-left:0px;padding-top:0px;padding-right:0px;padding-bottom:0px;padding-left:0px\">\n<div class=\"wp-block-column is-vertically-aligned-top two-images is-layout-flow wp-block-column-is-layout-flow\" style=\"flex-basis:55%\">\n<div class=\"wp-block-group is-content-justification-center is-nowrap is-layout-flex wp-container-core-group-is-layout-d019b8d0 wp-block-group-is-layout-flex\" style=\"margin-top:0px;margin-right:0px;margin-bottom:0px;margin-left:0px\">\n<figure class=\"wp-block-image aligncenter size-full\"><img decoding=\"async\" width=\"402\" height=\"499\" src=\"https:\/\/www.camping-biper-gorri.com\/wp-content\/uploads\/2025\/10\/visite-de-la-prison-des-eveques-a-saint-jean-pied-de-port.jpg\" alt=\"visita a la prisi&#xF3;n episcopal de saint jean pied de port\" class=\"wp-image-71036\" srcset=\"https:\/\/www.camping-biper-gorri.com\/wp-content\/uploads\/2025\/10\/visite-de-la-prison-des-eveques-a-saint-jean-pied-de-port.jpg 402w, https:\/\/www.camping-biper-gorri.com\/wp-content\/uploads\/2025\/10\/visite-de-la-prison-des-eveques-a-saint-jean-pied-de-port-242x300.jpg 242w\" sizes=\"(max-width: 402px) 100vw, 402px\" \/><\/figure>\n<\/div>\n<\/div>\n\n\n\n<div class=\"wp-block-column is-vertically-aligned-center is-layout-flow wp-block-column-is-layout-flow\" style=\"flex-basis:45%\">\n<div class=\"wp-block-group has-global-padding is-content-justification-left is-layout-constrained wp-container-core-group-is-layout-1c1e5e78 wp-block-group-is-layout-constrained\" style=\"margin-top:0px;margin-right:0px;margin-bottom:0px;margin-left:0px\">\n<h2 class=\"wp-block-heading\"><strong>Descubre la prisi\u00f3n de los Obispos<\/strong> durante tu estancia en el camping<\/h2>\n\n\n\n<p>La C\u00e1rcel de los Obispos, situada en Saint-Jean-Pied-de-Port, es un <strong>monumento emblem\u00e1tico<\/strong> del patrimonio hist\u00f3rico del Pa\u00eds Vasco. Construida en el siglo XVII, la prisi\u00f3n fue concebida originalmente para <g id=\"gid_1\">albergar a los obispos<\/g> que visitaban la regi\u00f3n, pero pronto cambi\u00f3 su funci\u00f3n. Se convirti\u00f3 en una <strong>prisi\u00f3n tristemente c\u00e9lebre<\/strong>, especialmente durante los periodos de conflicto pol\u00edtico y religioso.  <\/p>\n\n\n    <div id=\"gt-fse-lire-plus-69f46fbe1ad3c\" class=\"gt-fse-lire-plus\" data-min-height=\"90\" style=\"background-color: #f9f9f9;\">\n        <input id=\"gt-fse-lire-plus-69f46fbe1ad3c-toggle\" type=\"checkbox\" class=\"gt-fse-lire-plus__toggle\" \/>\n        <label for=\"gt-fse-lire-plus-69f46fbe1ad3c-toggle\" class=\"gt-fse-lire-plus__toggle-label\">\n            <span>Leer m\u00e1s<\/span>\n            <span>Leer menos<\/span>\n        <\/label>\n        <div class=\"gt-fse-lire-plus__content\" style=\"height: 90px;\">\n            \n\n<p>Los gruesos muros de piedra, testimonio de un pasado tumultuoso, albergaban a presos a menudo acusados de disidencia. Las condiciones carcelarias eran especialmente duras, con <g id=\"gid_0\">celdas oscuras y estrechas<\/g> donde el aislamiento era la norma. A lo largo de los siglos, la prisi\u00f3n ha albergado a algunos de los personajes m\u00e1s importantes de la historia local, desde gente corriente hasta <strong>figuras pol\u00edticas<\/strong>.  <\/p>\n\n\n\n<p>Hoy en d\u00eda, la Prisi\u00f3n Episcopal es un <strong>lugar de recuerdo<\/strong> que invita a la reflexi\u00f3n. Los visitantes pueden pasear por sus estrechos pasillos y sentir la pesada atm\u00f3sfera que a\u00fan reina all\u00ed. Se ofrecen <g id=\"gid_1\">visitas guiadas<\/g> para conocer mejor su fascinante historia y las luchas por la libertad que all\u00ed tuvieron lugar. Este lugar hist\u00f3rico encarna tanto las injusticias del pasado como la importancia de <strong>proteger los derechos humanos<\/strong>, recordando a todos las lecciones del pasado.   <\/p>\n\n\n\n<p>La prisi\u00f3n episcopal de Saint-Jean-Pied-de-Port est\u00e1 abierta a los visitantes que deseen descubrir su <strong>fascinante historia<\/strong>. Los horarios de visita var\u00edan seg\u00fan la temporada, con aperturas generalmente <strong>de 10:00 a 18:00<\/strong>, y horarios reducidos fuera de la Temporada alta tur\u00edstica. Se aconseja consultar la p\u00e1gina web oficial para obtener informaci\u00f3n actualizada sobre los horarios de apertura y los d\u00edas de cierre.  <\/p>\n\n\n\n<p><strong>La entrada suele ser gratuita<\/strong> o de pago, en funci\u00f3n de las exposiciones temporales. Hay <g id=\"gid_1\">descuentos<\/g> para <g id=\"gid_2\">estudiantes<\/g> y <g id=\"gid_3\">grupos<\/g>. Tambi\u00e9n se ofrecen visitas guiadas a precios asequibles, que permiten a los visitantes explorar este lugar hist\u00f3rico en mayor profundidad.  <\/p>\n\n\n\n<p>En cuanto a la accesibilidad, cerca de la prisi\u00f3n hay un <strong>aparcamiento<\/strong> que facilita la llegada de los visitantes. <g id=\"gid_1\">Las personas con movilidad reducida (PMR)<\/g> pueden acceder a determinadas zonas, aunque algunas partes del edificio hist\u00f3rico pueden presentar limitaciones. Es aconsejable ponerse en contacto con la recepci\u00f3n para comprobar las <strong>facilidades espec\u00edficas<\/strong> y garantizar una visita agradable.  <\/p>\n\n            <div class=\"gt-fse-lire-plus__gradient\" style=\"background: linear-gradient(to bottom,rgba(249,249,249,0) 0%,rgba(249,249,249,1) 100%);\"><\/div>\n        <\/div>\n    <\/div>\n    <\/div>\n<\/div>\n<\/div>\n\n\n\n<figure class=\"wp-block-image size-full is-resized\" style=\"margin-top:0px;margin-right:0px;margin-bottom:0px;margin-left:0px\"><img decoding=\"async\" width=\"464\" height=\"221\" src=\"https:\/\/www.camping-biper-gorri.com\/wp-content\/uploads\/2025\/08\/soleil.png\" alt=\"localizador gorri\" class=\"wp-image-188\" style=\"width:463.0675354003906px\" srcset=\"https:\/\/www.camping-biper-gorri.com\/wp-content\/uploads\/2025\/08\/soleil.png 464w, https:\/\/www.camping-biper-gorri.com\/wp-content\/uploads\/2025\/08\/soleil-300x143.png 300w\" sizes=\"(max-width: 464px) 100vw, 464px\" \/><\/figure>\n<\/div>\n<\/section>\n\n<section class=\"wp-block-group alignfull gt_1-cta-1photo_003 article is-layout-flow wp-block-group-is-layout-flow\" style=\"margin-top:0px;margin-bottom:0px;padding-bottom:153px\">\n<div class=\"wp-block-group has-global-padding is-layout-constrained wp-container-core-group-is-layout-c3c54179 wp-block-group-is-layout-constrained\" style=\"padding-bottom:101px\">\n<div class=\"wp-block-cover aligncenter has-custom-content-position is-position-bottom-center animated fadeIn\" style=\"min-height:70vh;aspect-ratio:unset;\"><img decoding=\"async\" width=\"1024\" height=\"436\" class=\"wp-block-cover__image-background wp-image-71041 size-large\" alt=\"comment bien preparer son depart depuis le camping pour la prison des eveques\" src=\"https:\/\/www.camping-biper-gorri.com\/wp-content\/uploads\/2025\/10\/comment-bien-preparer-son-depart-depuis-le-camping-pour-la-prison-des-eveques-1024x436.jpg\" data-object-fit=\"cover\" srcset=\"https:\/\/www.camping-biper-gorri.com\/wp-content\/uploads\/2025\/10\/comment-bien-preparer-son-depart-depuis-le-camping-pour-la-prison-des-eveques-1024x436.jpg 1024w, https:\/\/www.camping-biper-gorri.com\/wp-content\/uploads\/2025\/10\/comment-bien-preparer-son-depart-depuis-le-camping-pour-la-prison-des-eveques-300x128.jpg 300w, https:\/\/www.camping-biper-gorri.com\/wp-content\/uploads\/2025\/10\/comment-bien-preparer-son-depart-depuis-le-camping-pour-la-prison-des-eveques-768x327.jpg 768w, https:\/\/www.camping-biper-gorri.com\/wp-content\/uploads\/2025\/10\/comment-bien-preparer-son-depart-depuis-le-camping-pour-la-prison-des-eveques.jpg 1500w\" sizes=\"(max-width: 1024px) 100vw, 1024px\" \/><span aria-hidden=\"true\" class=\"wp-block-cover__background has-contrast-background-color has-background-dim-10 has-background-dim\"><\/span><div class=\"wp-block-cover__inner-container is-layout-flow wp-block-cover-is-layout-flow\">\n<div class=\"wp-block-group titre-deco is-vertical is-content-justification-center is-layout-flex wp-container-core-group-is-layout-ab6239d0 wp-block-group-is-layout-flex\" style=\"margin-bottom:0px\">\n<p class=\"has-text-align-center has-base-2-color has-text-color has-link-color has-olive-citrus-font-family wp-elements-f4984cd7de6c314ec912f3c63f5e4297\" style=\"font-size:clamp(3.615rem, 3.615rem + ((1vw - 0.2rem) * 6.475), 7.5rem);line-height:0.4\">Prepara<\/p>\n\n\n\n<p class=\"has-text-align-center has-base-2-color has-text-color has-link-color has-boho-monoline-font-family wp-elements-368dc4f528f414b26441248ddf65271d\" style=\"font-size:clamp(3.521rem, 3.521rem + ((1vw - 0.2rem) * 6.215), 7.25rem);line-height:0.86\">su excursi\u00f3n<\/p>\n<\/div>\n<\/div><\/div>\n<\/div>\n\n\n\n<div class=\"wp-block-group alignfull full-width has-global-padding is-layout-constrained wp-container-core-group-is-layout-8c8c9b81 wp-block-group-is-layout-constrained\" style=\"border-radius:0px;margin-top:0px;margin-right:0px;margin-bottom:0px;margin-left:0px;padding-top:0px;padding-right:var(--wp--preset--spacing--50);padding-bottom:0px;padding-left:var(--wp--preset--spacing--50)\">\n<h2 class=\"wp-block-heading has-text-align-center full-width has-text-color\" style=\"color:rgba(255,255,255,1)\"><strong>\u00bfC\u00f3mo preparar su salida <br\/>del camping para la prisi\u00f3n de los Obispos?<\/strong><\/h2>\n\n\n\n<div style=\"height:2rem\" aria-hidden=\"true\" class=\"wp-block-spacer gt-show-mobile\"><\/div>\n\n\n\n<ol style=\"padding-left:var(--wp--preset--spacing--30)\" class=\"wp-block-list has-base-2-color has-text-color has-link-color wp-elements-4e844122679a20288415aca943ba1d89\">\n<li>Prep\u00e1rese para descubrir un <strong>lugar cargado de historia<\/strong> con una visita a la C\u00e1rcel de los Obispos, visita obligada en Saint-Jean-Pied-de-Port.<\/li>\n\n\n\n<li>No olvide su <strong>c\u00e1mara<\/strong>: la austera arquitectura y las antiguas murallas ofrecen vistas fascinantes para capturar en pel\u00edcula.<\/li>\n\n\n\n<li>Compruebe <strong>los horarios de apertura<\/strong> antes de su visita, ya que var\u00edan seg\u00fan la temporada y pueden incluir enriquecedoras visitas guiadas.<\/li>\n\n\n\n<li>Aprovecha los servicios cercanos, como <strong>aparcamiento<\/strong> y <strong>acceso adaptado<\/strong>, para disfrutar de una agradable experiencia de visita.<\/li>\n\n\n\n<li>T\u00f3mate tu tiempo para explorar las <strong>exposiciones<\/strong> que cuentan las historias de los presos, para comprender mejor el tumultuoso pasado de este lugar.<\/li>\n<\/ol>\n<\/div>\n<\/section>\n","protected":false},"excerpt":{"rendered":"<p>Descubre la fascinante historia de la C\u00e1rcel de los Obispos durante tu estancia en nuestro camping del Pa\u00eds Vasco. Este monumento hist\u00f3rico de Saint-Jean-Pied-de-Port es testigo de un pasado tumultuoso y es una visita obligada para cualquier persona interesada en la historia y el patrimonio. Descubre la prisi\u00f3n de los Obispos durante tu estancia en [&hellip;]<\/p>\n","protected":false},"author":1,"featured_media":71029,"comment_status":"closed","ping_status":"closed","sticky":false,"template":"","format":"standard","meta":{"_acf_changed":false,"_seopress_robots_primary_cat":"none","_seopress_titles_title":"Visita la prisi\u00f3n episcopal de Saint-Jean-Pied-de-Port 64","_seopress_titles_desc":"La C\u00e1rcel de los Obispos, situada en Saint-Jean-Pied-de-Port, es un monumento emblem\u00e1tico del patrimonio hist\u00f3rico del Pa\u00eds Vasco. Construida en el siglo XVII, la prisi\u00f3n se dise\u00f1\u00f3 originalmente para albergar a los obispos que visitaban la regi\u00f3n, pero pronto cambi\u00f3 su funci\u00f3n. Se convirti\u00f3 en una prisi\u00f3n notoria, especialmente durante los periodos de conflicto pol\u00edtico y religioso.  ","_seopress_robots_index":"","inline_featured_image":false,"gt_fse_maillage_image":"https:\/\/www.camping-biper-gorri.com\/wp-content\/uploads\/2025\/10\/visite-prison-des-eveques-st-jean-pied-de-port-cta.jpg","gt_fse_maillage_titre":"Prisi\u00f3n de los obispos","gt_fse_maillage_alt":"visita a la prisi\u00f3n episcopal de st jean pied de port","gt_fse_maillage_resume":"","footnotes":""},"categories":[62],"tags":[70],"class_list":["post-88325","post","type-post","status-publish","format-standard","has-post-thumbnail","hentry","category-lugares","tag-castillo"],"acf":[],"_links":{"self":[{"href":"https:\/\/www.camping-biper-gorri.com\/es\/wp-json\/wp\/v2\/posts\/88325","targetHints":{"allow":["GET"]}}],"collection":[{"href":"https:\/\/www.camping-biper-gorri.com\/es\/wp-json\/wp\/v2\/posts"}],"about":[{"href":"https:\/\/www.camping-biper-gorri.com\/es\/wp-json\/wp\/v2\/types\/post"}],"author":[{"embeddable":true,"href":"https:\/\/www.camping-biper-gorri.com\/es\/wp-json\/wp\/v2\/users\/1"}],"replies":[{"embeddable":true,"href":"https:\/\/www.camping-biper-gorri.com\/es\/wp-json\/wp\/v2\/comments?post=88325"}],"version-history":[{"count":5,"href":"https:\/\/www.camping-biper-gorri.com\/es\/wp-json\/wp\/v2\/posts\/88325\/revisions"}],"predecessor-version":[{"id":90589,"href":"https:\/\/www.camping-biper-gorri.com\/es\/wp-json\/wp\/v2\/posts\/88325\/revisions\/90589"}],"wp:featuredmedia":[{"embeddable":true,"href":"https:\/\/www.camping-biper-gorri.com\/es\/wp-json\/wp\/v2\/media\/71029"}],"wp:attachment":[{"href":"https:\/\/www.camping-biper-gorri.com\/es\/wp-json\/wp\/v2\/media?parent=88325"}],"wp:term":[{"taxonomy":"category","embeddable":true,"href":"https:\/\/www.camping-biper-gorri.com\/es\/wp-json\/wp\/v2\/categories?post=88325"},{"taxonomy":"post_tag","embeddable":true,"href":"https:\/\/www.camping-biper-gorri.com\/es\/wp-json\/wp\/v2\/tags?post=88325"}],"curies":[{"name":"wp","href":"https:\/\/api.w.org\/{rel}","templated":true}]}}