{"id":88286,"date":"2025-10-07T08:54:00","date_gmt":"2025-10-07T08:54:00","guid":{"rendered":"https:\/\/www.camping-biper-gorri.com\/sin-categoria\/visite-chateau-urtubie\/"},"modified":"2025-10-31T09:28:25","modified_gmt":"2025-10-31T09:28:25","slug":"visita-castillo-urtubie","status":"publish","type":"post","link":"https:\/\/www.camping-biper-gorri.com\/es\/lugares\/visita-castillo-urtubie\/","title":{"rendered":"Visita al Castillo de Urtubie"},"content":{"rendered":"\n<section class=\"wp-block-group alignfull gt_2-cta_007__bis article has-global-padding is-layout-constrained wp-container-core-group-is-layout-8f482fdf wp-block-group-is-layout-constrained\" style=\"margin-top:0px;margin-bottom:0px;padding-top:var(--wp--preset--spacing--10)\">\n<div class=\"wp-block-group alignfull full-width is-vertical is-content-justification-center is-nowrap is-layout-flex wp-container-core-group-is-layout-810f5976 wp-block-group-is-layout-flex\" style=\"border-radius:0px;margin-top:0px;margin-right:0px;margin-bottom:0px;margin-left:0px;padding-top:0px;padding-right:0;padding-bottom:0px;padding-left:0\">\n<p class=\"has-text-align-center\">Desde nuestro <a href=\"https:\/\/www.camping-biper-gorri.com\/es\/\">camping de Espelette<\/a>, descubre el <strong>prestigioso Castillo de Urtubie<\/strong>. A pocos kil\u00f3metros de <a href=\"https:\/\/www.camping-biper-gorri.com\/es\/lugares\/turismo-saint-jean-de-luz\/\">San Juan de Luz<\/a> y cerca de la frontera espa\u00f1ola, nuestro camping es un excelente punto de partida para una visita rica en <strong>historia<\/strong> y <strong>encanto<\/strong>.<\/p>\n\n\n\n<div class=\"wp-block-columns alignwide is-layout-flex wp-container-core-columns-is-layout-93fef87a wp-block-columns-is-layout-flex\" style=\"border-radius:0px;margin-top:0px;margin-right:0px;margin-bottom:0px;margin-left:0px;padding-top:0px;padding-right:0px;padding-bottom:0px;padding-left:0px\">\n<div class=\"wp-block-column is-vertically-aligned-top two-images is-layout-flow wp-block-column-is-layout-flow\" style=\"flex-basis:55%\">\n<div class=\"wp-block-group is-content-justification-center is-nowrap is-layout-flex wp-container-core-group-is-layout-d019b8d0 wp-block-group-is-layout-flex\" style=\"margin-top:0px;margin-right:0px;margin-bottom:0px;margin-left:0px\">\n<figure class=\"wp-block-image aligncenter size-full\"><img decoding=\"async\" width=\"967\" height=\"655\" src=\"https:\/\/www.camping-biper-gorri.com\/wp-content\/uploads\/2025\/10\/decouvrez-le-chateau-d-urtubie-lors-de-votre-sejour-au-camping.jpg\" alt=\"descubre el castillo de urtubie durante tu estancia en el camping\" class=\"wp-image-73721\" srcset=\"https:\/\/www.camping-biper-gorri.com\/wp-content\/uploads\/2025\/10\/decouvrez-le-chateau-d-urtubie-lors-de-votre-sejour-au-camping.jpg 967w, https:\/\/www.camping-biper-gorri.com\/wp-content\/uploads\/2025\/10\/decouvrez-le-chateau-d-urtubie-lors-de-votre-sejour-au-camping-300x203.jpg 300w, https:\/\/www.camping-biper-gorri.com\/wp-content\/uploads\/2025\/10\/decouvrez-le-chateau-d-urtubie-lors-de-votre-sejour-au-camping-768x520.jpg 768w\" sizes=\"(max-width: 967px) 100vw, 967px\" \/><\/figure>\n<\/div>\n<\/div>\n\n\n\n<div class=\"wp-block-column is-vertically-aligned-center is-layout-flow wp-block-column-is-layout-flow\" style=\"flex-basis:45%\">\n<div class=\"wp-block-group has-global-padding is-content-justification-left is-layout-constrained wp-container-core-group-is-layout-1c1e5e78 wp-block-group-is-layout-constrained\" style=\"margin-top:0px;margin-right:0px;margin-bottom:0px;margin-left:0px\">\n<h2 class=\"wp-block-heading\"><strong>Descubre el castillo de Urtubie<\/strong> <br\/>durante tu estancia en el camping<\/h2>\n\n\n\n<p><a href=\"https:\/\/chateaudurtubie.net\/es\/\" target=\"_blank\" rel=\"noreferrer noopener nofollow\">El castillo de Urtubie<\/a>, construido en 1341 por orden del rey Eduardo III de Inglaterra para controlar la ruta hacia Espa\u00f1a, es testigo de <strong>seis siglos de historia en el Pa\u00eds Vasco<\/strong>. A lo largo de los a\u00f1os, la familia d&#8217;Urtubie ascendi\u00f3 a puestos cada vez m\u00e1s importantes.<\/p>\n\n\n    <div id=\"gt-fse-lire-plus-69f2b42c84f06\" class=\"gt-fse-lire-plus\" data-min-height=\"130\" style=\"background-color: #f9f9f9;\">\n        <input id=\"gt-fse-lire-plus-69f2b42c84f06-toggle\" type=\"checkbox\" class=\"gt-fse-lire-plus__toggle\" \/>\n        <label for=\"gt-fse-lire-plus-69f2b42c84f06-toggle\" class=\"gt-fse-lire-plus__toggle-label\">\n            <span>Leer m\u00e1s<\/span>\n            <span>Leer menos<\/span>\n        <\/label>\n        <div class=\"gt-fse-lire-plus__content\" style=\"height: 130px;\">\n            \n\n<p>El Ch\u00e2teau d&#8217;Urtubie ofrece una <strong>aut\u00e9ntica experiencia<\/strong> del arte de vivir franc\u00e9s a trav\u00e9s de sus elegantes y refinados interiores. Situado a s\u00f3lo 3 kil\u00f3metros de San Juan de Luz y a 9 kil\u00f3metros de Espa\u00f1a, goza de una posici\u00f3n privilegiada. Adem\u00e1s de visitar los interiores, los visitantes pueden pasear por el <strong>parque<\/strong> ingl\u00e9s y explorar <strong>elementos hist\u00f3ricos<\/strong> como la capilla <sup>del siglo XVII<\/sup>, el invernadero de naranjos <sup>del siglo XVIII<\/sup> y el herbolario <sup>del siglo XIX<\/sup>.  <\/p>\n\n\n\n<p>El Ch\u00e2teau d&#8217;Urtubie, construido originalmente como un <strong>castillo fortificado <sup>del siglo XIV<\/sup><\/strong>, te invita a pasar una estancia corta o larga en San Juan de Luz &#8211; Urrugne, en la regi\u00f3n de los Pirineos Atl\u00e1nticos. Esta <strong>elegante residencia de car\u00e1cter<\/strong>, enclavada en el coraz\u00f3n del Pa\u00eds Vasco, te invita a descubrir su vasto parque de 6 hect\u00e1reas, su antiguo invernadero de naranjos y, por supuesto, su suntuosa piscina exterior, que ofrece un <strong>ambiente cargado de historia<\/strong> para unas vacaciones inolvidables. <\/p>\n\n            <div class=\"gt-fse-lire-plus__gradient\" style=\"background: linear-gradient(to bottom,rgba(249,249,249,0) 0%,rgba(249,249,249,1) 100%);\"><\/div>\n        <\/div>\n    <\/div>\n    <\/div>\n<\/div>\n<\/div>\n\n\n\n<div class=\"wp-block-columns is-layout-flex wp-container-core-columns-is-layout-14cf5ab5 wp-block-columns-is-layout-flex\">\n<div class=\"wp-block-column is-layout-flow wp-block-column-is-layout-flow\">\n<div class=\"wp-block-group has-custom-ver-eau-clair-background-color has-background has-global-padding is-layout-constrained wp-container-core-group-is-layout-9597dc02 wp-block-group-is-layout-constrained\" style=\"border-radius:15px;padding-top:var(--wp--preset--spacing--10);padding-right:var(--wp--preset--spacing--10);padding-bottom:var(--wp--preset--spacing--10);padding-left:var(--wp--preset--spacing--10)\">\n<p class=\"has-text-align-center has-custom-vert-fonce-color has-text-color has-link-color wp-elements-0bd4e46c072c41d7541c7812c4188b70\" style=\"font-size:clamp(0.984rem, 0.984rem + ((1vw - 0.2rem) * 0.86), 1.5rem);font-style:normal;font-weight:500;text-transform:uppercase\">Horario<\/p>\n\n\n\n<p>El Ch\u00e2teau H\u00f4tel est\u00e1 abierto del 13 de junio al 15 de septiembre. <br\/>El museo del castillo est\u00e1 abierto del 1 de abril al 3 de noviembre.<\/p>\n<\/div>\n<\/div>\n\n\n\n<div class=\"wp-block-column is-layout-flow wp-block-column-is-layout-flow\">\n<div class=\"wp-block-group has-custom-ver-eau-clair-background-color has-background has-global-padding is-layout-constrained wp-container-core-group-is-layout-9597dc02 wp-block-group-is-layout-constrained\" style=\"border-radius:15px;padding-top:var(--wp--preset--spacing--10);padding-right:var(--wp--preset--spacing--10);padding-bottom:var(--wp--preset--spacing--10);padding-left:var(--wp--preset--spacing--10)\">\n<p class=\"has-text-align-center has-custom-vert-fonce-color has-text-color has-link-color wp-elements-18c2dda6cf297778d6ee148ac498421b\" style=\"font-size:clamp(0.984rem, 0.984rem + ((1vw - 0.2rem) * 0.86), 1.5rem);font-style:normal;font-weight:500;text-transform:uppercase\">Tarifas<\/p>\n\n\n\n<ul class=\"wp-block-list\">\n<li>Precio completo: <strong>9<\/strong><\/li>\n\n\n\n<li>Tarifa reducida: <strong>5<\/strong><\/li>\n\n\n\n<li>Ni\u00f1os de 5 a 16 a\u00f1os<\/li>\n\n\n\n<li>Tarifa de grupo: <strong>7,50<\/strong><\/li>\n<\/ul>\n<\/div>\n<\/div>\n<\/div>\n\n\n\n<p class=\"has-text-align-center gt-no-padding-mobile\" style=\"margin-top:0;margin-right:var(--wp--preset--spacing--60);margin-left:var(--wp--preset--spacing--60)\"><strong>Aparcamiento<\/strong> disponible in situ<\/p>\n\n\n\n<figure class=\"wp-block-image size-full is-resized\" style=\"margin-top:0px;margin-right:0px;margin-bottom:0px;margin-left:0px\"><img decoding=\"async\" width=\"464\" height=\"221\" src=\"https:\/\/www.camping-biper-gorri.com\/wp-content\/uploads\/2025\/08\/soleil.png\" alt=\"localizador gorri\" class=\"wp-image-188\" style=\"width:463.0675354003906px\" srcset=\"https:\/\/www.camping-biper-gorri.com\/wp-content\/uploads\/2025\/08\/soleil.png 464w, https:\/\/www.camping-biper-gorri.com\/wp-content\/uploads\/2025\/08\/soleil-300x143.png 300w\" sizes=\"(max-width: 464px) 100vw, 464px\" \/><\/figure>\n<\/div>\n<\/section>\n\n<section class=\"wp-block-group alignfull gt_1-cta-1photo_003 article is-layout-flow wp-block-group-is-layout-flow\" style=\"margin-top:0px;margin-bottom:0px;padding-bottom:153px\">\n<div class=\"wp-block-group has-global-padding is-layout-constrained wp-container-core-group-is-layout-c3c54179 wp-block-group-is-layout-constrained\" style=\"padding-bottom:101px\">\n<div class=\"wp-block-cover aligncenter has-custom-content-position is-position-bottom-center animated fadeIn\" style=\"min-height:70vh;aspect-ratio:unset;\"><img decoding=\"async\" width=\"1024\" height=\"436\" class=\"wp-block-cover__image-background wp-image-73726 size-large\" alt=\"comment bien preparer son depart depuis le camping pour le chateau d urtubie\" src=\"https:\/\/www.camping-biper-gorri.com\/wp-content\/uploads\/2025\/10\/comment-bien-preparer-son-depart-depuis-le-camping-pour-le-chateau-d-urtubie-1024x436.jpg\" data-object-fit=\"cover\" srcset=\"https:\/\/www.camping-biper-gorri.com\/wp-content\/uploads\/2025\/10\/comment-bien-preparer-son-depart-depuis-le-camping-pour-le-chateau-d-urtubie-1024x436.jpg 1024w, https:\/\/www.camping-biper-gorri.com\/wp-content\/uploads\/2025\/10\/comment-bien-preparer-son-depart-depuis-le-camping-pour-le-chateau-d-urtubie-300x128.jpg 300w, https:\/\/www.camping-biper-gorri.com\/wp-content\/uploads\/2025\/10\/comment-bien-preparer-son-depart-depuis-le-camping-pour-le-chateau-d-urtubie-768x327.jpg 768w, https:\/\/www.camping-biper-gorri.com\/wp-content\/uploads\/2025\/10\/comment-bien-preparer-son-depart-depuis-le-camping-pour-le-chateau-d-urtubie.jpg 1500w\" sizes=\"(max-width: 1024px) 100vw, 1024px\" \/><span aria-hidden=\"true\" class=\"wp-block-cover__background has-contrast-background-color has-background-dim-0 has-background-dim\"><\/span><div class=\"wp-block-cover__inner-container is-layout-flow wp-block-cover-is-layout-flow\">\n<div class=\"wp-block-group titre-deco is-vertical is-content-justification-center is-layout-flex wp-container-core-group-is-layout-ab6239d0 wp-block-group-is-layout-flex\" style=\"margin-bottom:0px\">\n<p class=\"has-text-align-center has-base-2-color has-text-color has-link-color has-olive-citrus-font-family wp-elements-f4984cd7de6c314ec912f3c63f5e4297\" style=\"font-size:clamp(3.615rem, 3.615rem + ((1vw - 0.2rem) * 6.475), 7.5rem);line-height:0.4\">Prepara<\/p>\n\n\n\n<p class=\"has-text-align-center has-base-2-color has-text-color has-link-color has-boho-monoline-font-family wp-elements-368dc4f528f414b26441248ddf65271d\" style=\"font-size:clamp(3.521rem, 3.521rem + ((1vw - 0.2rem) * 6.215), 7.25rem);line-height:0.86\">su excursi\u00f3n<\/p>\n<\/div>\n<\/div><\/div>\n<\/div>\n\n\n\n<div class=\"wp-block-group alignfull full-width has-global-padding is-layout-constrained wp-container-core-group-is-layout-8c8c9b81 wp-block-group-is-layout-constrained\" style=\"border-radius:0px;margin-top:0px;margin-right:0px;margin-bottom:0px;margin-left:0px;padding-top:0px;padding-right:var(--wp--preset--spacing--50);padding-bottom:0px;padding-left:var(--wp--preset--spacing--50)\">\n<h2 class=\"wp-block-heading has-text-align-center full-width has-text-color\" style=\"color:rgba(255,255,255,1)\"><strong>\u00bfC\u00f3mo preparar tu salida <br\/>del camping a Ch\u00e2teau d&#8217;Urtubie?<\/strong><\/h2>\n\n\n\n<div style=\"height:2rem\" aria-hidden=\"true\" class=\"wp-block-spacer gt-show-mobile\"><\/div>\n\n\n\n<p class=\"has-base-2-color has-text-color has-link-color wp-elements-8256304d3ac6461ae1ce3346696d31df\">Desde nuestro camping cerca del castillo de Urtubie, te damos algunos consejos para que tu visita sea un \u00e9xito:<\/p>\n\n\n\n<ol style=\"padding-left:var(--wp--preset--spacing--30)\" class=\"wp-block-list has-base-2-color has-text-color has-link-color wp-elements-871b54cd04aba77820dd7b1ed0d23869\">\n<li>Comprueba si tienes que Reservar con antelaci\u00f3n.<\/li>\n\n\n\n<li><strong>Mapa o GPS<\/strong>: para guiarte hasta el castillo.<\/li>\n\n\n\n<li><strong>C\u00e1mara<\/strong>: para captar el magn\u00edfico paisaje y la arquitectura del castillo.<\/li>\n\n\n\n<li><strong>Cuaderno y bol\u00edgrafo<\/strong>: para tomar notas o dibujar.<\/li>\n\n\n\n<li><strong>Tiempo de visita<\/strong>: deja tiempo suficiente para explorar el castillo y sus jardines.<\/li>\n\n\n\n<li><strong>Otras actividades<\/strong>: inf\u00f3rmate sobre otros lugares cercanos que puedes visitar despu\u00e9s de tu visita.<\/li>\n<\/ol>\n\n\n\n<p class=\"has-base-2-color has-text-color has-link-color wp-elements-a7dabb7731d9b4f7ef4706b3f3bc12d3\">El castillo de Urtubie ofrece una <strong>inmersi\u00f3n excepcional<\/strong> en la historia del Pa\u00eds Vasco, una mezcla de <strong>patrimonio arquitect\u00f3nico<\/strong> y <strong>elegancia atemporal<\/strong>.<\/p>\n<\/div>\n<\/section>\n","protected":false},"excerpt":{"rendered":"<p>Desde nuestro camping de Espelette, descubre el prestigioso Castillo de Urtubie. A pocos kil\u00f3metros de San Juan de Luz y cerca de la frontera espa\u00f1ola, nuestro camping es un excelente punto de partida para una visita rica en historia y encanto. Descubre el castillo de Urtubie durante tu estancia en el camping El castillo de [&hellip;]<\/p>\n","protected":false},"author":1,"featured_media":73715,"comment_status":"closed","ping_status":"closed","sticky":false,"template":"","format":"standard","meta":{"_acf_changed":false,"_seopress_robots_primary_cat":"none","_seopress_titles_title":"Visitar el Castillo de Urtubie en el Pa\u00eds Vasco: informaci\u00f3n pr\u00e1ctica","_seopress_titles_desc":"El castillo de Urtubie, construido en 1341 por orden del rey Eduardo III de Inglaterra para controlar la ruta hacia Espa\u00f1a, es testigo de seis siglos de historia en el Pa\u00eds Vasco, ya que la familia d'Urtubie ascendi\u00f3 a posiciones cada vez m\u00e1s importantes a lo largo de los a\u00f1os.","_seopress_robots_index":"","inline_featured_image":false,"gt_fse_maillage_image":"https:\/\/www.camping-biper-gorri.com\/wp-content\/uploads\/2025\/10\/visite-chateau-urtubie-cta.jpg","gt_fse_maillage_titre":"Castillo de Urtubie","gt_fse_maillage_alt":"visita el castillo de urtubie","gt_fse_maillage_resume":"","footnotes":""},"categories":[62],"tags":[70],"class_list":["post-88286","post","type-post","status-publish","format-standard","has-post-thumbnail","hentry","category-lugares","tag-castillo"],"acf":[],"_links":{"self":[{"href":"https:\/\/www.camping-biper-gorri.com\/es\/wp-json\/wp\/v2\/posts\/88286","targetHints":{"allow":["GET"]}}],"collection":[{"href":"https:\/\/www.camping-biper-gorri.com\/es\/wp-json\/wp\/v2\/posts"}],"about":[{"href":"https:\/\/www.camping-biper-gorri.com\/es\/wp-json\/wp\/v2\/types\/post"}],"author":[{"embeddable":true,"href":"https:\/\/www.camping-biper-gorri.com\/es\/wp-json\/wp\/v2\/users\/1"}],"replies":[{"embeddable":true,"href":"https:\/\/www.camping-biper-gorri.com\/es\/wp-json\/wp\/v2\/comments?post=88286"}],"version-history":[{"count":5,"href":"https:\/\/www.camping-biper-gorri.com\/es\/wp-json\/wp\/v2\/posts\/88286\/revisions"}],"predecessor-version":[{"id":90651,"href":"https:\/\/www.camping-biper-gorri.com\/es\/wp-json\/wp\/v2\/posts\/88286\/revisions\/90651"}],"wp:featuredmedia":[{"embeddable":true,"href":"https:\/\/www.camping-biper-gorri.com\/es\/wp-json\/wp\/v2\/media\/73715"}],"wp:attachment":[{"href":"https:\/\/www.camping-biper-gorri.com\/es\/wp-json\/wp\/v2\/media?parent=88286"}],"wp:term":[{"taxonomy":"category","embeddable":true,"href":"https:\/\/www.camping-biper-gorri.com\/es\/wp-json\/wp\/v2\/categories?post=88286"},{"taxonomy":"post_tag","embeddable":true,"href":"https:\/\/www.camping-biper-gorri.com\/es\/wp-json\/wp\/v2\/tags?post=88286"}],"curies":[{"name":"wp","href":"https:\/\/api.w.org\/{rel}","templated":true}]}}