{"id":88270,"date":"2025-10-07T08:46:36","date_gmt":"2025-10-07T08:46:36","guid":{"rendered":"https:\/\/www.camping-biper-gorri.com\/sin-categoria\/visite-chateau-enigmes-laas\/"},"modified":"2025-10-31T09:27:22","modified_gmt":"2025-10-31T09:27:22","slug":"visita-castillo-enigmas-laas","status":"publish","type":"post","link":"https:\/\/www.camping-biper-gorri.com\/es\/lugares\/visita-castillo-enigmas-laas\/","title":{"rendered":"Visita el Castillo de La\u00e0s: arquitectura medieval y castillo de enigmas"},"content":{"rendered":"\n<section class=\"wp-block-group alignfull gt_2-cta_007__bis article has-global-padding is-layout-constrained wp-container-core-group-is-layout-8f482fdf wp-block-group-is-layout-constrained\" style=\"margin-top:0px;margin-bottom:0px;padding-top:var(--wp--preset--spacing--10)\">\n<div class=\"wp-block-group alignfull full-width is-vertical is-content-justification-center is-nowrap is-layout-flex wp-container-core-group-is-layout-810f5976 wp-block-group-is-layout-flex\" style=\"border-radius:0px;margin-top:0px;margin-right:0px;margin-bottom:0px;margin-left:0px;padding-top:0px;padding-right:0;padding-bottom:0px;padding-left:0\">\n<p class=\"has-text-align-center\">Desde nuestro <a href=\"https:\/\/www.camping-biper-gorri.com\/es\/\">camping de Espelette<\/a>, haz una escapada <strong>cultural<\/strong> y descubre el <a href=\"https:\/\/www.chateau-enigmes.com\/es\/pyrenees-atlantiques\" target=\"_blank\" rel=\"noreferrer noopener nofollow\">Castillo de La\u00e0s<\/a>, aut\u00e9ntica joya de la corona bearnesa. A una hora en coche, el castillo de La\u00e0s es el punto de partida ideal para esta <strong>visita obligada al patrimonio de<\/strong> los Pirineos Atl\u00e1nticos.<\/p>\n\n\n\n<div class=\"wp-block-columns alignwide is-layout-flex wp-container-core-columns-is-layout-93fef87a wp-block-columns-is-layout-flex\" style=\"border-radius:0px;margin-top:0px;margin-right:0px;margin-bottom:0px;margin-left:0px;padding-top:0px;padding-right:0px;padding-bottom:0px;padding-left:0px\">\n<div class=\"wp-block-column is-vertically-aligned-top two-images is-layout-flow wp-block-column-is-layout-flow\" style=\"flex-basis:55%\">\n<div class=\"wp-block-group is-content-justification-center is-nowrap is-layout-flex wp-container-core-group-is-layout-d019b8d0 wp-block-group-is-layout-flex\" style=\"margin-top:0px;margin-right:0px;margin-bottom:0px;margin-left:0px\">\n<figure class=\"wp-block-image aligncenter size-full is-resized\"><img decoding=\"async\" width=\"967\" height=\"655\" src=\"https:\/\/www.camping-biper-gorri.com\/wp-content\/uploads\/2025\/10\/visiter-le-chateau-de-laas.jpg\" alt=\"visita el castillo de laas\" class=\"wp-image-73694\" style=\"width:762px;height:auto\" srcset=\"https:\/\/www.camping-biper-gorri.com\/wp-content\/uploads\/2025\/10\/visiter-le-chateau-de-laas.jpg 967w, https:\/\/www.camping-biper-gorri.com\/wp-content\/uploads\/2025\/10\/visiter-le-chateau-de-laas-300x203.jpg 300w, https:\/\/www.camping-biper-gorri.com\/wp-content\/uploads\/2025\/10\/visiter-le-chateau-de-laas-768x520.jpg 768w\" sizes=\"(max-width: 967px) 100vw, 967px\" \/><figcaption class=\"wp-element-caption\">Fuente : <a href=\"https:\/\/commons.wikimedia.org\/wiki\/File:Le_Ch%C3%A2teau_de_La%C3%A0s.jpg\" target=\"_blank\" rel=\"noreferrer noopener nofollow\">https:\/\/commons.wikimedia.org\/wiki\/File:Le_Ch%C3%A2teau_de_La%C3%A0s.jpg<\/a> \/ Autor : <a href=\"https:\/\/commons.wikimedia.org\/w\/index.php?title=User:Office_de_tourisme_64520&amp;action=edit&amp;redlink=1\" target=\"_blank\" rel=\"noreferrer noopener nofollow\"><\/a><a href=\"https:\/\/commons.wikimedia.org\/w\/index.php?title=User:Office_de_tourisme_du_b%C3%A9arn_des_gaves&amp;action=edit&amp;redlink=1\" target=\"_blank\" rel=\"noreferrer noopener nofollow\">Office de tourisme du b\u00e9arn des gaves<\/a><\/figcaption><\/figure>\n<\/div>\n<\/div>\n\n\n\n<div class=\"wp-block-column is-vertically-aligned-center is-layout-flow wp-block-column-is-layout-flow\" style=\"flex-basis:45%\">\n<div class=\"wp-block-group has-global-padding is-content-justification-left is-layout-constrained wp-container-core-group-is-layout-1c1e5e78 wp-block-group-is-layout-constrained\" style=\"margin-top:0px;margin-right:0px;margin-bottom:0px;margin-left:0px\">\n<h2 class=\"wp-block-heading\"><strong>Descubre el Castillo de La\u00e0s<\/strong> durante tu estancia en el camping<\/h2>\n\n\n\n<p>El castillo de La\u00e0s, en la regi\u00f3n de los Pirineos Atl\u00e1nticos, es un verdadero tesoro de la <strong>arquitectura medieval francesa<\/strong>. Construido en el siglo <g id=\"gid_1\">XII<\/g> por los vizcondes de B\u00e9arn, sirvi\u00f3 para defender la regi\u00f3n y controlar rutas estrat\u00e9gicas. Su posici\u00f3n dominando el valle del Gave de Pau ofrece una <strong>vista inmejorable de<\/strong> los alrededores.  <\/p>\n\n\n\n<p>El castillo ha sufrido varias transformaciones a lo largo de los siglos. En el siglo <sup>XV<\/sup>, fue ampliado y embellecido en <strong>estilo renacentista<\/strong>, con sus esbeltas torres y gruesos muros que dan testimonio de una \u00e9poca agitada y pr\u00f3spera a la vez. <a href=\"https:\/\/www.tourisme-bearn-gaves.com\/es\/descubrir\/cultura-y-patrimonio\/laas-mas-que-un-pueblo\/\" target=\"_blank\" rel=\"noreferrer noopener nofollow\">La\u00e0s<\/a> ha sido testigo de numerosas batallas y ha acogido a algunos de <strong>los personajes m\u00e1s importantes de la historia<\/strong>, consolidando su papel estrat\u00e9gico. <\/p>\n\n\n\n<p>Catalogado como monumento hist\u00f3rico, el castillo de Laas es ahora una popular atracci\u00f3n tur\u00edstica. Los visitantes pueden explorar sus <g id=\"gid_0\">salas ricamente decoradas<\/g>, sus <g id=\"gid_1\">jardines formales<\/g> y <g id=\"gid_2\">sus murallas<\/g>. Adem\u00e1s de su rico patrimonio, el lugar tambi\u00e9n ofrece una experiencia original gracias a su <g id=\"gid_3\">Ch\u00e2teau des \u00c9nigmes<\/g>, un divertido sendero que combina historia y b\u00fasqueda del tesoro, perfecto para una visita en familia. Aqu\u00ed se celebran regularmente actos culturales y exposiciones, lo que hace del recinto un <strong>lugar vivo y din\u00e1mico<\/strong>, al tiempo que preserva la memoria de su glorioso pasado.   <\/p>\n<\/div>\n<\/div>\n<\/div>\n\n\n\n<h2 class=\"wp-block-heading\"><strong>Informaci\u00f3n pr\u00e1ctica<\/strong><\/h2>\n\n\n\n<div class=\"wp-block-columns is-layout-flex wp-container-core-columns-is-layout-28f84493 wp-block-columns-is-layout-flex\">\n<div class=\"wp-block-column is-layout-flow wp-block-column-is-layout-flow\">\n<div class=\"wp-block-group has-custom-ver-eau-clair-background-color has-background has-global-padding is-layout-constrained wp-container-core-group-is-layout-9597dc02 wp-block-group-is-layout-constrained\" style=\"border-radius:15px;padding-top:var(--wp--preset--spacing--10);padding-right:var(--wp--preset--spacing--10);padding-bottom:var(--wp--preset--spacing--10);padding-left:var(--wp--preset--spacing--10)\">\n<p class=\"has-text-align-center has-custom-vert-fonce-color has-text-color has-link-color wp-elements-0bd4e46c072c41d7541c7812c4188b70\" style=\"font-size:clamp(0.984rem, 0.984rem + ((1vw - 0.2rem) * 0.86), 1.5rem);font-style:normal;font-weight:500;text-transform:uppercase\">Horario<\/p>\n\n\n\n<ul class=\"wp-block-list\">\n<li>Temporada alta: de 10.00 a 18.00 horas<\/li>\n\n\n\n<li>Temporada baja: horarios reducidos, algunos d\u00edas pueden estar cerrados (consulta la p\u00e1gina web oficial para m\u00e1s detalles)<\/li>\n<\/ul>\n<\/div>\n<\/div>\n\n\n\n<div class=\"wp-block-column middle is-layout-flow wp-block-column-is-layout-flow\" style=\"border-right-style:none;border-right-width:0px;border-left-style:none;border-left-width:0px;padding-right:var(--wp--preset--spacing--10);padding-left:var(--wp--preset--spacing--10)\">\n<div class=\"wp-block-group has-custom-ver-eau-clair-background-color has-background has-global-padding is-layout-constrained wp-container-core-group-is-layout-9597dc02 wp-block-group-is-layout-constrained\" style=\"border-radius:15px;padding-top:var(--wp--preset--spacing--10);padding-right:var(--wp--preset--spacing--10);padding-bottom:var(--wp--preset--spacing--10);padding-left:var(--wp--preset--spacing--10)\">\n<p class=\"has-text-align-center has-custom-vert-fonce-color has-text-color has-link-color wp-elements-dfb48e2fba80a68624268e21339a6aa7\" style=\"font-size:clamp(0.984rem, 0.984rem + ((1vw - 0.2rem) * 0.86), 1.5rem);font-style:normal;font-weight:500;text-transform:uppercase\">Opciones VisiTA<\/p>\n\n\n\n<ul class=\"wp-block-list\">\n<li>Libre para explorar a tu ritmo.<\/li>\n\n\n\n<li>Visitas guiadas con explicaciones detalladas.<\/li>\n\n\n\n<li>Visitas tem\u00e1ticas a los jardines o a la historia medieval.<\/li>\n<\/ul>\n<\/div>\n<\/div>\n\n\n\n<div class=\"wp-block-column is-layout-flow wp-block-column-is-layout-flow\">\n<div class=\"wp-block-group has-custom-ver-eau-clair-background-color has-background has-global-padding is-layout-constrained wp-container-core-group-is-layout-9597dc02 wp-block-group-is-layout-constrained\" style=\"border-radius:15px;padding-top:var(--wp--preset--spacing--10);padding-right:var(--wp--preset--spacing--10);padding-bottom:var(--wp--preset--spacing--10);padding-left:var(--wp--preset--spacing--10)\">\n<p class=\"has-text-align-center has-custom-vert-fonce-color has-text-color has-link-color wp-elements-18c2dda6cf297778d6ee148ac498421b\" style=\"font-size:clamp(0.984rem, 0.984rem + ((1vw - 0.2rem) * 0.86), 1.5rem);font-style:normal;font-weight:500;text-transform:uppercase\">Tarifas<\/p>\n\n\n\n<ul class=\"wp-block-list\">\n<li><strong>Adultos (mayores de 12 a\u00f1os)<\/strong>: 17<\/li>\n\n\n\n<li><strong>Ni\u00f1os (de 4 a 12 a\u00f1os)<\/strong>: 14 \u20ac (in situ) \/ 12 \u20ac (en l\u00ednea)<\/li>\n\n\n\n<li><strong>Ni\u00f1os peque\u00f1os (menores de 4 a\u00f1os)<\/strong>: gratis<\/li>\n<\/ul>\n<\/div>\n<\/div>\n<\/div>\n\n\n\n<p class=\"has-text-align-center gt-no-padding-mobile\" style=\"margin-top:0;margin-right:var(--wp--preset--spacing--60);margin-left:var(--wp--preset--spacing--60)\">Hay un <strong>aparcamiento<\/strong> cercano para facilitar tu llegada. El recinto tambi\u00e9n es parcialmente accesible para <g id=\"gid_1\">personas con movilidad reducida (PMR<\/g>). Para m\u00e1s informaci\u00f3n sobre la accesibilidad, ponte en contacto con la recepci\u00f3n.  <\/p>\n\n\n\n<figure class=\"wp-block-image size-full is-resized\" style=\"margin-top:0px;margin-right:0px;margin-bottom:0px;margin-left:0px\"><img decoding=\"async\" width=\"464\" height=\"221\" src=\"https:\/\/www.camping-biper-gorri.com\/wp-content\/uploads\/2025\/08\/soleil.png\" alt=\"localizador gorri\" class=\"wp-image-188\" style=\"width:463.0675354003906px\" srcset=\"https:\/\/www.camping-biper-gorri.com\/wp-content\/uploads\/2025\/08\/soleil.png 464w, https:\/\/www.camping-biper-gorri.com\/wp-content\/uploads\/2025\/08\/soleil-300x143.png 300w\" sizes=\"(max-width: 464px) 100vw, 464px\" \/><\/figure>\n<\/div>\n<\/section>\n\n<section class=\"wp-block-group alignfull gt_1-cta-1photo_003 article is-layout-flow wp-block-group-is-layout-flow\" style=\"margin-top:0px;margin-bottom:0px;padding-bottom:153px\">\n<div class=\"wp-block-group has-global-padding is-layout-constrained wp-container-core-group-is-layout-c3c54179 wp-block-group-is-layout-constrained\" style=\"padding-bottom:101px\">\n<div class=\"wp-block-cover aligncenter has-custom-content-position is-position-bottom-center animated fadeIn\" style=\"min-height:70vh;aspect-ratio:unset;\"><img decoding=\"async\" width=\"1024\" height=\"436\" class=\"wp-block-cover__image-background wp-image-73699 size-large\" alt=\"comment bien preparer son depart depuis le camping pour le chateau de laas\" src=\"https:\/\/www.camping-biper-gorri.com\/wp-content\/uploads\/2025\/10\/comment-bien-preparer-son-depart-depuis-le-camping-pour-le-chateau-de-laas-1024x436.jpg\" data-object-fit=\"cover\" srcset=\"https:\/\/www.camping-biper-gorri.com\/wp-content\/uploads\/2025\/10\/comment-bien-preparer-son-depart-depuis-le-camping-pour-le-chateau-de-laas-1024x436.jpg 1024w, https:\/\/www.camping-biper-gorri.com\/wp-content\/uploads\/2025\/10\/comment-bien-preparer-son-depart-depuis-le-camping-pour-le-chateau-de-laas-300x128.jpg 300w, https:\/\/www.camping-biper-gorri.com\/wp-content\/uploads\/2025\/10\/comment-bien-preparer-son-depart-depuis-le-camping-pour-le-chateau-de-laas-768x327.jpg 768w, https:\/\/www.camping-biper-gorri.com\/wp-content\/uploads\/2025\/10\/comment-bien-preparer-son-depart-depuis-le-camping-pour-le-chateau-de-laas.jpg 1500w\" sizes=\"(max-width: 1024px) 100vw, 1024px\" \/><span aria-hidden=\"true\" class=\"wp-block-cover__background has-contrast-background-color has-background-dim-10 has-background-dim\"><\/span><div class=\"wp-block-cover__inner-container is-layout-flow wp-block-cover-is-layout-flow\">\n<div class=\"wp-block-group titre-deco is-vertical is-content-justification-center is-layout-flex wp-container-core-group-is-layout-ab6239d0 wp-block-group-is-layout-flex\" style=\"margin-bottom:0px\">\n<p class=\"has-text-align-center has-base-2-color has-text-color has-link-color has-olive-citrus-font-family wp-elements-f4984cd7de6c314ec912f3c63f5e4297\" style=\"font-size:clamp(3.615rem, 3.615rem + ((1vw - 0.2rem) * 6.475), 7.5rem);line-height:0.4\">Prepara<\/p>\n\n\n\n<p class=\"has-text-align-center has-base-2-color has-text-color has-link-color has-boho-monoline-font-family wp-elements-368dc4f528f414b26441248ddf65271d\" style=\"font-size:clamp(3.521rem, 3.521rem + ((1vw - 0.2rem) * 6.215), 7.25rem);line-height:0.86\">su excursi\u00f3n<\/p>\n<\/div>\n<\/div><\/div>\n<\/div>\n\n\n\n<div class=\"wp-block-group alignfull full-width has-global-padding is-layout-constrained wp-container-core-group-is-layout-8c8c9b81 wp-block-group-is-layout-constrained\" style=\"border-radius:0px;margin-top:0px;margin-right:0px;margin-bottom:0px;margin-left:0px;padding-top:0px;padding-right:var(--wp--preset--spacing--50);padding-bottom:0px;padding-left:var(--wp--preset--spacing--50)\">\n<h2 class=\"wp-block-heading has-text-align-center full-width has-text-color\" style=\"color:rgba(255,255,255,1)\"><strong>\u00bfC\u00f3mo puedes preparar tu salida <br\/>del camping a Ch\u00e2teau de La\u00e0s?<\/strong><\/h2>\n\n\n\n<div style=\"height:2rem\" aria-hidden=\"true\" class=\"wp-block-spacer gt-show-mobile\"><\/div>\n\n\n\n<p class=\"has-base-2-color has-text-color has-link-color wp-elements-6f2b4a46096d7443e24c3d1a6f745047\">Para que tu visita desde nuestro camping cerca del Castillo de La\u00e0s sea un \u00e9xito, te damos algunos <strong>consejos pr\u00e1cticos<\/strong>:<\/p>\n\n\n\n<ol style=\"padding-left:var(--wp--preset--spacing--30)\" class=\"wp-block-list has-base-2-color has-text-color has-link-color wp-elements-cacfb3fd59d13713bef6cdb1b8105bbb\">\n<li>No olvides consultar los <strong>horarios<\/strong> de apertura del Castillo de La\u00e0s antes de tu visita, ya que pueden variar seg\u00fan la temporada.<\/li>\n\n\n\n<li>Recuerda llevar <strong>calzado c\u00f3modo<\/strong>, ya que explorar\u00e1s caminos de piedra y escaleras.<\/li>\n\n\n\n<li>Prepara un <strong>picnic<\/strong> para disfrutar en los jardines del castillo, que ofrecen magn\u00edficas vistas de la campi\u00f1a circundante.<\/li>\n\n\n\n<li>Pregunta por nuestras <strong>visitas guiadas<\/strong> para obtener explicaciones detalladas sobre la historia y la arquitectura del castillo.<\/li>\n\n\n\n<li>\u00a1No dudes en coger tu <strong>c\u00e1mara<\/strong> para captar la belleza de este edificio hist\u00f3rico y del paisaje que lo rodea!<\/li>\n<\/ol>\n\n\n\n<p class=\"has-base-2-color has-text-color has-link-color wp-elements-ad68e1f96994189dc873fd0bea3559d3\">El Castillo de La\u00e0s te promete una escapada rica en descubrimientos, entre <strong>patrimonio hist\u00f3rico<\/strong> y <strong>naturaleza generosa<\/strong>, ideal para realzar tu estancia en el Pa\u00eds Vasco.<\/p>\n<\/div>\n<\/section>\n","protected":false},"excerpt":{"rendered":"<p>Desde nuestro camping de Espelette, haz una escapada cultural y descubre el Castillo de La\u00e0s, aut\u00e9ntica joya de la corona bearnesa. A una hora en coche, el castillo de La\u00e0s es el punto de partida ideal para esta visita obligada al patrimonio de los Pirineos Atl\u00e1nticos. Descubre el Castillo de La\u00e0s durante tu estancia en [&hellip;]<\/p>\n","protected":false},"author":1,"featured_media":73688,"comment_status":"closed","ping_status":"closed","sticky":false,"template":"","format":"standard","meta":{"_acf_changed":false,"_seopress_robots_primary_cat":"none","_seopress_titles_title":"Visita al Castillo de La\u00e0s | Castillo de \u00c9nigmes Pa\u00eds Vasco","_seopress_titles_desc":"El castillo de La\u00e0s, en el departamento de Pirineos Atl\u00e1nticos, es una joya de la arquitectura medieval francesa. Construido en el siglo XII, fue erigido por los vizcondes de B\u00e9arn para defender la regi\u00f3n y controlar las rutas estrat\u00e9gicas. Su posici\u00f3n sobre una colina que domina el valle del Gave de Pau le proporciona una vista sin obst\u00e1culos de los alrededores.  ","_seopress_robots_index":"","inline_featured_image":false,"gt_fse_maillage_image":"https:\/\/www.camping-biper-gorri.com\/wp-content\/uploads\/2025\/10\/visite-chateau-enigmes-laas-cta.jpg","gt_fse_maillage_titre":"Castillo de La\u00e0s","gt_fse_maillage_alt":"visita al enigma del castillo de laas","gt_fse_maillage_resume":"","footnotes":""},"categories":[62],"tags":[70],"class_list":["post-88270","post","type-post","status-publish","format-standard","has-post-thumbnail","hentry","category-lugares","tag-castillo"],"acf":[],"_links":{"self":[{"href":"https:\/\/www.camping-biper-gorri.com\/es\/wp-json\/wp\/v2\/posts\/88270","targetHints":{"allow":["GET"]}}],"collection":[{"href":"https:\/\/www.camping-biper-gorri.com\/es\/wp-json\/wp\/v2\/posts"}],"about":[{"href":"https:\/\/www.camping-biper-gorri.com\/es\/wp-json\/wp\/v2\/types\/post"}],"author":[{"embeddable":true,"href":"https:\/\/www.camping-biper-gorri.com\/es\/wp-json\/wp\/v2\/users\/1"}],"replies":[{"embeddable":true,"href":"https:\/\/www.camping-biper-gorri.com\/es\/wp-json\/wp\/v2\/comments?post=88270"}],"version-history":[{"count":2,"href":"https:\/\/www.camping-biper-gorri.com\/es\/wp-json\/wp\/v2\/posts\/88270\/revisions"}],"predecessor-version":[{"id":90227,"href":"https:\/\/www.camping-biper-gorri.com\/es\/wp-json\/wp\/v2\/posts\/88270\/revisions\/90227"}],"wp:featuredmedia":[{"embeddable":true,"href":"https:\/\/www.camping-biper-gorri.com\/es\/wp-json\/wp\/v2\/media\/73688"}],"wp:attachment":[{"href":"https:\/\/www.camping-biper-gorri.com\/es\/wp-json\/wp\/v2\/media?parent=88270"}],"wp:term":[{"taxonomy":"category","embeddable":true,"href":"https:\/\/www.camping-biper-gorri.com\/es\/wp-json\/wp\/v2\/categories?post=88270"},{"taxonomy":"post_tag","embeddable":true,"href":"https:\/\/www.camping-biper-gorri.com\/es\/wp-json\/wp\/v2\/tags?post=88270"}],"curies":[{"name":"wp","href":"https:\/\/api.w.org\/{rel}","templated":true}]}}