{"id":88265,"date":"2025-10-07T08:27:36","date_gmt":"2025-10-07T08:27:36","guid":{"rendered":"https:\/\/www.camping-biper-gorri.com\/sin-categoria\/tourisme-plages-san-sebastian\/"},"modified":"2025-10-31T09:23:11","modified_gmt":"2025-10-31T09:23:11","slug":"turismo-playas-san-sebastian","status":"publish","type":"post","link":"https:\/\/www.camping-biper-gorri.com\/es\/lugares\/turismo-playas-san-sebastian\/","title":{"rendered":"Playas de San Sebasti\u00e1n: consejos e informaci\u00f3n pr\u00e1ctica para disfrutarlas"},"content":{"rendered":"\n<section class=\"wp-block-group alignfull gt_2-cta_007__bis article has-global-padding is-layout-constrained wp-container-core-group-is-layout-8f482fdf wp-block-group-is-layout-constrained\" style=\"margin-top:0px;margin-bottom:0px;padding-top:var(--wp--preset--spacing--10)\">\n<div class=\"wp-block-group alignfull full-width is-vertical is-content-justification-center is-nowrap is-layout-flex wp-container-core-group-is-layout-810f5976 wp-block-group-is-layout-flex\" style=\"border-radius:0px;margin-top:0px;margin-right:0px;margin-bottom:0px;margin-left:0px;padding-top:0px;padding-right:0;padding-bottom:0px;padding-left:0\">\n<p class=\"has-text-align-center\">Aprovecha tu estancia en nuestro <a href=\"https:\/\/www.camping-biper-gorri.com\/es\/\">camping de Espelette<\/a> para descubrir las <strong>magn\u00edficas playas de San Sebasti\u00e1n<\/strong>. Idealmente situado, nuestro camping cerca de las playas de San Sebasti\u00e1n te permite <strong>llegar r\u00e1pidamente a<\/strong> esta perla de la costa vasca espa\u00f1ola y disfrutar plenamente de sus encantos.<\/p>\n\n\n\n<div class=\"wp-block-columns alignwide is-layout-flex wp-container-core-columns-is-layout-93fef87a wp-block-columns-is-layout-flex\" style=\"border-radius:0px;margin-top:0px;margin-right:0px;margin-bottom:0px;margin-left:0px;padding-top:0px;padding-right:0px;padding-bottom:0px;padding-left:0px\">\n<div class=\"wp-block-column is-vertically-aligned-top two-images is-layout-flow wp-block-column-is-layout-flow\" style=\"flex-basis:55%\">\n<div data-swiper=\"{&quot;speed&quot;:400,&quot;spaceBetween&quot;:16,&quot;slidesPerView&quot;:1,&quot;createElements&quot;:true,&quot;loop&quot;:true,&quot;navigation&quot;:{&quot;nextEl&quot;:null,&quot;prevEl&quot;:null},&quot;pagination&quot;:{&quot;el&quot;:&quot;.swiper-pagination&quot;,&quot;dynamicBullets&quot;:false,&quot;clickable&quot;:true},&quot;breakpoints&quot;:[{&quot;slidesPerView&quot;:1}],&quot;direction&quot;:&quot;vertical&quot;,&quot;freeMode&quot;:false,&quot;autoplay&quot;:true,&quot;delay&quot;:2000}\" id=\"slider-first\" class=\"wp-block-group animated fadeIn gt-is-slider gt-is-slider-desktop is-layout-grid wp-container-core-group-is-layout-478b6e6b wp-block-group-is-layout-grid\">\n<figure class=\"wp-block-image aligncenter size-full\"><img decoding=\"async\" width=\"967\" height=\"655\" src=\"https:\/\/www.camping-biper-gorri.com\/wp-content\/uploads\/2025\/10\/decouvrez-les-plages-de-san-sebastian-lors-de-votre-sejour-au-camping.jpg\" alt=\"descubre las playas de san sebasti&#xE1;n durante tu estancia en el camping\" class=\"wp-image-73406\" srcset=\"https:\/\/www.camping-biper-gorri.com\/wp-content\/uploads\/2025\/10\/decouvrez-les-plages-de-san-sebastian-lors-de-votre-sejour-au-camping.jpg 967w, https:\/\/www.camping-biper-gorri.com\/wp-content\/uploads\/2025\/10\/decouvrez-les-plages-de-san-sebastian-lors-de-votre-sejour-au-camping-300x203.jpg 300w, https:\/\/www.camping-biper-gorri.com\/wp-content\/uploads\/2025\/10\/decouvrez-les-plages-de-san-sebastian-lors-de-votre-sejour-au-camping-768x520.jpg 768w\" sizes=\"(max-width: 967px) 100vw, 967px\" \/><\/figure>\n\n\n\n<figure class=\"wp-block-image size-full\"><img decoding=\"async\" width=\"967\" height=\"655\" src=\"https:\/\/www.camping-biper-gorri.com\/wp-content\/uploads\/2025\/10\/plage-de-la-concha.jpg\" alt=\"playa de la concha\" class=\"wp-image-73411\" style=\"object-fit:cover\" srcset=\"https:\/\/www.camping-biper-gorri.com\/wp-content\/uploads\/2025\/10\/plage-de-la-concha.jpg 967w, https:\/\/www.camping-biper-gorri.com\/wp-content\/uploads\/2025\/10\/plage-de-la-concha-300x203.jpg 300w, https:\/\/www.camping-biper-gorri.com\/wp-content\/uploads\/2025\/10\/plage-de-la-concha-768x520.jpg 768w\" sizes=\"(max-width: 967px) 100vw, 967px\" \/><\/figure>\n\n\n\n<figure class=\"wp-block-image size-full\"><img decoding=\"async\" width=\"967\" height=\"655\" src=\"https:\/\/www.camping-biper-gorri.com\/wp-content\/uploads\/2025\/10\/plage-de-zurriola.jpg\" alt=\"playa de zurriola\" class=\"wp-image-73416\" style=\"object-fit:cover\" srcset=\"https:\/\/www.camping-biper-gorri.com\/wp-content\/uploads\/2025\/10\/plage-de-zurriola.jpg 967w, https:\/\/www.camping-biper-gorri.com\/wp-content\/uploads\/2025\/10\/plage-de-zurriola-300x203.jpg 300w, https:\/\/www.camping-biper-gorri.com\/wp-content\/uploads\/2025\/10\/plage-de-zurriola-768x520.jpg 768w\" sizes=\"(max-width: 967px) 100vw, 967px\" \/><\/figure>\n\n\n\n<figure class=\"wp-block-image size-full\"><img decoding=\"async\" width=\"967\" height=\"655\" src=\"https:\/\/www.camping-biper-gorri.com\/wp-content\/uploads\/2025\/10\/amateurs-de-surf.jpg\" alt=\"entusiastas del surf\" class=\"wp-image-73421\" style=\"object-fit:cover\" srcset=\"https:\/\/www.camping-biper-gorri.com\/wp-content\/uploads\/2025\/10\/amateurs-de-surf.jpg 967w, https:\/\/www.camping-biper-gorri.com\/wp-content\/uploads\/2025\/10\/amateurs-de-surf-300x203.jpg 300w, https:\/\/www.camping-biper-gorri.com\/wp-content\/uploads\/2025\/10\/amateurs-de-surf-768x520.jpg 768w\" sizes=\"(max-width: 967px) 100vw, 967px\" \/><\/figure>\n<\/div>\n<\/div>\n\n\n\n<div class=\"wp-block-column is-vertically-aligned-center is-layout-flow wp-block-column-is-layout-flow\" style=\"flex-basis:45%\">\n<div class=\"wp-block-group has-global-padding is-content-justification-left is-layout-constrained wp-container-core-group-is-layout-1c1e5e78 wp-block-group-is-layout-constrained\" style=\"margin-top:0px;margin-right:0px;margin-bottom:0px;margin-left:0px\">\n<h2 class=\"wp-block-heading\"><strong>Descubre las playas de San Sebasti\u00e1n<\/strong> durante tus vacaciones en camping<\/h2>\n\n\n\n<p><a href=\"https:\/\/www.camping-biper-gorri.com\/es\/lugares\/turismo-san-sebastian\/\">San Sebasti\u00e1n<\/a>, la perla de la costa vasca espa\u00f1ola, es famosa por sus <strong>magn\u00edficas playas<\/strong>, que atraen a visitantes de todo el mundo.<\/p>\n\n\n\n<p><a href=\"https:\/\/turismo.euskadi.eus\/es\/playas\/playa-de-la-concha-san-sebastian\/webtur00-content\/es\/\" target=\"_blank\" rel=\"noreferrer noopener nofollow\">La Concha<\/a><strong> <\/strong>es sin duda la playa m\u00e1s emblem\u00e1tica de la ciudad. Con sus arenas doradas y su bah\u00eda en forma de concha, ofrece un <g id=\"gid_0\">entorno id\u00edlico<\/g> para tomar el sol o nadar en sus aguas cristalinas. Los paseos mar\u00edtimos bordeados de palmeras que bordean la playa invitan a pasear, mientras que los <strong>caf\u00e9s y restaurantes<\/strong> cercanos ofrecen <strong>delicias locales<\/strong> para disfrutar junto al mar.  <\/p>\n\n\n    <div id=\"gt-fse-lire-plus-69f37b6b19958\" class=\"gt-fse-lire-plus\" data-min-height=\"110\" style=\"background-color: #f9f9f9;\">\n        <input id=\"gt-fse-lire-plus-69f37b6b19958-toggle\" type=\"checkbox\" class=\"gt-fse-lire-plus__toggle\" \/>\n        <label for=\"gt-fse-lire-plus-69f37b6b19958-toggle\" class=\"gt-fse-lire-plus__toggle-label\">\n            <span>Leer m\u00e1s<\/span>\n            <span>Leer menos<\/span>\n        <\/label>\n        <div class=\"gt-fse-lire-plus__content\" style=\"height: 110px;\">\n            \n\n<p>Otro de los tesoros de San Sebasti\u00e1n es <a href=\"https:\/\/turismo.euskadi.eus\/es\/playas-embalses-rios\/playa-de-la-zurriola\/webtur00-content\/es\/\" target=\"_blank\" rel=\"noreferrer noopener nofollow\">la playa de Zurriola<\/a>, popular entre los <strong>surfistas<\/strong> y los aficionados <strong>a los deportes acu\u00e1ticos<\/strong>. Con sus potentes olas, es el lugar ideal para surfistas de todos los niveles. Su ambiente din\u00e1mico tambi\u00e9n atrae a j\u00f3venes dise\u00f1adores, m\u00fasicos y artistas, que contribuyen a la atm\u00f3sfera festiva.<\/p>\n\n\n\n<p>Por \u00faltimo, la <a href=\"https:\/\/turismo.euskadi.eus\/es\/playas-embalses-rios\/playa-de-ondarreta\/webtur00-content\/es\/\" target=\"_blank\" rel=\"noreferrer noopener nofollow\">playa de Ondarreta<\/a>, m\u00e1s tranquila y familiar, es perfecta para quienes buscan relajarse. Est\u00e1 bordeada de jardines y zonas verdes, ofreciendo un <strong>entorno tranquilo<\/strong> para familias y ba\u00f1istas.<\/p>\n\n\n\n<p>Las playas de San Sebasti\u00e1n no son s\u00f3lo para nadar. Son el escenario de un amplio abanico de actividades, desde clases de surf hasta <strong>competiciones deportivas<\/strong>, sin olvidar los <strong>actos culturales<\/strong> que mantienen viva la ciudad durante todo el a\u00f1o. <\/p>\n\n\n\n<p>En definitiva, las playas de San Sebasti\u00e1n combinan <strong>belleza natural<\/strong>, <strong>actividades<\/strong> y <strong>convivencia<\/strong>, haciendo de este destino una visita obligada para todos los amantes del mar y del sol. los <strong>acontecimientos culturales<\/strong> que animan la ciudad durante todo el a\u00f1o. <\/p>\n\n            <div class=\"gt-fse-lire-plus__gradient\" style=\"background: linear-gradient(to bottom,rgba(249,249,249,0) 0%,rgba(249,249,249,1) 100%);\"><\/div>\n        <\/div>\n    <\/div>\n    <\/div>\n<\/div>\n<\/div>\n\n\n\n<div class=\"wp-block-columns alignwide is-layout-flex wp-container-core-columns-is-layout-ca4ebc02 wp-block-columns-is-layout-flex\" style=\"border-radius:0px;margin-top:0px;margin-right:0px;margin-bottom:0px;margin-left:0px;padding-top:1.5rem;padding-right:0px;padding-bottom:0rem;padding-left:0px\">\n<div class=\"wp-block-column is-vertically-aligned-center is-layout-flow wp-block-column-is-layout-flow\" style=\"flex-basis:45%\">\n<div class=\"wp-block-group has-global-padding is-content-justification-left is-layout-constrained wp-container-core-group-is-layout-1c1e5e78 wp-block-group-is-layout-constrained\" style=\"margin-top:0px;margin-right:0px;margin-bottom:0px;margin-left:0px\">\n<h2 class=\"wp-block-heading\">Aparcamiento para acceder a las playas de San Sebasti\u00e1n<\/h2>\n\n\n\n<p>Para disfrutar de las playas de San Sebasti\u00e1n, hay varias opciones de aparcamiento disponibles:<\/p>\n\n\n\n<ol style=\"padding-left:var(--wp--preset--spacing--30)\" class=\"wp-block-list\">\n<li><strong>Aparcamiento de La Concha<\/strong>: situado junto a la playa, es un aparcamiento muy pr\u00e1ctico. El precio es de unos 2,50 \u20ac por hora. <\/li>\n\n\n\n<li><strong>Aparcamiento de la Zur<\/strong> riola: ideal para quienes deseen acceder a la playa de la Zurriola, este aparcamiento ofrece tarifas similares, en torno a 2,50 euros por hora.<\/li>\n\n\n\n<li><strong>Aparcamiento subterr\u00e1neo de la Plaza de Gipuzkoa<\/strong>: un poco m\u00e1s alejado pero de f\u00e1cil acceso, este aparcamiento cuesta alrededor de 1,80 \u20ac por hora.<\/li>\n<\/ol>\n\n\n\n<p>Es aconsejable <strong>llegar pronto<\/strong>, sobre todo en verano, para garantizar una plaza. \u00a1Aprovecha al m\u00e1ximo tu d\u00eda en la playa! <\/p>\n<\/div>\n<\/div>\n\n\n\n<div class=\"wp-block-column is-vertically-aligned-top two-images is-layout-flow wp-block-column-is-layout-flow\" style=\"flex-basis:55%\">\n<div class=\"wp-block-group is-content-justification-center is-nowrap is-layout-flex wp-container-core-group-is-layout-d019b8d0 wp-block-group-is-layout-flex\" style=\"margin-top:0px;margin-right:0px;margin-bottom:0px;margin-left:0px\">\n<figure class=\"wp-block-image aligncenter size-full\"><img decoding=\"async\" width=\"967\" height=\"655\" src=\"https:\/\/www.camping-biper-gorri.com\/wp-content\/uploads\/2025\/10\/stationnement-pour-acceder-aux-plages-de-san-sebastian.jpg\" alt=\"aparcamiento para acceder a las playas de san sebasti&#xE1;n\" class=\"wp-image-73427\" srcset=\"https:\/\/www.camping-biper-gorri.com\/wp-content\/uploads\/2025\/10\/stationnement-pour-acceder-aux-plages-de-san-sebastian.jpg 967w, https:\/\/www.camping-biper-gorri.com\/wp-content\/uploads\/2025\/10\/stationnement-pour-acceder-aux-plages-de-san-sebastian-300x203.jpg 300w, https:\/\/www.camping-biper-gorri.com\/wp-content\/uploads\/2025\/10\/stationnement-pour-acceder-aux-plages-de-san-sebastian-768x520.jpg 768w\" sizes=\"(max-width: 967px) 100vw, 967px\" \/><\/figure>\n<\/div>\n<\/div>\n<\/div>\n\n\n\n<figure class=\"wp-block-image size-full is-resized\" style=\"margin-top:0px;margin-right:0px;margin-bottom:0px;margin-left:0px\"><img decoding=\"async\" width=\"464\" height=\"221\" src=\"https:\/\/www.camping-biper-gorri.com\/wp-content\/uploads\/2025\/08\/soleil.png\" alt=\"localizador gorri\" class=\"wp-image-188\" style=\"width:463.0675354003906px\" srcset=\"https:\/\/www.camping-biper-gorri.com\/wp-content\/uploads\/2025\/08\/soleil.png 464w, https:\/\/www.camping-biper-gorri.com\/wp-content\/uploads\/2025\/08\/soleil-300x143.png 300w\" sizes=\"(max-width: 464px) 100vw, 464px\" \/><\/figure>\n<\/div>\n<\/section>\n\n<section class=\"wp-block-group alignfull gt_1-cta-1photo_003 article is-layout-flow wp-block-group-is-layout-flow\" style=\"margin-top:0px;margin-bottom:0px;padding-bottom:153px\">\n<div class=\"wp-block-group has-global-padding is-layout-constrained wp-container-core-group-is-layout-c3c54179 wp-block-group-is-layout-constrained\" style=\"padding-bottom:101px\">\n<div class=\"wp-block-cover aligncenter has-custom-content-position is-position-bottom-center animated fadeIn\" style=\"min-height:70vh;aspect-ratio:unset;\"><img decoding=\"async\" width=\"1024\" height=\"436\" class=\"wp-block-cover__image-background wp-image-73432 size-large\" alt=\"comment bien preparer son depart depuis le camping pour san sebastian\" src=\"https:\/\/www.camping-biper-gorri.com\/wp-content\/uploads\/2025\/10\/comment-bien-preparer-son-depart-depuis-le-camping-pour-san-sebastian-1-1024x436.jpg\" data-object-fit=\"cover\" srcset=\"https:\/\/www.camping-biper-gorri.com\/wp-content\/uploads\/2025\/10\/comment-bien-preparer-son-depart-depuis-le-camping-pour-san-sebastian-1-1024x436.jpg 1024w, https:\/\/www.camping-biper-gorri.com\/wp-content\/uploads\/2025\/10\/comment-bien-preparer-son-depart-depuis-le-camping-pour-san-sebastian-1-300x128.jpg 300w, https:\/\/www.camping-biper-gorri.com\/wp-content\/uploads\/2025\/10\/comment-bien-preparer-son-depart-depuis-le-camping-pour-san-sebastian-1-768x327.jpg 768w, https:\/\/www.camping-biper-gorri.com\/wp-content\/uploads\/2025\/10\/comment-bien-preparer-son-depart-depuis-le-camping-pour-san-sebastian-1.jpg 1500w\" sizes=\"(max-width: 1024px) 100vw, 1024px\" \/><span aria-hidden=\"true\" class=\"wp-block-cover__background has-contrast-background-color has-background-dim-20 has-background-dim\"><\/span><div class=\"wp-block-cover__inner-container is-layout-flow wp-block-cover-is-layout-flow\">\n<div class=\"wp-block-group titre-deco is-vertical is-content-justification-center is-layout-flex wp-container-core-group-is-layout-ab6239d0 wp-block-group-is-layout-flex\" style=\"margin-bottom:0px\">\n<p class=\"has-text-align-center has-base-2-color has-text-color has-link-color has-olive-citrus-font-family wp-elements-f4984cd7de6c314ec912f3c63f5e4297\" style=\"font-size:clamp(3.615rem, 3.615rem + ((1vw - 0.2rem) * 6.475), 7.5rem);line-height:0.4\">Prepara<\/p>\n\n\n\n<p class=\"has-text-align-center has-base-2-color has-text-color has-link-color has-boho-monoline-font-family wp-elements-368dc4f528f414b26441248ddf65271d\" style=\"font-size:clamp(3.521rem, 3.521rem + ((1vw - 0.2rem) * 6.215), 7.25rem);line-height:0.86\">su excursi\u00f3n<\/p>\n<\/div>\n<\/div><\/div>\n<\/div>\n\n\n\n<div class=\"wp-block-group alignfull full-width has-global-padding is-layout-constrained wp-container-core-group-is-layout-8c8c9b81 wp-block-group-is-layout-constrained\" style=\"border-radius:0px;margin-top:0px;margin-right:0px;margin-bottom:0px;margin-left:0px;padding-top:0px;padding-right:var(--wp--preset--spacing--50);padding-bottom:0px;padding-left:var(--wp--preset--spacing--50)\">\n<h2 class=\"wp-block-heading has-text-align-center full-width has-text-color\" style=\"color:rgba(255,255,255,1)\"><strong>\u00bfC\u00f3mo preparar tu salida <br\/>del camping a San Sebasti\u00e1n?<\/strong><br\/><\/h2>\n\n\n\n<p class=\"has-base-2-color has-text-color has-link-color wp-elements-d9834df98eaf86c75a464c49fcba7168\">Desde nuestro camping cerca de las playas de San Sebasti\u00e1n, te damos algunos consejos para que aproveches el d\u00eda al m\u00e1ximo.<\/p>\n\n\n\n<ul style=\"padding-left:var(--wp--preset--spacing--30)\" class=\"wp-block-list has-base-2-color has-text-color has-link-color wp-elements-237c39bfce0bac1b751bb26e49716169\">\n<li><strong>Distancia<\/strong>: San Sebasti\u00e1n est\u00e1 a unos 30 minutos en coche. Consulta tu GPS para conocer las mejores opciones de ruta. <\/li>\n\n\n\n<li><strong>Transporte<\/strong>: si no tienes coche, consulta los horarios de los autobuses que van del camping a San Sebasti\u00e1n.<\/li>\n\n\n\n<li><strong>Llegada<\/strong>: intenta salir temprano para evitar las multitudes y disfrutar de un d\u00eda completo.<\/li>\n\n\n\n<li><strong>No te pierdas<\/strong>: visitar la playa de La Concha, explorar el casco antiguo y probar los pintxos en los numerosos bares.<\/li>\n\n\n\n<li><strong>Ropa<\/strong>: aseg\u00farate de llevar ropa c\u00f3moda y adecuada para el tiempo, y trae ba\u00f1ador si quieres ir a nadar.<\/li>\n\n\n\n<li><strong>Protecci\u00f3n solar<\/strong>: lleva crema solar, sombrero y gafas de sol.<\/li>\n\n\n\n<li><strong>Mochila<\/strong>: lleva agua, tentempi\u00e9s y posiblemente un picnic.<\/li>\n\n\n\n<li>Inf\u00f3rmate sobre los aparcamientos disponibles cerca de las playas o del centro de la ciudad para evitar el estr\u00e9s de buscar una plaza.<\/li>\n<\/ul>\n<\/div>\n<\/section>\n","protected":false},"excerpt":{"rendered":"<p>Aprovecha tu estancia en nuestro camping de Espelette para descubrir las magn\u00edficas playas de San Sebasti\u00e1n. Idealmente situado, nuestro camping cerca de las playas de San Sebasti\u00e1n te permite llegar r\u00e1pidamente a esta perla de la costa vasca espa\u00f1ola y disfrutar plenamente de sus encantos. Descubre las playas de San Sebasti\u00e1n durante tus vacaciones en [&hellip;]<\/p>\n","protected":false},"author":1,"featured_media":73400,"comment_status":"closed","ping_status":"closed","sticky":false,"template":"","format":"standard","meta":{"_acf_changed":false,"_seopress_robots_primary_cat":"none","_seopress_titles_title":"Las mejores playas de San Sebasti\u00e1n I Informaci\u00f3n \u00fatil sobre las playas de San Sebasti\u00e1n","_seopress_titles_desc":"San Sebasti\u00e1n, la perla de la costa vasca espa\u00f1ola, es famosa por sus magn\u00edficas playas, que atraen a visitantes de todo el mundo.","_seopress_robots_index":"","inline_featured_image":false,"gt_fse_maillage_image":"https:\/\/www.camping-biper-gorri.com\/wp-content\/uploads\/2025\/10\/tourisme-plages-san-sebastian-cta.jpg","gt_fse_maillage_titre":"Playas de San S\u00e9bastien","gt_fse_maillage_alt":"turismo playas san sebastian","gt_fse_maillage_resume":"","footnotes":""},"categories":[62],"tags":[85],"class_list":["post-88265","post","type-post","status-publish","format-standard","has-post-thumbnail","hentry","category-lugares","tag-playas"],"acf":[],"_links":{"self":[{"href":"https:\/\/www.camping-biper-gorri.com\/es\/wp-json\/wp\/v2\/posts\/88265","targetHints":{"allow":["GET"]}}],"collection":[{"href":"https:\/\/www.camping-biper-gorri.com\/es\/wp-json\/wp\/v2\/posts"}],"about":[{"href":"https:\/\/www.camping-biper-gorri.com\/es\/wp-json\/wp\/v2\/types\/post"}],"author":[{"embeddable":true,"href":"https:\/\/www.camping-biper-gorri.com\/es\/wp-json\/wp\/v2\/users\/1"}],"replies":[{"embeddable":true,"href":"https:\/\/www.camping-biper-gorri.com\/es\/wp-json\/wp\/v2\/comments?post=88265"}],"version-history":[{"count":7,"href":"https:\/\/www.camping-biper-gorri.com\/es\/wp-json\/wp\/v2\/posts\/88265\/revisions"}],"predecessor-version":[{"id":90634,"href":"https:\/\/www.camping-biper-gorri.com\/es\/wp-json\/wp\/v2\/posts\/88265\/revisions\/90634"}],"wp:featuredmedia":[{"embeddable":true,"href":"https:\/\/www.camping-biper-gorri.com\/es\/wp-json\/wp\/v2\/media\/73400"}],"wp:attachment":[{"href":"https:\/\/www.camping-biper-gorri.com\/es\/wp-json\/wp\/v2\/media?parent=88265"}],"wp:term":[{"taxonomy":"category","embeddable":true,"href":"https:\/\/www.camping-biper-gorri.com\/es\/wp-json\/wp\/v2\/categories?post=88265"},{"taxonomy":"post_tag","embeddable":true,"href":"https:\/\/www.camping-biper-gorri.com\/es\/wp-json\/wp\/v2\/tags?post=88265"}],"curies":[{"name":"wp","href":"https:\/\/api.w.org\/{rel}","templated":true}]}}