{"id":88473,"date":"2025-10-07T07:57:05","date_gmt":"2025-10-07T07:57:05","guid":{"rendered":"https:\/\/www.camping-biper-gorri.com\/non-categorise\/tourisme-san-sebastian\/"},"modified":"2025-10-31T09:13:08","modified_gmt":"2025-10-31T09:13:08","slug":"san-sebastian-tourism","status":"publish","type":"post","link":"https:\/\/www.camping-biper-gorri.com\/en\/places\/san-sebastian-tourism\/","title":{"rendered":"Top things to do in San Sebasti\u00e1n"},"content":{"rendered":"\n<section class=\"wp-block-group alignfull gt_2-cta_007__bis article has-global-padding is-layout-constrained wp-container-core-group-is-layout-8f482fdf wp-block-group-is-layout-constrained\" style=\"margin-top:0px;margin-bottom:0px;padding-top:var(--wp--preset--spacing--10)\">\n<div class=\"wp-block-group alignfull full-width is-vertical is-content-justification-center is-nowrap is-layout-flex wp-container-core-group-is-layout-810f5976 wp-block-group-is-layout-flex\" style=\"border-radius:0px;margin-top:0px;margin-right:0px;margin-bottom:0px;margin-left:0px;padding-top:0px;padding-right:0;padding-bottom:0px;padding-left:0\">\n<p class=\"has-text-align-center\">Staying at our <a href=\"https:\/\/www.camping-biper-gorri.com\/en\/\">campsite in Espelette<\/a> is the perfect opportunity to discover San Sebasti\u00e1n, the <strong>pearl of the Spanish Basque coast<\/strong>. Thanks to our ideal location, you can easily visit <a href=\"https:\/\/www.guide-du-paysbasque.com\/en\/experiences\/weekend-et-holidays\/article-top-10-things-to-do-in-san-sebastian-342.html\" target=\"_blank\" rel=\"noreferrer noopener nofollow\">San Sebasti\u00e1n<\/a> and take full advantage of its <strong>unique charm<\/strong>.<\/p>\n\n\n\n<div class=\"wp-block-columns alignwide is-layout-flex wp-container-core-columns-is-layout-93fef87a wp-block-columns-is-layout-flex\" style=\"border-radius:0px;margin-top:0px;margin-right:0px;margin-bottom:0px;margin-left:0px;padding-top:0px;padding-right:0px;padding-bottom:0px;padding-left:0px\">\n<div class=\"wp-block-column is-vertically-aligned-top two-images is-layout-flow wp-block-column-is-layout-flow\" style=\"flex-basis:55%\">\n<div data-swiper=\"{&quot;speed&quot;:400,&quot;spaceBetween&quot;:16,&quot;slidesPerView&quot;:1,&quot;createElements&quot;:true,&quot;loop&quot;:true,&quot;navigation&quot;:{&quot;nextEl&quot;:null,&quot;prevEl&quot;:null},&quot;pagination&quot;:{&quot;el&quot;:&quot;.swiper-pagination&quot;,&quot;dynamicBullets&quot;:false,&quot;clickable&quot;:true},&quot;breakpoints&quot;:[{&quot;slidesPerView&quot;:1}],&quot;direction&quot;:&quot;vertical&quot;,&quot;freeMode&quot;:false,&quot;autoplay&quot;:true,&quot;delay&quot;:2000}\" id=\"slider-first\" class=\"wp-block-group animated fadeIn gt-is-slider gt-is-slider-desktop is-layout-grid wp-container-core-group-is-layout-478b6e6b wp-block-group-is-layout-grid\">\n<figure class=\"wp-block-image aligncenter size-full\"><img decoding=\"async\" width=\"967\" height=\"655\" src=\"https:\/\/www.camping-biper-gorri.com\/wp-content\/uploads\/2025\/10\/top-des-activites-incontournables-de-san-sebastian.jpg\" alt=\"san sebastian's top must-do activities\" class=\"wp-image-71361\" srcset=\"https:\/\/www.camping-biper-gorri.com\/wp-content\/uploads\/2025\/10\/top-des-activites-incontournables-de-san-sebastian.jpg 967w, https:\/\/www.camping-biper-gorri.com\/wp-content\/uploads\/2025\/10\/top-des-activites-incontournables-de-san-sebastian-300x203.jpg 300w, https:\/\/www.camping-biper-gorri.com\/wp-content\/uploads\/2025\/10\/top-des-activites-incontournables-de-san-sebastian-768x520.jpg 768w\" sizes=\"(max-width: 967px) 100vw, 967px\" \/><\/figure>\n\n\n\n<figure class=\"wp-block-image size-full\"><img decoding=\"async\" width=\"967\" height=\"655\" src=\"https:\/\/www.camping-biper-gorri.com\/wp-content\/uploads\/2025\/10\/la-baie-de-la-concha.jpg\" alt=\"la concha bay\" class=\"wp-image-71367\" style=\"object-fit:cover\" srcset=\"https:\/\/www.camping-biper-gorri.com\/wp-content\/uploads\/2025\/10\/la-baie-de-la-concha.jpg 967w, https:\/\/www.camping-biper-gorri.com\/wp-content\/uploads\/2025\/10\/la-baie-de-la-concha-300x203.jpg 300w, https:\/\/www.camping-biper-gorri.com\/wp-content\/uploads\/2025\/10\/la-baie-de-la-concha-768x520.jpg 768w\" sizes=\"(max-width: 967px) 100vw, 967px\" \/><\/figure>\n\n\n\n<figure class=\"wp-block-image size-full\"><img decoding=\"async\" width=\"967\" height=\"655\" src=\"https:\/\/www.camping-biper-gorri.com\/wp-content\/uploads\/2025\/10\/sports-nautiques-plage-de-zurriola.jpg\" alt=\"water sports zurriola beach\" class=\"wp-image-71372\" style=\"object-fit:cover\" srcset=\"https:\/\/www.camping-biper-gorri.com\/wp-content\/uploads\/2025\/10\/sports-nautiques-plage-de-zurriola.jpg 967w, https:\/\/www.camping-biper-gorri.com\/wp-content\/uploads\/2025\/10\/sports-nautiques-plage-de-zurriola-300x203.jpg 300w, https:\/\/www.camping-biper-gorri.com\/wp-content\/uploads\/2025\/10\/sports-nautiques-plage-de-zurriola-768x520.jpg 768w\" sizes=\"(max-width: 967px) 100vw, 967px\" \/><\/figure>\n<\/div>\n<\/div>\n\n\n\n<div class=\"wp-block-column is-vertically-aligned-center is-layout-flow wp-block-column-is-layout-flow\" style=\"flex-basis:45%\">\n<div class=\"wp-block-group has-global-padding is-content-justification-left is-layout-constrained wp-container-core-group-is-layout-1c1e5e78 wp-block-group-is-layout-constrained\" style=\"margin-top:0px;margin-right:0px;margin-bottom:0px;margin-left:0px\">\n<h2 class=\"wp-block-heading\"><strong>Discover Paramotoring<\/strong> <br\/>in the Basque Country<\/h2>\n\n\n\n<p>San Sebasti\u00e1n, or Donostia in Basque, is a <strong>beautiful city<\/strong> on the north coast of Spain, in the Basque Country region. Known for its <strong>picturesque landscapes<\/strong>, <strong>exceptional gastronomy<\/strong> and <strong>vibrant culture<\/strong>, it attracts many visitors every year. Here&#8217;s a detailed look at the highlights of this captivating city.  <\/p>\n\n\n\n<h3 class=\"wp-block-heading\">1. Geography and landscapes<\/h3>\n\n\n    <div id=\"gt-fse-lire-plus-69f5a75382e5b\" class=\"gt-fse-lire-plus\" data-min-height=\"130\" style=\"background-color: #f9f9f9;\">\n        <input id=\"gt-fse-lire-plus-69f5a75382e5b-toggle\" type=\"checkbox\" class=\"gt-fse-lire-plus__toggle\" \/>\n        <label for=\"gt-fse-lire-plus-69f5a75382e5b-toggle\" class=\"gt-fse-lire-plus__toggle-label\">\n            <span>Read more<\/span>\n            <span>Read less<\/span>\n        <\/label>\n        <div class=\"gt-fse-lire-plus__content\" style=\"height: 130px;\">\n            \n\n<p>San Sebasti\u00e1n is nestled between green hills and the Atlantic Ocean. The <g id=\"gid_0\">bay of La Concha<\/g>, famous for its shell-shaped beach, is often ranked among the most beautiful urban beaches in Europe. The surrounding hills, such as <strong>Urgull<\/strong> and <strong>Igeldo<\/strong>, offer <strong>breathtaking panoramic views<\/strong> of the city and the ocean.  <\/p>\n\n\n\n<h3 class=\"wp-block-heading\">2. Beaches<\/h3>\n\n\n\n<p>San Sebasti\u00e1n&#8217;s beaches are a real asset. <g id=\"gid_0\">La Concha beach<\/g> is ideal for <g id=\"gid_1\">swimming<\/g>, <g id=\"gid_2\">sunbathing<\/g> and various <g id=\"gid_3\">water sports<\/g>. Zurriola beach, meanwhile, attracts <g id=\"gid_4\">surfers<\/g> with its waves. These beaches are not only a place to <strong>relax<\/strong>, but also to enjoy <strong>a wide range of activities<\/strong> all year round.   <\/p>\n\n            <div class=\"gt-fse-lire-plus__gradient\" style=\"background: linear-gradient(to bottom,rgba(249,249,249,0) 0%,rgba(249,249,249,1) 100%);\"><\/div>\n        <\/div>\n    <\/div>\n    <\/div>\n<\/div>\n<\/div>\n\n\n\n<div class=\"wp-block-columns alignwide is-layout-flex wp-container-core-columns-is-layout-f575e0a2 wp-block-columns-is-layout-flex\" style=\"border-radius:0px;margin-top:0px;margin-right:0px;margin-bottom:0px;margin-left:0px;padding-top:1.5rem;padding-right:0px;padding-bottom:1.5rem;padding-left:0px\">\n<div class=\"wp-block-column is-vertically-aligned-center is-layout-flow wp-block-column-is-layout-flow\" style=\"flex-basis:45%\">\n<div class=\"wp-block-group has-global-padding is-content-justification-left is-layout-constrained wp-container-core-group-is-layout-1c1e5e78 wp-block-group-is-layout-constrained\" style=\"margin-top:0px;margin-right:0px;margin-bottom:0px;margin-left:0px\">\n<h3 class=\"wp-block-heading\">3. Gastronomy<\/h3>\n\n\n\n<p>San Sebasti\u00e1n is recognized as one of the <strong>gastronomic capitals of<\/strong> the world. The city is famous for its <strong>pintxos<\/strong>, small tapas served in bars. Visitors can sample a variety of dishes, from fresh seafood to meat dishes. The city is also home to several <strong>Michelin-starred restaurants<\/strong>, reflecting its commitment to high-quality cuisine.   <\/p>\n\n\n\n<h3 class=\"wp-block-heading\">4. Culture and events<\/h3>\n\n\n    <div id=\"gt-fse-lire-plus-69f5a753837c0\" class=\"gt-fse-lire-plus\" data-min-height=\"130\" style=\"background-color: #f9f9f9;\">\n        <input id=\"gt-fse-lire-plus-69f5a753837c0-toggle\" type=\"checkbox\" class=\"gt-fse-lire-plus__toggle\" \/>\n        <label for=\"gt-fse-lire-plus-69f5a753837c0-toggle\" class=\"gt-fse-lire-plus__toggle-label\">\n            <span>Read more<\/span>\n            <span>Read less<\/span>\n        <\/label>\n        <div class=\"gt-fse-lire-plus__content\" style=\"height: 130px;\">\n            \n\n<p>San Sebasti\u00e1n&#8217;s cultural life is rich and dynamic. The <strong>San Sebasti\u00e1n International Film Festival<\/strong>, held every September, attracts filmmakers and celebrities from all over the world. The city also hosts numerous <strong>musical<\/strong>, <strong>artistic<\/strong> and <strong>traditional<\/strong> <strong>events<\/strong> throughout the year, celebrating Basque culture.  <\/p>\n\n\n\n<h3 class=\"wp-block-heading\">5. Architecture<\/h3>\n\n\n\n<p>San Sebasti\u00e1n&#8217;s <strong>architecture is eclectic<\/strong>, blending neoclassical, modernist and Basque influences. The Miramar Palace, the Town Hall and the Victoria Eugenia Theatre are just a few outstanding examples. Downtown streets, such as Calle 31 de Agosto, are <strong>lively<\/strong> and lined with <strong>historic buildings<\/strong>.  <\/p>\n\n            <div class=\"gt-fse-lire-plus__gradient\" style=\"background: linear-gradient(to bottom,rgba(249,249,249,0) 0%,rgba(249,249,249,1) 100%);\"><\/div>\n        <\/div>\n    <\/div>\n    <\/div>\n<\/div>\n\n\n\n<div class=\"wp-block-column is-vertically-aligned-top two-images is-layout-flow wp-block-column-is-layout-flow\" style=\"flex-basis:55%\">\n<div data-swiper=\"{&quot;speed&quot;:400,&quot;spaceBetween&quot;:16,&quot;slidesPerView&quot;:1,&quot;createElements&quot;:true,&quot;loop&quot;:true,&quot;navigation&quot;:{&quot;nextEl&quot;:null,&quot;prevEl&quot;:null},&quot;pagination&quot;:{&quot;el&quot;:&quot;.swiper-pagination&quot;,&quot;dynamicBullets&quot;:false,&quot;clickable&quot;:true},&quot;breakpoints&quot;:[{&quot;slidesPerView&quot;:1}],&quot;direction&quot;:&quot;vertical&quot;,&quot;freeMode&quot;:false,&quot;autoplay&quot;:true,&quot;delay&quot;:2000}\" id=\"slider-first\" class=\"wp-block-group animated fadeIn gt-is-slider gt-is-slider-desktop is-layout-grid wp-container-core-group-is-layout-478b6e6b wp-block-group-is-layout-grid\">\n<figure class=\"wp-block-image aligncenter size-full\"><img decoding=\"async\" width=\"967\" height=\"655\" src=\"https:\/\/www.camping-biper-gorri.com\/wp-content\/uploads\/2025\/10\/gastronomie-pintxos.jpg\" alt=\"gastronomy pintxos\" class=\"wp-image-71377\" srcset=\"https:\/\/www.camping-biper-gorri.com\/wp-content\/uploads\/2025\/10\/gastronomie-pintxos.jpg 967w, https:\/\/www.camping-biper-gorri.com\/wp-content\/uploads\/2025\/10\/gastronomie-pintxos-300x203.jpg 300w, https:\/\/www.camping-biper-gorri.com\/wp-content\/uploads\/2025\/10\/gastronomie-pintxos-768x520.jpg 768w\" sizes=\"(max-width: 967px) 100vw, 967px\" \/><\/figure>\n\n\n\n<figure class=\"wp-block-image size-full\"><img decoding=\"async\" width=\"967\" height=\"655\" src=\"https:\/\/www.camping-biper-gorri.com\/wp-content\/uploads\/2025\/10\/culture-et-evenements.jpg\" alt=\"culture and events\" class=\"wp-image-71382\" style=\"object-fit:cover\" srcset=\"https:\/\/www.camping-biper-gorri.com\/wp-content\/uploads\/2025\/10\/culture-et-evenements.jpg 967w, https:\/\/www.camping-biper-gorri.com\/wp-content\/uploads\/2025\/10\/culture-et-evenements-300x203.jpg 300w, https:\/\/www.camping-biper-gorri.com\/wp-content\/uploads\/2025\/10\/culture-et-evenements-768x520.jpg 768w\" sizes=\"(max-width: 967px) 100vw, 967px\" \/><\/figure>\n\n\n\n<figure class=\"wp-block-image size-full\"><img decoding=\"async\" width=\"967\" height=\"655\" src=\"https:\/\/www.camping-biper-gorri.com\/wp-content\/uploads\/2025\/10\/architecture-eclectique.jpg\" alt=\"eclectic architecture\" class=\"wp-image-71387\" style=\"object-fit:cover\" srcset=\"https:\/\/www.camping-biper-gorri.com\/wp-content\/uploads\/2025\/10\/architecture-eclectique.jpg 967w, https:\/\/www.camping-biper-gorri.com\/wp-content\/uploads\/2025\/10\/architecture-eclectique-300x203.jpg 300w, https:\/\/www.camping-biper-gorri.com\/wp-content\/uploads\/2025\/10\/architecture-eclectique-768x520.jpg 768w\" sizes=\"(max-width: 967px) 100vw, 967px\" \/><\/figure>\n\n\n\n<figure class=\"wp-block-image size-full\"><img decoding=\"async\" width=\"967\" height=\"655\" src=\"https:\/\/www.camping-biper-gorri.com\/wp-content\/uploads\/2025\/10\/les-rues-du-centre-ville-de-san-sebastian.jpg\" alt=\"the streets of downtown san sebastian\" class=\"wp-image-71392\" style=\"object-fit:cover\" srcset=\"https:\/\/www.camping-biper-gorri.com\/wp-content\/uploads\/2025\/10\/les-rues-du-centre-ville-de-san-sebastian.jpg 967w, https:\/\/www.camping-biper-gorri.com\/wp-content\/uploads\/2025\/10\/les-rues-du-centre-ville-de-san-sebastian-300x203.jpg 300w, https:\/\/www.camping-biper-gorri.com\/wp-content\/uploads\/2025\/10\/les-rues-du-centre-ville-de-san-sebastian-768x520.jpg 768w\" sizes=\"(max-width: 967px) 100vw, 967px\" \/><\/figure>\n<\/div>\n<\/div>\n<\/div>\n\n\n\n<div class=\"wp-block-columns alignwide is-layout-flex wp-container-core-columns-is-layout-93fef87a wp-block-columns-is-layout-flex\" style=\"border-radius:0px;margin-top:0px;margin-right:0px;margin-bottom:0px;margin-left:0px;padding-top:0px;padding-right:0px;padding-bottom:0px;padding-left:0px\">\n<div class=\"wp-block-column is-vertically-aligned-top two-images is-layout-flow wp-block-column-is-layout-flow\" style=\"flex-basis:55%\">\n<div data-swiper=\"{&quot;speed&quot;:400,&quot;spaceBetween&quot;:16,&quot;slidesPerView&quot;:1,&quot;createElements&quot;:true,&quot;loop&quot;:true,&quot;navigation&quot;:{&quot;nextEl&quot;:null,&quot;prevEl&quot;:null},&quot;pagination&quot;:{&quot;el&quot;:&quot;.swiper-pagination&quot;,&quot;dynamicBullets&quot;:false,&quot;clickable&quot;:true},&quot;breakpoints&quot;:[{&quot;slidesPerView&quot;:1}],&quot;direction&quot;:&quot;vertical&quot;,&quot;freeMode&quot;:false,&quot;autoplay&quot;:true,&quot;delay&quot;:2000}\" id=\"slider-first\" class=\"wp-block-group animated fadeIn gt-is-slider gt-is-slider-desktop is-layout-grid wp-container-core-group-is-layout-478b6e6b wp-block-group-is-layout-grid\">\n<figure class=\"wp-block-image aligncenter size-full\"><img decoding=\"async\" width=\"967\" height=\"655\" src=\"https:\/\/www.camping-biper-gorri.com\/wp-content\/uploads\/2025\/10\/randonnees-activites-de-plein-air.jpg\" alt=\"hiking outdoor activities\" class=\"wp-image-71397\" srcset=\"https:\/\/www.camping-biper-gorri.com\/wp-content\/uploads\/2025\/10\/randonnees-activites-de-plein-air.jpg 967w, https:\/\/www.camping-biper-gorri.com\/wp-content\/uploads\/2025\/10\/randonnees-activites-de-plein-air-300x203.jpg 300w, https:\/\/www.camping-biper-gorri.com\/wp-content\/uploads\/2025\/10\/randonnees-activites-de-plein-air-768x520.jpg 768w\" sizes=\"(max-width: 967px) 100vw, 967px\" \/><\/figure>\n\n\n\n<figure class=\"wp-block-image size-full\"><img decoding=\"async\" width=\"967\" height=\"655\" src=\"https:\/\/www.camping-biper-gorri.com\/wp-content\/uploads\/2025\/10\/traditions-basques.jpg\" alt=\"Basque traditions\" class=\"wp-image-71402\" style=\"object-fit:cover\" srcset=\"https:\/\/www.camping-biper-gorri.com\/wp-content\/uploads\/2025\/10\/traditions-basques.jpg 967w, https:\/\/www.camping-biper-gorri.com\/wp-content\/uploads\/2025\/10\/traditions-basques-300x203.jpg 300w, https:\/\/www.camping-biper-gorri.com\/wp-content\/uploads\/2025\/10\/traditions-basques-768x520.jpg 768w\" sizes=\"(max-width: 967px) 100vw, 967px\" \/><\/figure>\n\n\n\n<figure class=\"wp-block-image size-full\"><img decoding=\"async\" width=\"967\" height=\"655\" src=\"https:\/\/www.camping-biper-gorri.com\/wp-content\/uploads\/2025\/10\/vie-nocturne.jpg\" alt=\"nightlife\" class=\"wp-image-71407\" style=\"object-fit:cover\" srcset=\"https:\/\/www.camping-biper-gorri.com\/wp-content\/uploads\/2025\/10\/vie-nocturne.jpg 967w, https:\/\/www.camping-biper-gorri.com\/wp-content\/uploads\/2025\/10\/vie-nocturne-300x203.jpg 300w, https:\/\/www.camping-biper-gorri.com\/wp-content\/uploads\/2025\/10\/vie-nocturne-768x520.jpg 768w\" sizes=\"(max-width: 967px) 100vw, 967px\" \/><\/figure>\n<\/div>\n<\/div>\n\n\n\n<div class=\"wp-block-column is-vertically-aligned-center is-layout-flow wp-block-column-is-layout-flow\" style=\"flex-basis:45%\">\n<div class=\"wp-block-group has-global-padding is-content-justification-left is-layout-constrained wp-container-core-group-is-layout-1c1e5e78 wp-block-group-is-layout-constrained\" style=\"margin-top:0px;margin-right:0px;margin-bottom:0px;margin-left:0px\">\n<h3 class=\"wp-block-heading\">6. Outdoor activities<\/h3>\n\n\n\n<p>The surrounding hills and bay offer plenty of opportunities for <strong>outdoor activities<\/strong>. Hiking, cycling and water sports are popular. The coastal path linking San Sebasti\u00e1n to other nearby villages allows you to <strong>explore the natural beauty of<\/strong> the area.  <\/p>\n\n\n\n<h3 class=\"wp-block-heading\">7. Basque traditions<\/h3>\n\n\n    <div id=\"gt-fse-lire-plus-69f5a75384dcf\" class=\"gt-fse-lire-plus\" data-min-height=\"130\" style=\"background-color: #f9f9f9;\">\n        <input id=\"gt-fse-lire-plus-69f5a75384dcf-toggle\" type=\"checkbox\" class=\"gt-fse-lire-plus__toggle\" \/>\n        <label for=\"gt-fse-lire-plus-69f5a75384dcf-toggle\" class=\"gt-fse-lire-plus__toggle-label\">\n            <span>Read more<\/span>\n            <span>Read less<\/span>\n        <\/label>\n        <div class=\"gt-fse-lire-plus__content\" style=\"height: 130px;\">\n            \n\n<p>The town is a bastion of Basque culture, with <strong>lively traditions<\/strong> such as dance, music and festivals. The <g id=\"gid_1\">Semana Grande<\/g> celebrations in August, with concerts, fireworks and competitions, are particularly popular. <strong>Traditional Basque sports<\/strong>, such as pelota, also take pride of place.  <\/p>\n\n\n\n<h3 class=\"wp-block-heading\">8. Nightlife<\/h3>\n\n\n\n<p>San Sebasti\u00e1n is lively at night, with a <strong>multitude of bars and clubs<\/strong>. The streets fill up with people going from bar to bar to enjoy <g id=\"gid_1\">pintxos<\/g> and <g id=\"gid_2\">local drinks<\/g>. The nightlife is friendly, and the locals are welcoming, creating a warm atmosphere.  <\/p>\n\n\n\n<p>San Sebasti\u00e1n is a fascinating destination that combines <strong>natural beauty<\/strong>, <strong>exceptional gastronomy<\/strong> and <strong>cultural richness<\/strong>. Whether strolling along the beach, savoring delicious dishes or exploring its heritage, the city offers an unforgettable experience to all who visit. <\/p>\n\n            <div class=\"gt-fse-lire-plus__gradient\" style=\"background: linear-gradient(to bottom,rgba(249,249,249,0) 0%,rgba(249,249,249,1) 100%);\"><\/div>\n        <\/div>\n    <\/div>\n    <\/div>\n<\/div>\n<\/div>\n\n\n\n<figure class=\"wp-block-image size-full is-resized\" style=\"margin-top:0px;margin-right:0px;margin-bottom:0px;margin-left:0px\"><img decoding=\"async\" width=\"464\" height=\"221\" src=\"https:\/\/www.camping-biper-gorri.com\/wp-content\/uploads\/2025\/08\/soleil.png\" alt=\"beeper gorri\" class=\"wp-image-188\" style=\"width:463.0675354003906px\" srcset=\"https:\/\/www.camping-biper-gorri.com\/wp-content\/uploads\/2025\/08\/soleil.png 464w, https:\/\/www.camping-biper-gorri.com\/wp-content\/uploads\/2025\/08\/soleil-300x143.png 300w\" sizes=\"(max-width: 464px) 100vw, 464px\" \/><\/figure>\n<\/div>\n<\/section>\n\n<section class=\"wp-block-group alignfull gt_1-cta-1photo_003 article is-layout-flow wp-block-group-is-layout-flow\" style=\"margin-top:0px;margin-bottom:0px;padding-bottom:153px\">\n<div class=\"wp-block-group has-global-padding is-layout-constrained wp-container-core-group-is-layout-c3c54179 wp-block-group-is-layout-constrained\" style=\"padding-bottom:101px\">\n<div class=\"wp-block-cover aligncenter has-custom-content-position is-position-bottom-center animated fadeIn\" style=\"min-height:70vh;aspect-ratio:unset;\"><img decoding=\"async\" width=\"1024\" height=\"436\" class=\"wp-block-cover__image-background wp-image-71412 size-large\" alt=\"comment bien preparer son depart depuis le camping pour san sebastian\" src=\"https:\/\/www.camping-biper-gorri.com\/wp-content\/uploads\/2025\/10\/comment-bien-preparer-son-depart-depuis-le-camping-pour-san-sebastian-1024x436.jpg\" data-object-fit=\"cover\" srcset=\"https:\/\/www.camping-biper-gorri.com\/wp-content\/uploads\/2025\/10\/comment-bien-preparer-son-depart-depuis-le-camping-pour-san-sebastian-1024x436.jpg 1024w, https:\/\/www.camping-biper-gorri.com\/wp-content\/uploads\/2025\/10\/comment-bien-preparer-son-depart-depuis-le-camping-pour-san-sebastian-300x128.jpg 300w, https:\/\/www.camping-biper-gorri.com\/wp-content\/uploads\/2025\/10\/comment-bien-preparer-son-depart-depuis-le-camping-pour-san-sebastian-768x327.jpg 768w, https:\/\/www.camping-biper-gorri.com\/wp-content\/uploads\/2025\/10\/comment-bien-preparer-son-depart-depuis-le-camping-pour-san-sebastian.jpg 1500w\" sizes=\"(max-width: 1024px) 100vw, 1024px\" \/><span aria-hidden=\"true\" class=\"wp-block-cover__background has-contrast-background-color has-background-dim-20 has-background-dim\"><\/span><div class=\"wp-block-cover__inner-container is-layout-flow wp-block-cover-is-layout-flow\">\n<div class=\"wp-block-group titre-deco is-vertical is-content-justification-center is-layout-flex wp-container-core-group-is-layout-ab6239d0 wp-block-group-is-layout-flex\" style=\"margin-bottom:0px\">\n<p class=\"has-text-align-center has-base-2-color has-text-color has-link-color has-olive-citrus-font-family wp-elements-61a40b85033b7316a56349bc1a3b1e56\" style=\"font-size:clamp(3.615rem, 3.615rem + ((1vw - 0.2rem) * 6.475), 7.5rem);line-height:0.4\">Prepare<\/p>\n\n\n\n<p class=\"has-text-align-center has-base-2-color has-text-color has-link-color has-boho-monoline-font-family wp-elements-bcb41925d7cf616563a7844dfd12e994\" style=\"font-size:clamp(3.521rem, 3.521rem + ((1vw - 0.2rem) * 6.215), 7.25rem);line-height:0.86\">your excursion<\/p>\n<\/div>\n<\/div><\/div>\n<\/div>\n\n\n\n<div class=\"wp-block-group alignfull full-width has-global-padding is-layout-constrained wp-container-core-group-is-layout-8c8c9b81 wp-block-group-is-layout-constrained\" style=\"border-radius:0px;margin-top:0px;margin-right:0px;margin-bottom:0px;margin-left:0px;padding-top:0px;padding-right:var(--wp--preset--spacing--50);padding-bottom:0px;padding-left:var(--wp--preset--spacing--50)\">\n<h2 class=\"wp-block-heading has-text-align-center full-width has-text-color\" style=\"color:rgba(255,255,255,1)\"><strong>How to prepare for your departure <br\/>from the campsite to San Sebasti\u00e1n?<\/strong><br\/><\/h2>\n\n\n\n<p class=\"has-base-2-color has-text-color has-link-color wp-elements-b53f5058c118047cc5119107afe160d1\">San Sebasti\u00e1n is about a <strong>30-minute drive<\/strong> from our campsite and is easily accessible. You can reach the city by car or public transport. Plan to leave early to make the most of your day.  <\/p>\n\n\n    <div id=\"gt-fse-lire-plus-69f5a75385df9\" class=\"gt-fse-lire-plus\" data-min-height=\"130\" style=\"background-color: #63756b;\">\n        <input id=\"gt-fse-lire-plus-69f5a75385df9-toggle\" type=\"checkbox\" class=\"gt-fse-lire-plus__toggle\" \/>\n        <label for=\"gt-fse-lire-plus-69f5a75385df9-toggle\" class=\"gt-fse-lire-plus__toggle-label\">\n            <span>Read more<\/span>\n            <span>Read less<\/span>\n        <\/label>\n        <div class=\"gt-fse-lire-plus__content\" style=\"height: 130px;\">\n            \n\n<p class=\"has-base-2-color has-text-color has-link-color wp-elements-deabca80c105339b0f17113961814454\">Discover the magnificent <strong>bay of La Concha<\/strong>, where you can relax on the beach or enjoy water sports while admiring the breathtaking scenery.<\/p>\n\n\n\n<p class=\"has-base-2-color has-text-color has-link-color wp-elements-581e419b90304b0f16eebf1a0477a82d\">Let yourself be seduced by the <strong>local gastronomy<\/strong> by tasting pintxos in the many lively bars of the old town, a unique culinary experience that will delight your taste buds.<\/p>\n\n\n\n<p class=\"has-base-2-color has-text-color has-link-color wp-elements-fb16dcb4330d8d29ae40305bb7db893d\">Enjoy the vibrant atmosphere of San Sebasti\u00e1n thanks to its year-round <strong>festivals<\/strong>, <strong>concerts<\/strong> and <strong>cultural events<\/strong>, which reflect the energy of this beautiful Basque city.<\/p>\n\n\n\n<p class=\"has-base-2-color has-text-color has-link-color wp-elements-736868149ed5f33fa94e54ac2c6e7f47\">Explore San Sebasti\u00e1n&#8217;s <strong>eclectic architecture<\/strong>, from neoclassical buildings to modern styles, as you stroll through its charming, lively streets.<\/p>\n\n\n\n<p class=\"has-base-2-color has-text-color has-link-color wp-elements-b533303b0069bc3cd67183633276c06f\">Don&#8217;t miss the <strong>breathtaking panoramas<\/strong> of the surrounding hills, where you can hike and admire the natural beauty that surrounds the town.<\/p>\n\n            <div class=\"gt-fse-lire-plus__gradient\" style=\"background: linear-gradient(to bottom,rgba(99,117,107,0) 0%,rgba(99,117,107,1) 100%);\"><\/div>\n        <\/div>\n    <\/div>\n    <\/div>\n<\/section>\n","protected":false},"excerpt":{"rendered":"<p>Staying at our campsite in Espelette is the perfect opportunity to discover San Sebasti\u00e1n, the pearl of the Spanish Basque coast. Thanks to our ideal location, you can easily visit San Sebasti\u00e1n and take full advantage of its unique charm. Discover Paramotoring in the Basque Country San Sebasti\u00e1n, or Donostia in Basque, is a beautiful [&hellip;]<\/p>\n","protected":false},"author":1,"featured_media":71353,"comment_status":"closed","ping_status":"closed","sticky":false,"template":"","format":"standard","meta":{"_acf_changed":false,"_seopress_robots_primary_cat":"none","_seopress_titles_title":"Tourism in San Sebasti\u00e1n I Top activities in San Sebasti\u00e1n","_seopress_titles_desc":"San Sebasti\u00e1n, or Donostia in Basque, is a beautiful city on the north coast of Spain, in the Basque Country region. Known for its picturesque landscapes, exceptional gastronomy and vibrant culture, it attracts many visitors every year. Here's a detailed look at the highlights of this captivating city.  ","_seopress_robots_index":"","inline_featured_image":false,"gt_fse_maillage_image":"https:\/\/www.camping-biper-gorri.com\/wp-content\/uploads\/2025\/10\/tourisme-san-sebastian-cta.jpg","gt_fse_maillage_titre":"Saint-S\u00e9bastien","gt_fse_maillage_alt":"tourism san sebastian","gt_fse_maillage_resume":"","footnotes":""},"categories":[64],"tags":[65],"class_list":["post-88473","post","type-post","status-publish","format-standard","has-post-thumbnail","hentry","category-places","tag-village-visits"],"acf":[],"_links":{"self":[{"href":"https:\/\/www.camping-biper-gorri.com\/en\/wp-json\/wp\/v2\/posts\/88473","targetHints":{"allow":["GET"]}}],"collection":[{"href":"https:\/\/www.camping-biper-gorri.com\/en\/wp-json\/wp\/v2\/posts"}],"about":[{"href":"https:\/\/www.camping-biper-gorri.com\/en\/wp-json\/wp\/v2\/types\/post"}],"author":[{"embeddable":true,"href":"https:\/\/www.camping-biper-gorri.com\/en\/wp-json\/wp\/v2\/users\/1"}],"replies":[{"embeddable":true,"href":"https:\/\/www.camping-biper-gorri.com\/en\/wp-json\/wp\/v2\/comments?post=88473"}],"version-history":[{"count":3,"href":"https:\/\/www.camping-biper-gorri.com\/en\/wp-json\/wp\/v2\/posts\/88473\/revisions"}],"predecessor-version":[{"id":90609,"href":"https:\/\/www.camping-biper-gorri.com\/en\/wp-json\/wp\/v2\/posts\/88473\/revisions\/90609"}],"wp:featuredmedia":[{"embeddable":true,"href":"https:\/\/www.camping-biper-gorri.com\/en\/wp-json\/wp\/v2\/media\/71353"}],"wp:attachment":[{"href":"https:\/\/www.camping-biper-gorri.com\/en\/wp-json\/wp\/v2\/media?parent=88473"}],"wp:term":[{"taxonomy":"category","embeddable":true,"href":"https:\/\/www.camping-biper-gorri.com\/en\/wp-json\/wp\/v2\/categories?post=88473"},{"taxonomy":"post_tag","embeddable":true,"href":"https:\/\/www.camping-biper-gorri.com\/en\/wp-json\/wp\/v2\/tags?post=88473"}],"curies":[{"name":"wp","href":"https:\/\/api.w.org\/{rel}","templated":true}]}}