{"id":88274,"date":"2025-10-07T08:46:36","date_gmt":"2025-10-07T08:46:36","guid":{"rendered":"https:\/\/www.camping-biper-gorri.com\/non-categorise\/visite-chateau-enigmes-laas\/"},"modified":"2025-10-31T09:27:04","modified_gmt":"2025-10-31T09:27:04","slug":"visit-castle-enigmas-laas","status":"publish","type":"post","link":"https:\/\/www.camping-biper-gorri.com\/en\/places\/visit-castle-enigmas-laas\/","title":{"rendered":"Visit Castle of La\u00e0s: medieval architecture and a castle of riddles"},"content":{"rendered":"\n<section class=\"wp-block-group alignfull gt_2-cta_007__bis article has-global-padding is-layout-constrained wp-container-core-group-is-layout-8f482fdf wp-block-group-is-layout-constrained\" style=\"margin-top:0px;margin-bottom:0px;padding-top:var(--wp--preset--spacing--10)\">\n<div class=\"wp-block-group alignfull full-width is-vertical is-content-justification-center is-nowrap is-layout-flex wp-container-core-group-is-layout-810f5976 wp-block-group-is-layout-flex\" style=\"border-radius:0px;margin-top:0px;margin-right:0px;margin-bottom:0px;margin-left:0px;padding-top:0px;padding-right:0;padding-bottom:0px;padding-left:0\">\n<p class=\"has-text-align-center\">From our <a href=\"https:\/\/www.camping-biper-gorri.com\/en\/\">campsite in Espelette<\/a>, take a <strong>cultural break<\/strong> and discover the <a href=\"https:\/\/www.chateau-enigmes.com\/en\/pyrenees-atlantiques\" target=\"_blank\" rel=\"noreferrer noopener nofollow\">Ch\u00e2teau de La\u00e0s<\/a>, the jewel of B\u00e9arn. Just an hour&#8217;s drive away, the Ch\u00e2teau de La\u00e0s is the ideal starting point for this <strong>must-see tour of the Pyr\u00e9n\u00e9es-Atlantiques heritage<\/strong>.<\/p>\n\n\n\n<div class=\"wp-block-columns alignwide is-layout-flex wp-container-core-columns-is-layout-93fef87a wp-block-columns-is-layout-flex\" style=\"border-radius:0px;margin-top:0px;margin-right:0px;margin-bottom:0px;margin-left:0px;padding-top:0px;padding-right:0px;padding-bottom:0px;padding-left:0px\">\n<div class=\"wp-block-column is-vertically-aligned-top two-images is-layout-flow wp-block-column-is-layout-flow\" style=\"flex-basis:55%\">\n<div class=\"wp-block-group is-content-justification-center is-nowrap is-layout-flex wp-container-core-group-is-layout-d019b8d0 wp-block-group-is-layout-flex\" style=\"margin-top:0px;margin-right:0px;margin-bottom:0px;margin-left:0px\">\n<figure class=\"wp-block-image aligncenter size-full is-resized\"><img decoding=\"async\" width=\"967\" height=\"655\" src=\"https:\/\/www.camping-biper-gorri.com\/wp-content\/uploads\/2025\/10\/visiter-le-chateau-de-laas.jpg\" alt=\"visit the chateau de laas\" class=\"wp-image-73694\" style=\"width:762px;height:auto\" srcset=\"https:\/\/www.camping-biper-gorri.com\/wp-content\/uploads\/2025\/10\/visiter-le-chateau-de-laas.jpg 967w, https:\/\/www.camping-biper-gorri.com\/wp-content\/uploads\/2025\/10\/visiter-le-chateau-de-laas-300x203.jpg 300w, https:\/\/www.camping-biper-gorri.com\/wp-content\/uploads\/2025\/10\/visiter-le-chateau-de-laas-768x520.jpg 768w\" sizes=\"(max-width: 967px) 100vw, 967px\" \/><figcaption class=\"wp-element-caption\">Source: https: <a href=\"https:\/\/commons.wikimedia.org\/wiki\/File:Le_Ch%C3%A2teau_de_La%C3%A0s.jpg\" target=\"_blank\" rel=\"noreferrer noopener nofollow\">\/\/commons.wikimedia.org\/wiki\/File:Le_Ch%C3%A2teau_de_La%C3%A0s.jpg<\/a> \/ Author: <a href=\"https:\/\/commons.wikimedia.org\/w\/index.php?title=User:Office_de_tourisme_64520&amp;action=edit&amp;redlink=1\" target=\"_blank\" rel=\"noreferrer noopener nofollow\"><\/a><a href=\"https:\/\/commons.wikimedia.org\/w\/index.php?title=User:Office_de_tourisme_du_b%C3%A9arn_des_gaves&amp;action=edit&amp;redlink=1\" target=\"_blank\" rel=\"noreferrer noopener nofollow\">Office de tourisme du b\u00e9arn des gaves<\/a><\/figcaption><\/figure>\n<\/div>\n<\/div>\n\n\n\n<div class=\"wp-block-column is-vertically-aligned-center is-layout-flow wp-block-column-is-layout-flow\" style=\"flex-basis:45%\">\n<div class=\"wp-block-group has-global-padding is-content-justification-left is-layout-constrained wp-container-core-group-is-layout-1c1e5e78 wp-block-group-is-layout-constrained\" style=\"margin-top:0px;margin-right:0px;margin-bottom:0px;margin-left:0px\">\n<h2 class=\"wp-block-heading\"><strong>Discover the Ch\u00e2teau de La\u00e0s<\/strong> during your stay at the campsite<\/h2>\n\n\n\n<p>Ch\u00e2teau de La\u00e0s, located in the Pyr\u00e9n\u00e9es-Atlantiques region of France, is a veritable treasure trove of <strong>French medieval architecture<\/strong>. Built in the <g id=\"gid_1\">12th<\/g> century by the Viscounts of B\u00e9arn, it was used to defend the region and control strategic routes. Its position overlooking the valley of the Gave de Pau offers a <strong>breathtaking view<\/strong> of the surrounding area.  <\/p>\n\n\n\n<p>Over the centuries, the ch\u00e2teau has undergone several transformations. In the <sup>15th<\/sup> century, it was enlarged and embellished in <strong>Renaissance style<\/strong>, with its slender towers and thick walls, bearing witness to a period that was both troubled and prosperous. <a href=\"https:\/\/www.tourisme-bearn-gaves.com\/en\/discover\/culture-and-heritage\/laas-more-than-a-town\/\" target=\"_blank\" rel=\"noreferrer noopener nofollow\">La\u00e0s<\/a> has witnessed many battles and played host to many <strong>important historical figures<\/strong>, consolidating its strategic role. <\/p>\n\n\n\n<p>Classified as a historic monument, Ch\u00e2teau de Laas is now a popular tourist attraction. Visitors can explore its <g id=\"gid_0\">richly decorated rooms<\/g>, <g id=\"gid_1\">formal gardens<\/g> and <g id=\"gid_2\">ramparts<\/g>. Beyond its rich heritage, the site also offers an original experience thanks to its <g id=\"gid_3\">Ch\u00e2teau des \u00c9nigmes<\/g>, a fun trail combining history and treasure hunts, perfect for a family visit. Cultural events and exhibitions are organized on a regular basis, making the site a <strong>lively and dynamic place<\/strong>, while preserving the memory of its glorious past.   <\/p>\n<\/div>\n<\/div>\n<\/div>\n\n\n\n<h2 class=\"wp-block-heading\"><strong>Practical information<\/strong><\/h2>\n\n\n\n<div class=\"wp-block-columns is-layout-flex wp-container-core-columns-is-layout-28f84493 wp-block-columns-is-layout-flex\">\n<div class=\"wp-block-column is-layout-flow wp-block-column-is-layout-flow\">\n<div class=\"wp-block-group has-custom-ver-eau-clair-background-color has-background has-global-padding is-layout-constrained wp-container-core-group-is-layout-9597dc02 wp-block-group-is-layout-constrained\" style=\"border-radius:15px;padding-top:var(--wp--preset--spacing--10);padding-right:var(--wp--preset--spacing--10);padding-bottom:var(--wp--preset--spacing--10);padding-left:var(--wp--preset--spacing--10)\">\n<p class=\"has-text-align-center has-custom-vert-fonce-color has-text-color has-link-color wp-elements-44b8c8b0f029901950be6fff1cec6ccc\" style=\"font-size:clamp(0.984rem, 0.984rem + ((1vw - 0.2rem) * 0.86), 1.5rem);font-style:normal;font-weight:500;text-transform:uppercase\">Opening hours<\/p>\n\n\n\n<ul class=\"wp-block-list\">\n<li>High season: 10 a.m. to 6 p.m.<\/li>\n\n\n\n<li>Low season: reduced opening hours, some days may be closed (see official website for details).<\/li>\n<\/ul>\n<\/div>\n<\/div>\n\n\n\n<div class=\"wp-block-column middle is-layout-flow wp-block-column-is-layout-flow\" style=\"border-right-style:none;border-right-width:0px;border-left-style:none;border-left-width:0px;padding-right:var(--wp--preset--spacing--10);padding-left:var(--wp--preset--spacing--10)\">\n<div class=\"wp-block-group has-custom-ver-eau-clair-background-color has-background has-global-padding is-layout-constrained wp-container-core-group-is-layout-9597dc02 wp-block-group-is-layout-constrained\" style=\"border-radius:15px;padding-top:var(--wp--preset--spacing--10);padding-right:var(--wp--preset--spacing--10);padding-bottom:var(--wp--preset--spacing--10);padding-left:var(--wp--preset--spacing--10)\">\n<p class=\"has-text-align-center has-custom-vert-fonce-color has-text-color has-link-color wp-elements-04d6bfc3dda160ce722b2ec4d5af9179\" style=\"font-size:clamp(0.984rem, 0.984rem + ((1vw - 0.2rem) * 0.86), 1.5rem);font-style:normal;font-weight:500;text-transform:uppercase\">VisiTE options<\/p>\n\n\n\n<ul class=\"wp-block-list\">\n<li>Free to explore at your own pace.<\/li>\n\n\n\n<li>Guided tours with detailed explanations.<\/li>\n\n\n\n<li>Themed tours on gardens or medieval history.<\/li>\n<\/ul>\n<\/div>\n<\/div>\n\n\n\n<div class=\"wp-block-column is-layout-flow wp-block-column-is-layout-flow\">\n<div class=\"wp-block-group has-custom-ver-eau-clair-background-color has-background has-global-padding is-layout-constrained wp-container-core-group-is-layout-9597dc02 wp-block-group-is-layout-constrained\" style=\"border-radius:15px;padding-top:var(--wp--preset--spacing--10);padding-right:var(--wp--preset--spacing--10);padding-bottom:var(--wp--preset--spacing--10);padding-left:var(--wp--preset--spacing--10)\">\n<p class=\"has-text-align-center has-custom-vert-fonce-color has-text-color has-link-color wp-elements-1f969e2935b30878a364b62d0cbd249e\" style=\"font-size:clamp(0.984rem, 0.984rem + ((1vw - 0.2rem) * 0.86), 1.5rem);font-style:normal;font-weight:500;text-transform:uppercase\">Rates<\/p>\n\n\n\n<ul class=\"wp-block-list\">\n<li><strong>Adults (over 12)<\/strong>: \u20ac17<\/li>\n\n\n\n<li><strong>Children (aged 4 to 12)<\/strong>: \u20ac14 (on site) \/ \u20ac12 (online)<\/li>\n\n\n\n<li><strong>Toddlers (under 4)<\/strong>: free<\/li>\n<\/ul>\n<\/div>\n<\/div>\n<\/div>\n\n\n\n<p class=\"has-text-align-center gt-no-padding-mobile\" style=\"margin-top:0;margin-right:var(--wp--preset--spacing--60);margin-left:var(--wp--preset--spacing--60)\"><strong>Parking<\/strong> is available nearby to facilitate your arrival. The site is also partially accessible to <g id=\"gid_1\">people with reduced mobility (PRM)<\/g>. For further information on accessibility, please contact reception.  <\/p>\n\n\n\n<figure class=\"wp-block-image size-full is-resized\" style=\"margin-top:0px;margin-right:0px;margin-bottom:0px;margin-left:0px\"><img decoding=\"async\" width=\"464\" height=\"221\" src=\"https:\/\/www.camping-biper-gorri.com\/wp-content\/uploads\/2025\/08\/soleil.png\" alt=\"beeper gorri\" class=\"wp-image-188\" style=\"width:463.0675354003906px\" srcset=\"https:\/\/www.camping-biper-gorri.com\/wp-content\/uploads\/2025\/08\/soleil.png 464w, https:\/\/www.camping-biper-gorri.com\/wp-content\/uploads\/2025\/08\/soleil-300x143.png 300w\" sizes=\"(max-width: 464px) 100vw, 464px\" \/><\/figure>\n<\/div>\n<\/section>\n\n<section class=\"wp-block-group alignfull gt_1-cta-1photo_003 article is-layout-flow wp-block-group-is-layout-flow\" style=\"margin-top:0px;margin-bottom:0px;padding-bottom:153px\">\n<div class=\"wp-block-group has-global-padding is-layout-constrained wp-container-core-group-is-layout-c3c54179 wp-block-group-is-layout-constrained\" style=\"padding-bottom:101px\">\n<div class=\"wp-block-cover aligncenter has-custom-content-position is-position-bottom-center animated fadeIn\" style=\"min-height:70vh;aspect-ratio:unset;\"><img decoding=\"async\" width=\"1024\" height=\"436\" class=\"wp-block-cover__image-background wp-image-73699 size-large\" alt=\"comment bien preparer son depart depuis le camping pour le chateau de laas\" src=\"https:\/\/www.camping-biper-gorri.com\/wp-content\/uploads\/2025\/10\/comment-bien-preparer-son-depart-depuis-le-camping-pour-le-chateau-de-laas-1024x436.jpg\" data-object-fit=\"cover\" srcset=\"https:\/\/www.camping-biper-gorri.com\/wp-content\/uploads\/2025\/10\/comment-bien-preparer-son-depart-depuis-le-camping-pour-le-chateau-de-laas-1024x436.jpg 1024w, https:\/\/www.camping-biper-gorri.com\/wp-content\/uploads\/2025\/10\/comment-bien-preparer-son-depart-depuis-le-camping-pour-le-chateau-de-laas-300x128.jpg 300w, https:\/\/www.camping-biper-gorri.com\/wp-content\/uploads\/2025\/10\/comment-bien-preparer-son-depart-depuis-le-camping-pour-le-chateau-de-laas-768x327.jpg 768w, https:\/\/www.camping-biper-gorri.com\/wp-content\/uploads\/2025\/10\/comment-bien-preparer-son-depart-depuis-le-camping-pour-le-chateau-de-laas.jpg 1500w\" sizes=\"(max-width: 1024px) 100vw, 1024px\" \/><span aria-hidden=\"true\" class=\"wp-block-cover__background has-contrast-background-color has-background-dim-10 has-background-dim\"><\/span><div class=\"wp-block-cover__inner-container is-layout-flow wp-block-cover-is-layout-flow\">\n<div class=\"wp-block-group titre-deco is-vertical is-content-justification-center is-layout-flex wp-container-core-group-is-layout-ab6239d0 wp-block-group-is-layout-flex\" style=\"margin-bottom:0px\">\n<p class=\"has-text-align-center has-base-2-color has-text-color has-link-color has-olive-citrus-font-family wp-elements-61a40b85033b7316a56349bc1a3b1e56\" style=\"font-size:clamp(3.615rem, 3.615rem + ((1vw - 0.2rem) * 6.475), 7.5rem);line-height:0.4\">Prepare<\/p>\n\n\n\n<p class=\"has-text-align-center has-base-2-color has-text-color has-link-color has-boho-monoline-font-family wp-elements-bcb41925d7cf616563a7844dfd12e994\" style=\"font-size:clamp(3.521rem, 3.521rem + ((1vw - 0.2rem) * 6.215), 7.25rem);line-height:0.86\">your excursion<\/p>\n<\/div>\n<\/div><\/div>\n<\/div>\n\n\n\n<div class=\"wp-block-group alignfull full-width has-global-padding is-layout-constrained wp-container-core-group-is-layout-8c8c9b81 wp-block-group-is-layout-constrained\" style=\"border-radius:0px;margin-top:0px;margin-right:0px;margin-bottom:0px;margin-left:0px;padding-top:0px;padding-right:var(--wp--preset--spacing--50);padding-bottom:0px;padding-left:var(--wp--preset--spacing--50)\">\n<h2 class=\"wp-block-heading has-text-align-center full-width has-text-color\" style=\"color:rgba(255,255,255,1)\"><strong>How to prepare for your departure <br\/>from the campsite to Ch\u00e2teau de La\u00e0s?<\/strong><\/h2>\n\n\n\n<div style=\"height:2rem\" aria-hidden=\"true\" class=\"wp-block-spacer gt-show-mobile\"><\/div>\n\n\n\n<p class=\"has-base-2-color has-text-color has-link-color wp-elements-d70e8e16b66f0955da28254f8e09ee8b\">For a successful visit from our campsite near Ch\u00e2teau de La\u00e0s, here are a few <strong>practical tips<\/strong>:<\/p>\n\n\n\n<ol style=\"padding-left:var(--wp--preset--spacing--30)\" class=\"wp-block-list has-base-2-color has-text-color has-link-color wp-elements-c437394d9e41fcda14df96931b132f78\">\n<li>Don&#8217;t forget to check Ch\u00e2teau de La\u00e0s opening <strong>times<\/strong> before your visit, as they may vary according to the season.<\/li>\n\n\n\n<li>Remember to wear <strong>comfortable shoes<\/strong>, as you&#8217;ll be exploring stone paths and staircases.<\/li>\n\n\n\n<li>Pack a <strong>picnic lunch<\/strong> to enjoy in the castle gardens, with their magnificent views over the surrounding countryside.<\/li>\n\n\n\n<li>Ask about our <strong>guided tours<\/strong> for detailed explanations of the castle&#8217;s history and architecture.<\/li>\n\n\n\n<li>Don&#8217;t hesitate to take your <strong>camera<\/strong> to capture the beauty of this historic building and its surrounding landscape!<\/li>\n<\/ol>\n\n\n\n<p class=\"has-base-2-color has-text-color has-link-color wp-elements-c93dc2a614ae383e689d217c054d287e\">Ch\u00e2teau de La\u00e0s promises a richly rewarding escapade, combining <strong>historic heritage<\/strong> with the <strong>bounty of nature<\/strong>, ideal for enhancing your stay in the Basque Country.<\/p>\n<\/div>\n<\/section>\n","protected":false},"excerpt":{"rendered":"<p>From our campsite in Espelette, take a cultural break and discover the Ch\u00e2teau de La\u00e0s, the jewel of B\u00e9arn. Just an hour&#8217;s drive away, the Ch\u00e2teau de La\u00e0s is the ideal starting point for this must-see tour of the Pyr\u00e9n\u00e9es-Atlantiques heritage. Discover the Ch\u00e2teau de La\u00e0s during your stay at the campsite Ch\u00e2teau de La\u00e0s, [&hellip;]<\/p>\n","protected":false},"author":1,"featured_media":73686,"comment_status":"closed","ping_status":"closed","sticky":false,"template":"","format":"standard","meta":{"_acf_changed":false,"_seopress_robots_primary_cat":"none","_seopress_titles_title":"Visit to Ch\u00e2teau de La\u00e0s | Ch\u00e2teau des \u00c9nigmes Basque Country","_seopress_titles_desc":"Ch\u00e2teau de La\u00e0s, located in the Pyr\u00e9n\u00e9es-Atlantiques d\u00e9partement, is a jewel of French medieval architecture. Built in the 12th century, it was erected by the Viscounts of B\u00e9arn to defend the region and control strategic routes. Its position on a hill overlooking the Gave de Pau valley gives it an unobstructed view of the surrounding area.  ","_seopress_robots_index":"","inline_featured_image":false,"gt_fse_maillage_image":"https:\/\/www.camping-biper-gorri.com\/wp-content\/uploads\/2025\/10\/visite-chateau-enigmes-laas-cta.jpg","gt_fse_maillage_titre":"La\u00e0s Castle","gt_fse_maillage_alt":"laas castle enigma tour","gt_fse_maillage_resume":"","footnotes":""},"categories":[64],"tags":[73],"class_list":["post-88274","post","type-post","status-publish","format-standard","has-post-thumbnail","hentry","category-places","tag-castle"],"acf":[],"_links":{"self":[{"href":"https:\/\/www.camping-biper-gorri.com\/en\/wp-json\/wp\/v2\/posts\/88274","targetHints":{"allow":["GET"]}}],"collection":[{"href":"https:\/\/www.camping-biper-gorri.com\/en\/wp-json\/wp\/v2\/posts"}],"about":[{"href":"https:\/\/www.camping-biper-gorri.com\/en\/wp-json\/wp\/v2\/types\/post"}],"author":[{"embeddable":true,"href":"https:\/\/www.camping-biper-gorri.com\/en\/wp-json\/wp\/v2\/users\/1"}],"replies":[{"embeddable":true,"href":"https:\/\/www.camping-biper-gorri.com\/en\/wp-json\/wp\/v2\/comments?post=88274"}],"version-history":[{"count":4,"href":"https:\/\/www.camping-biper-gorri.com\/en\/wp-json\/wp\/v2\/posts\/88274\/revisions"}],"predecessor-version":[{"id":90645,"href":"https:\/\/www.camping-biper-gorri.com\/en\/wp-json\/wp\/v2\/posts\/88274\/revisions\/90645"}],"wp:featuredmedia":[{"embeddable":true,"href":"https:\/\/www.camping-biper-gorri.com\/en\/wp-json\/wp\/v2\/media\/73686"}],"wp:attachment":[{"href":"https:\/\/www.camping-biper-gorri.com\/en\/wp-json\/wp\/v2\/media?parent=88274"}],"wp:term":[{"taxonomy":"category","embeddable":true,"href":"https:\/\/www.camping-biper-gorri.com\/en\/wp-json\/wp\/v2\/categories?post=88274"},{"taxonomy":"post_tag","embeddable":true,"href":"https:\/\/www.camping-biper-gorri.com\/en\/wp-json\/wp\/v2\/tags?post=88274"}],"curies":[{"name":"wp","href":"https:\/\/api.w.org\/{rel}","templated":true}]}}