{"id":88477,"date":"2025-10-07T08:46:36","date_gmt":"2025-10-07T08:46:36","guid":{"rendered":"https:\/\/www.camping-biper-gorri.com\/nicht-kategorisiert\/visite-chateau-enigmes-laas\/"},"modified":"2025-10-31T09:27:22","modified_gmt":"2025-10-31T09:27:22","slug":"besichtigung-raetsel-schloss-laas","status":"publish","type":"post","link":"https:\/\/www.camping-biper-gorri.com\/de\/orte\/besichtigung-raetsel-schloss-laas\/","title":{"rendered":"Das Schloss von La\u00e0s besichtigen: mittelalterliche Architektur und R\u00e4tselschloss"},"content":{"rendered":"\n<section class=\"wp-block-group alignfull gt_2-cta_007__bis article has-global-padding is-layout-constrained wp-container-core-group-is-layout-8f482fdf wp-block-group-is-layout-constrained\" style=\"margin-top:0px;margin-bottom:0px;padding-top:var(--wp--preset--spacing--10)\">\n<div class=\"wp-block-group alignfull full-width is-vertical is-content-justification-center is-nowrap is-layout-flex wp-container-core-group-is-layout-810f5976 wp-block-group-is-layout-flex\" style=\"border-radius:0px;margin-top:0px;margin-right:0px;margin-bottom:0px;margin-left:0px;padding-top:0px;padding-right:0;padding-bottom:0px;padding-left:0\">\n<p class=\"has-text-align-center\">Von unserem <a href=\"https:\/\/www.camping-biper-gorri.com\/de\/\">Campingplatz in Espelette<\/a> aus k\u00f6nnen Sie eine <strong>kulturelle Pause<\/strong> einlegen und das <a href=\"https:\/\/www.chateau-enigmes.com\/en\/pyrenees-atlantiques\" target=\"_blank\" rel=\"noreferrer noopener nofollow\">Schloss von La\u00e0s<\/a>, ein wahres Juwel des B\u00e9arn, besichtigen. Das Schloss von La\u00e0s liegt etwa eine Stunde entfernt und ist der ideale Ausgangspunkt f\u00fcr diesen <strong>Besuch des Kulturerbes<\/strong> der Pyr\u00e9n\u00e9es-Atlantiques.<\/p>\n\n\n\n<div class=\"wp-block-columns alignwide is-layout-flex wp-container-core-columns-is-layout-93fef87a wp-block-columns-is-layout-flex\" style=\"border-radius:0px;margin-top:0px;margin-right:0px;margin-bottom:0px;margin-left:0px;padding-top:0px;padding-right:0px;padding-bottom:0px;padding-left:0px\">\n<div class=\"wp-block-column is-vertically-aligned-top two-images is-layout-flow wp-block-column-is-layout-flow\" style=\"flex-basis:55%\">\n<div class=\"wp-block-group is-content-justification-center is-nowrap is-layout-flex wp-container-core-group-is-layout-d019b8d0 wp-block-group-is-layout-flex\" style=\"margin-top:0px;margin-right:0px;margin-bottom:0px;margin-left:0px\">\n<figure class=\"wp-block-image aligncenter size-full is-resized\"><img decoding=\"async\" width=\"967\" height=\"655\" src=\"https:\/\/www.camping-biper-gorri.com\/wp-content\/uploads\/2025\/10\/visiter-le-chateau-de-laas.jpg\" alt=\"Besichtigung des Schlosses von Laas\" class=\"wp-image-73694\" style=\"width:762px;height:auto\" srcset=\"https:\/\/www.camping-biper-gorri.com\/wp-content\/uploads\/2025\/10\/visiter-le-chateau-de-laas.jpg 967w, https:\/\/www.camping-biper-gorri.com\/wp-content\/uploads\/2025\/10\/visiter-le-chateau-de-laas-300x203.jpg 300w, https:\/\/www.camping-biper-gorri.com\/wp-content\/uploads\/2025\/10\/visiter-le-chateau-de-laas-768x520.jpg 768w\" sizes=\"(max-width: 967px) 100vw, 967px\" \/><figcaption class=\"wp-element-caption\">Quelle: https: <a href=\"https:\/\/commons.wikimedia.org\/wiki\/File:Le_Ch%C3%A2teau_de_La%C3%A0s.jpg\" target=\"_blank\" rel=\"noreferrer noopener nofollow\">\/\/commons.wikimedia.org\/wiki\/File:Le_Ch%C3%A2teau_de_La%C3%A0s.jpg<\/a> \/ Autor: <a href=\"https:\/\/commons.wikimedia.org\/w\/index.php?title=User:Office_de_tourisme_64520&amp;action=edit&amp;redlink=1\" target=\"_blank\" rel=\"noreferrer noopener nofollow\"><\/a><a href=\"https:\/\/commons.wikimedia.org\/w\/index.php?title=User:Office_de_tourisme_du_b%C3%A9arn_des_gaves&amp;action=edit&amp;redlink=1\" target=\"_blank\" rel=\"noreferrer noopener nofollow\">Office de tourisme du b\u00e9arn des gaves<\/a><\/figcaption><\/figure>\n<\/div>\n<\/div>\n\n\n\n<div class=\"wp-block-column is-vertically-aligned-center is-layout-flow wp-block-column-is-layout-flow\" style=\"flex-basis:45%\">\n<div class=\"wp-block-group has-global-padding is-content-justification-left is-layout-constrained wp-container-core-group-is-layout-1c1e5e78 wp-block-group-is-layout-constrained\" style=\"margin-top:0px;margin-right:0px;margin-bottom:0px;margin-left:0px\">\n<h2 class=\"wp-block-heading\"><strong>Entdecken Sie das Schloss von La\u00e0s<\/strong> w\u00e4hrend Ihres Aufenthalts auf dem Campingplatz<\/h2>\n\n\n\n<p>Das Schloss La\u00e0s im Departement Pyr\u00e9n\u00e9es-Atlantiques ist ein wahrer Schatz der <strong>mittelalterlichen Architektur in Frankreich<\/strong>. <g id=\"gid_1\">Jahrhundert<\/g> von den Vicomtes de B\u00e9arn errichtet und diente zur Verteidigung der Region und zur Kontrolle der strategischen Stra\u00dfen. Seine Position \u00fcber dem Tal des Gave de Pau bietet einen <strong>atemberaubenden Blick<\/strong> auf die Umgebung.  <\/p>\n\n\n\n<p>Im Laufe der Jahrhunderte wurde das Schloss mehrmals umgebaut. Im <sup>15<\/sup>. Jahrhundert wurde sie im <strong>Renaissancestil<\/strong> erweitert und versch\u00f6nert, mit schlanken T\u00fcrmen und dicken Mauern, die von einer Zeit zeugen, die sowohl von Unruhe als auch von Wohlstand gepr\u00e4gt war. <a href=\"https:\/\/www.tourisme-bearn-gaves.com\/en\/discover\/culture-and-heritage\/laas-more-than-a-town\/\" target=\"_blank\" rel=\"noreferrer noopener nofollow\">La\u00e0s<\/a> war Zeuge zahlreicher Schlachten und beherbergte <strong>bedeutende historische Pers\u00f6nlichkeiten<\/strong>, was seine strategische Rolle festigte. <\/p>\n\n\n\n<p>Das als historisches Monument klassifizierte Ch\u00e2teau de Laas ist heute ein beliebter Touristenort. Besucher k\u00f6nnen die <strong>reich verzierten R\u00e4ume<\/strong>, die <strong>franz\u00f6sischen G\u00e4rten<\/strong> und die <strong>Stadtmauern<\/strong> erkunden. Neben dem reichen Kulturerbe bietet der Ort auch ein originelles Erlebnis mit dem <g id=\"gid_3\">Ch\u00e2teau des \u00c9nigmes<\/g>, einer spielerischen Mischung aus Geschichte und Schnitzeljagd, die sich perfekt f\u00fcr einen Familienbesuch eignet. Regelm\u00e4\u00dfig werden hier kulturelle Veranstaltungen und Ausstellungen organisiert, die den Ort <strong>lebendig und dynamisch<\/strong> machen und gleichzeitig die Erinnerung an seine glorreiche Vergangenheit bewahren.   <\/p>\n<\/div>\n<\/div>\n<\/div>\n\n\n\n<h2 class=\"wp-block-heading\"><strong>Praktische Informationen<\/strong><\/h2>\n\n\n\n<div class=\"wp-block-columns is-layout-flex wp-container-core-columns-is-layout-28f84493 wp-block-columns-is-layout-flex\">\n<div class=\"wp-block-column is-layout-flow wp-block-column-is-layout-flow\">\n<div class=\"wp-block-group has-custom-ver-eau-clair-background-color has-background has-global-padding is-layout-constrained wp-container-core-group-is-layout-9597dc02 wp-block-group-is-layout-constrained\" style=\"border-radius:15px;padding-top:var(--wp--preset--spacing--10);padding-right:var(--wp--preset--spacing--10);padding-bottom:var(--wp--preset--spacing--10);padding-left:var(--wp--preset--spacing--10)\">\n<p class=\"has-text-align-center has-custom-vert-fonce-color has-text-color has-link-color wp-elements-4328c12aeeaa93cc1572180c5f97c2a7\" style=\"font-size:clamp(0.984rem, 0.984rem + ((1vw - 0.2rem) * 0.86), 1.5rem);font-style:normal;font-weight:500;text-transform:uppercase\">\u00d6ffnungszeiten<\/p>\n\n\n\n<ul class=\"wp-block-list\">\n<li>Hochsaison: 10.00 bis 18.00 Uhr<\/li>\n\n\n\n<li>Nebensaison: eingeschr\u00e4nkte \u00d6ffnungszeiten, an manchen Tagen geschlossen (weitere Informationen finden Sie auf der offiziellen Website)<\/li>\n<\/ul>\n<\/div>\n<\/div>\n\n\n\n<div class=\"wp-block-column middle is-layout-flow wp-block-column-is-layout-flow\" style=\"border-right-style:none;border-right-width:0px;border-left-style:none;border-left-width:0px;padding-right:var(--wp--preset--spacing--10);padding-left:var(--wp--preset--spacing--10)\">\n<div class=\"wp-block-group has-custom-ver-eau-clair-background-color has-background has-global-padding is-layout-constrained wp-container-core-group-is-layout-9597dc02 wp-block-group-is-layout-constrained\" style=\"border-radius:15px;padding-top:var(--wp--preset--spacing--10);padding-right:var(--wp--preset--spacing--10);padding-bottom:var(--wp--preset--spacing--10);padding-left:var(--wp--preset--spacing--10)\">\n<p class=\"has-text-align-center has-custom-vert-fonce-color has-text-color has-link-color wp-elements-87712c68119d4d5a7c10a83de47fa111\" style=\"font-size:clamp(0.984rem, 0.984rem + ((1vw - 0.2rem) * 0.86), 1.5rem);font-style:normal;font-weight:500;text-transform:uppercase\">Optionen f\u00fcr Besichtigungen<\/p>\n\n\n\n<ul class=\"wp-block-list\">\n<li>Freie Besichtigungen, um die Stadt in Ihrem eigenen Tempo zu erkunden.<\/li>\n\n\n\n<li>F\u00fchrungen mit detaillierten Erkl\u00e4rungen.<\/li>\n\n\n\n<li>Thematische F\u00fchrungen \u00fcber die G\u00e4rten oder die mittelalterliche Geschichte.<\/li>\n<\/ul>\n<\/div>\n<\/div>\n\n\n\n<div class=\"wp-block-column is-layout-flow wp-block-column-is-layout-flow\">\n<div class=\"wp-block-group has-custom-ver-eau-clair-background-color has-background has-global-padding is-layout-constrained wp-container-core-group-is-layout-9597dc02 wp-block-group-is-layout-constrained\" style=\"border-radius:15px;padding-top:var(--wp--preset--spacing--10);padding-right:var(--wp--preset--spacing--10);padding-bottom:var(--wp--preset--spacing--10);padding-left:var(--wp--preset--spacing--10)\">\n<p class=\"has-text-align-center has-custom-vert-fonce-color has-text-color has-link-color wp-elements-379dbbeaec28d9d117e5083146cfca57\" style=\"font-size:clamp(0.984rem, 0.984rem + ((1vw - 0.2rem) * 0.86), 1.5rem);font-style:normal;font-weight:500;text-transform:uppercase\">Preise<\/p>\n\n\n\n<ul class=\"wp-block-list\">\n<li><strong>Erwachsene (\u00fcber 12 Jahre)<\/strong>: 17 \u20ac.<\/li>\n\n\n\n<li><strong>Kinder (von 4 bis 12 Jahren)<\/strong>: 14 \u20ac (vor Ort) \/ 12 \u20ac (online)<\/li>\n\n\n\n<li><strong>Kleinkind (unter 4 Jahren)<\/strong>: kostenlos<\/li>\n<\/ul>\n<\/div>\n<\/div>\n<\/div>\n\n\n\n<p class=\"has-text-align-center gt-no-padding-mobile\" style=\"margin-top:0;margin-right:var(--wp--preset--spacing--60);margin-left:var(--wp--preset--spacing--60)\">In der N\u00e4he gibt es einen <strong>Parkplatz<\/strong>, um Ihre Anreise zu erleichtern. Dar\u00fcber hinaus ist der Standort teilweise f\u00fcr <g id=\"gid_1\">Personen mit eingeschr\u00e4nkter Mobilit\u00e4t (PMR<\/g>) zug\u00e4nglich. F\u00fcr weitere Informationen \u00fcber die Zug\u00e4nglichkeit empfehlen wir Ihnen, sich mit dem Empfang in Verbindung zu setzen.  <\/p>\n\n\n\n<figure class=\"wp-block-image size-full is-resized\" style=\"margin-top:0px;margin-right:0px;margin-bottom:0px;margin-left:0px\"><img decoding=\"async\" width=\"464\" height=\"221\" src=\"https:\/\/www.camping-biper-gorri.com\/wp-content\/uploads\/2025\/08\/soleil.png\" alt=\"gorri pieper\" class=\"wp-image-188\" style=\"width:463.0675354003906px\" srcset=\"https:\/\/www.camping-biper-gorri.com\/wp-content\/uploads\/2025\/08\/soleil.png 464w, https:\/\/www.camping-biper-gorri.com\/wp-content\/uploads\/2025\/08\/soleil-300x143.png 300w\" sizes=\"(max-width: 464px) 100vw, 464px\" \/><\/figure>\n<\/div>\n<\/section>\n\n<section class=\"wp-block-group alignfull gt_1-cta-1photo_003 article is-layout-flow wp-block-group-is-layout-flow\" style=\"margin-top:0px;margin-bottom:0px;padding-bottom:153px\">\n<div class=\"wp-block-group has-global-padding is-layout-constrained wp-container-core-group-is-layout-c3c54179 wp-block-group-is-layout-constrained\" style=\"padding-bottom:101px\">\n<div class=\"wp-block-cover aligncenter has-custom-content-position is-position-bottom-center animated fadeIn\" style=\"min-height:70vh;aspect-ratio:unset;\"><img decoding=\"async\" width=\"1024\" height=\"436\" class=\"wp-block-cover__image-background wp-image-73699 size-large\" alt=\"comment bien preparer son depart depuis le camping pour le chateau de laas\" src=\"https:\/\/www.camping-biper-gorri.com\/wp-content\/uploads\/2025\/10\/comment-bien-preparer-son-depart-depuis-le-camping-pour-le-chateau-de-laas-1024x436.jpg\" data-object-fit=\"cover\" srcset=\"https:\/\/www.camping-biper-gorri.com\/wp-content\/uploads\/2025\/10\/comment-bien-preparer-son-depart-depuis-le-camping-pour-le-chateau-de-laas-1024x436.jpg 1024w, https:\/\/www.camping-biper-gorri.com\/wp-content\/uploads\/2025\/10\/comment-bien-preparer-son-depart-depuis-le-camping-pour-le-chateau-de-laas-300x128.jpg 300w, https:\/\/www.camping-biper-gorri.com\/wp-content\/uploads\/2025\/10\/comment-bien-preparer-son-depart-depuis-le-camping-pour-le-chateau-de-laas-768x327.jpg 768w, https:\/\/www.camping-biper-gorri.com\/wp-content\/uploads\/2025\/10\/comment-bien-preparer-son-depart-depuis-le-camping-pour-le-chateau-de-laas.jpg 1500w\" sizes=\"(max-width: 1024px) 100vw, 1024px\" \/><span aria-hidden=\"true\" class=\"wp-block-cover__background has-contrast-background-color has-background-dim-10 has-background-dim\"><\/span><div class=\"wp-block-cover__inner-container is-layout-flow wp-block-cover-is-layout-flow\">\n<div class=\"wp-block-group titre-deco is-vertical is-content-justification-center is-layout-flex wp-container-core-group-is-layout-ab6239d0 wp-block-group-is-layout-flex\" style=\"margin-bottom:0px\">\n<p class=\"has-text-align-center has-base-2-color has-text-color has-link-color has-olive-citrus-font-family wp-elements-9ac67dbb5d7599f6b3dab0ace56345b4\" style=\"font-size:clamp(3.615rem, 3.615rem + ((1vw - 0.2rem) * 6.475), 7.5rem);line-height:0.4\">Ausflug<\/p>\n\n\n\n<p class=\"has-text-align-center has-base-2-color has-text-color has-link-color has-boho-monoline-font-family wp-elements-ec67303eaa9e0fce8e32fbcbdf911859\" style=\"font-size:clamp(3.521rem, 3.521rem + ((1vw - 0.2rem) * 6.215), 7.25rem);line-height:0.86\">vorbereiten<\/p>\n<\/div>\n<\/div><\/div>\n<\/div>\n\n\n\n<div class=\"wp-block-group alignfull full-width has-global-padding is-layout-constrained wp-container-core-group-is-layout-8c8c9b81 wp-block-group-is-layout-constrained\" style=\"border-radius:0px;margin-top:0px;margin-right:0px;margin-bottom:0px;margin-left:0px;padding-top:0px;padding-right:var(--wp--preset--spacing--50);padding-bottom:0px;padding-left:var(--wp--preset--spacing--50)\">\n<h2 class=\"wp-block-heading has-text-align-center full-width has-text-color\" style=\"color:rgba(255,255,255,1)\"><strong>Wie k\u00f6nnen Sie Ihre Abreise <br\/>vom Campingplatz zur Burg von La\u00e0s gut vorbereiten?<\/strong><\/h2>\n\n\n\n<div style=\"height:2rem\" aria-hidden=\"true\" class=\"wp-block-spacer gt-show-mobile\"><\/div>\n\n\n\n<p class=\"has-base-2-color has-text-color has-link-color wp-elements-7293ac3e1f9e71dc21e6a86c4603954c\">F\u00fcr einen erfolgreichen Besuch von unserem Campingplatz in der N\u00e4he des Schlosses von La\u00e0s, hier einige <strong>praktische Tipps<\/strong>:<\/p>\n\n\n\n<ol style=\"padding-left:var(--wp--preset--spacing--30)\" class=\"wp-block-list has-base-2-color has-text-color has-link-color wp-elements-0d454acb24e7211f3b7106a404f29a9f\">\n<li>Vergessen Sie nicht, sich vor Ihrem Besuch \u00fcber die <strong>\u00d6ffnungszeiten<\/strong> des Schlosses von La\u00e0s zu informieren, da diese je nach Saison variieren k\u00f6nnen.<\/li>\n\n\n\n<li>Denken Sie daran, <strong>bequeme Schuhe<\/strong> zu tragen, da Sie Steinwege und -treppen erkunden werden.<\/li>\n\n\n\n<li>Planen Sie ein <strong>Picknick<\/strong> in den G\u00e4rten des Schlosses ein, von wo aus Sie einen herrlichen Blick auf die umliegenden Landschaften haben.<\/li>\n\n\n\n<li>Erkundigen Sie sich nach <strong>F\u00fchrungen<\/strong>, um detaillierte Erkl\u00e4rungen \u00fcber die Geschichte und Architektur des Schlosses zu erhalten.<\/li>\n\n\n\n<li>Z\u00f6gern Sie nicht, Ihre <strong>Kamera<\/strong> mitzunehmen, um die Sch\u00f6nheit dieses historischen Geb\u00e4udes und der umliegenden Landschaft festzuhalten!<\/li>\n<\/ol>\n\n\n\n<p class=\"has-base-2-color has-text-color has-link-color wp-elements-5ce3ae8c53f4457507abfd2a9fdbcbb1\">Das Schloss von La\u00e0s verspricht Ihnen einen Ausflug voller Entdeckungen, zwischen <strong>historischem Erbe<\/strong> und <strong>gro\u00dfz\u00fcgiger Natur<\/strong>, ideal, um Ihren Aufenthalt im Baskenland zu versch\u00f6nern.<\/p>\n<\/div>\n<\/section>\n","protected":false},"excerpt":{"rendered":"<p>Von unserem Campingplatz in Espelette aus k\u00f6nnen Sie eine kulturelle Pause einlegen und das Schloss von La\u00e0s, ein wahres Juwel des B\u00e9arn, besichtigen. Das Schloss von La\u00e0s liegt etwa eine Stunde entfernt und ist der ideale Ausgangspunkt f\u00fcr diesen Besuch des Kulturerbes der Pyr\u00e9n\u00e9es-Atlantiques. Entdecken Sie das Schloss von La\u00e0s w\u00e4hrend Ihres Aufenthalts auf dem [&hellip;]<\/p>\n","protected":false},"author":1,"featured_media":73687,"comment_status":"closed","ping_status":"closed","sticky":false,"template":"","format":"standard","meta":{"_acf_changed":false,"_seopress_robots_primary_cat":"none","_seopress_titles_title":"Besichtigung des Schlosses von La\u00e0s | Ch\u00e2teau des \u00c9nigmes Basque Pays","_seopress_titles_desc":"Das Schloss La\u00e0s im Departement Pyr\u00e9n\u00e9es-Atlantiques ist ein Juwel der mittelalterlichen Architektur in Frankreich. Jahrhundert wurde es von den Vicomtes de B\u00e9arn errichtet, um die Region zu verteidigen und die strategischen Stra\u00dfen zu kontrollieren. Seine Lage auf einem H\u00fcgel \u00fcber dem Tal des Gave de Pau verschaffte ihm einen atemberaubenden Ausblick, der es erm\u00f6glichte, die Umgebung zu \u00fcberwachen.  ","_seopress_robots_index":"","inline_featured_image":false,"gt_fse_maillage_image":"https:\/\/www.camping-biper-gorri.com\/wp-content\/uploads\/2025\/10\/visite-chateau-enigmes-laas-cta.jpg","gt_fse_maillage_titre":"Schloss La\u00e0s","gt_fse_maillage_alt":"Besuch des R\u00e4tselschlosses Laas","gt_fse_maillage_resume":"","footnotes":""},"categories":[60],"tags":[71],"class_list":["post-88477","post","type-post","status-publish","format-standard","has-post-thumbnail","hentry","category-orte","tag-schloss"],"acf":[],"_links":{"self":[{"href":"https:\/\/www.camping-biper-gorri.com\/de\/wp-json\/wp\/v2\/posts\/88477","targetHints":{"allow":["GET"]}}],"collection":[{"href":"https:\/\/www.camping-biper-gorri.com\/de\/wp-json\/wp\/v2\/posts"}],"about":[{"href":"https:\/\/www.camping-biper-gorri.com\/de\/wp-json\/wp\/v2\/types\/post"}],"author":[{"embeddable":true,"href":"https:\/\/www.camping-biper-gorri.com\/de\/wp-json\/wp\/v2\/users\/1"}],"replies":[{"embeddable":true,"href":"https:\/\/www.camping-biper-gorri.com\/de\/wp-json\/wp\/v2\/comments?post=88477"}],"version-history":[{"count":3,"href":"https:\/\/www.camping-biper-gorri.com\/de\/wp-json\/wp\/v2\/posts\/88477\/revisions"}],"predecessor-version":[{"id":90646,"href":"https:\/\/www.camping-biper-gorri.com\/de\/wp-json\/wp\/v2\/posts\/88477\/revisions\/90646"}],"wp:featuredmedia":[{"embeddable":true,"href":"https:\/\/www.camping-biper-gorri.com\/de\/wp-json\/wp\/v2\/media\/73687"}],"wp:attachment":[{"href":"https:\/\/www.camping-biper-gorri.com\/de\/wp-json\/wp\/v2\/media?parent=88477"}],"wp:term":[{"taxonomy":"category","embeddable":true,"href":"https:\/\/www.camping-biper-gorri.com\/de\/wp-json\/wp\/v2\/categories?post=88477"},{"taxonomy":"post_tag","embeddable":true,"href":"https:\/\/www.camping-biper-gorri.com\/de\/wp-json\/wp\/v2\/tags?post=88477"}],"curies":[{"name":"wp","href":"https:\/\/api.w.org\/{rel}","templated":true}]}}