{"id":88471,"date":"2025-10-07T07:47:52","date_gmt":"2025-10-07T07:47:52","guid":{"rendered":"https:\/\/www.camping-biper-gorri.com\/nicht-kategorisiert\/visite-aquarium-de-biarritz\/"},"modified":"2025-10-31T09:09:41","modified_gmt":"2025-10-31T09:09:41","slug":"besichtigung-aquarium-biarritz","status":"publish","type":"post","link":"https:\/\/www.camping-biper-gorri.com\/de\/orte\/besichtigung-aquarium-biarritz\/","title":{"rendered":"Besuch des Aquariums in Biarritz"},"content":{"rendered":"\n<section class=\"wp-block-group alignfull gt_2-cta_007__bis article has-global-padding is-layout-constrained wp-container-core-group-is-layout-8f482fdf wp-block-group-is-layout-constrained\" style=\"margin-top:0px;margin-bottom:0px;padding-top:var(--wp--preset--spacing--10)\">\n<div class=\"wp-block-group alignfull full-width is-vertical is-content-justification-center is-nowrap is-layout-flex wp-container-core-group-is-layout-810f5976 wp-block-group-is-layout-flex\" style=\"border-radius:0px;margin-top:0px;margin-right:0px;margin-bottom:0px;margin-left:0px;padding-top:0px;padding-right:0;padding-bottom:0px;padding-left:0\">\n<div class=\"wp-block-columns alignwide is-layout-flex wp-container-core-columns-is-layout-93fef87a wp-block-columns-is-layout-flex\" style=\"border-radius:0px;margin-top:0px;margin-right:0px;margin-bottom:0px;margin-left:0px;padding-top:0px;padding-right:0px;padding-bottom:0px;padding-left:0px\">\n<div class=\"wp-block-column is-vertically-aligned-top two-images is-layout-flow wp-block-column-is-layout-flow\" style=\"flex-basis:55%\">\n<div data-swiper=\"{&quot;speed&quot;:400,&quot;spaceBetween&quot;:16,&quot;slidesPerView&quot;:1,&quot;createElements&quot;:true,&quot;loop&quot;:true,&quot;navigation&quot;:{&quot;nextEl&quot;:null,&quot;prevEl&quot;:null},&quot;pagination&quot;:{&quot;el&quot;:&quot;.swiper-pagination&quot;,&quot;dynamicBullets&quot;:false,&quot;clickable&quot;:true},&quot;breakpoints&quot;:[{&quot;slidesPerView&quot;:1}],&quot;direction&quot;:&quot;vertical&quot;,&quot;freeMode&quot;:false,&quot;autoplay&quot;:true,&quot;delay&quot;:2000}\" id=\"slider-first\" class=\"wp-block-group animated fadeIn gt-is-slider gt-is-slider-desktop is-layout-grid wp-container-core-group-is-layout-478b6e6b wp-block-group-is-layout-grid\">\n<figure class=\"wp-block-image aligncenter size-full\"><img decoding=\"async\" width=\"967\" height=\"655\" src=\"https:\/\/www.camping-biper-gorri.com\/wp-content\/uploads\/2025\/10\/visite-de-l-aquarium-de-biarritz.jpg\" alt=\"Besuch des Aquariums von Biarritz\" class=\"wp-image-71159\" srcset=\"https:\/\/www.camping-biper-gorri.com\/wp-content\/uploads\/2025\/10\/visite-de-l-aquarium-de-biarritz.jpg 967w, https:\/\/www.camping-biper-gorri.com\/wp-content\/uploads\/2025\/10\/visite-de-l-aquarium-de-biarritz-300x203.jpg 300w, https:\/\/www.camping-biper-gorri.com\/wp-content\/uploads\/2025\/10\/visite-de-l-aquarium-de-biarritz-768x520.jpg 768w\" sizes=\"(max-width: 967px) 100vw, 967px\" \/><\/figure>\n\n\n\n<figure class=\"wp-block-image size-full\"><img decoding=\"async\" width=\"967\" height=\"655\" src=\"https:\/\/www.camping-biper-gorri.com\/wp-content\/uploads\/2025\/10\/decouvrez-l-aquarium-de-biarritz-lors-de-votre-sejour-au-camping.jpg\" alt=\"Entdecken Sie das Aquarium von Biarritz w&#xE4;hrend Ihres Aufenthaltes auf dem Campingplatz.\" class=\"wp-image-71164\" style=\"object-fit:cover\" srcset=\"https:\/\/www.camping-biper-gorri.com\/wp-content\/uploads\/2025\/10\/decouvrez-l-aquarium-de-biarritz-lors-de-votre-sejour-au-camping.jpg 967w, https:\/\/www.camping-biper-gorri.com\/wp-content\/uploads\/2025\/10\/decouvrez-l-aquarium-de-biarritz-lors-de-votre-sejour-au-camping-300x203.jpg 300w, https:\/\/www.camping-biper-gorri.com\/wp-content\/uploads\/2025\/10\/decouvrez-l-aquarium-de-biarritz-lors-de-votre-sejour-au-camping-768x520.jpg 768w\" sizes=\"(max-width: 967px) 100vw, 967px\" \/><\/figure>\n\n\n\n<figure class=\"wp-block-image size-full\"><img decoding=\"async\" width=\"967\" height=\"655\" src=\"https:\/\/www.camping-biper-gorri.com\/wp-content\/uploads\/2025\/10\/observez-les-requins.jpg\" alt=\"Haie beobachten\" class=\"wp-image-71169\" style=\"object-fit:cover\" srcset=\"https:\/\/www.camping-biper-gorri.com\/wp-content\/uploads\/2025\/10\/observez-les-requins.jpg 967w, https:\/\/www.camping-biper-gorri.com\/wp-content\/uploads\/2025\/10\/observez-les-requins-300x203.jpg 300w, https:\/\/www.camping-biper-gorri.com\/wp-content\/uploads\/2025\/10\/observez-les-requins-768x520.jpg 768w\" sizes=\"(max-width: 967px) 100vw, 967px\" \/><\/figure>\n<\/div>\n<\/div>\n\n\n\n<div class=\"wp-block-column is-vertically-aligned-center is-layout-flow wp-block-column-is-layout-flow\" style=\"flex-basis:45%\">\n<div class=\"wp-block-group has-global-padding is-content-justification-left is-layout-constrained wp-container-core-group-is-layout-1c1e5e78 wp-block-group-is-layout-constrained\" style=\"margin-top:0px;margin-right:0px;margin-bottom:0px;margin-left:0px\">\n<h2 class=\"wp-block-heading\"><strong>Entdecken Sie das Aquarium von Biarritz<\/strong> w\u00e4hrend Ihres Aufenthalts auf dem Campingplatz<\/h2>\n\n\n\n<p>Im Herzen von <a href=\"https:\/\/www.camping-biper-gorri.com\/de\/orte\/biarritz-tourismus\/\">Biarritz<\/a>, gegen\u00fcber dem Jungfrauenfelsen, entdecken Sie das Aquarium, eine <strong>emblematische Institution<\/strong> der Region.<\/p>\n\n\n\n<p>Das <a href=\"https:\/\/www.aquariumbiarritz.com\/en\/\" target=\"_blank\" rel=\"noreferrer noopener nofollow\">Aquarium von Biarritz<\/a> wurde in den 1880er Jahren von <strong>Marquis Alexandre Guillaume L\u00e9opold de Folin<\/strong> gegr\u00fcndet und war ein Pionier auf seinem Gebiet. Es bot der \u00d6ffentlichkeit einen privilegierten Zugang zur Erforschung der Tiefen des Golfs von Biskaya.<\/p>\n\n\n\n<p>Heute beherbergt das Aquarium eine beeindruckende Sammlung von <strong>fast 530 Arten,<\/strong> die in <strong>40 Aquarien<\/strong> untergebracht sind. Beobachten Sie Haie, treffen Sie Schildkr\u00f6ten oder entdecken Sie die faszinierenden Mangrovenw\u00e4lder an einem unterhaltsamen Nachmittag. <\/p>\n\n\n\n<p>Tauchen Sie in die <strong>Gew\u00e4sser des Golfs von Biskaya<\/strong> oder erkunden Sie den<strong>Indopazifik<\/strong>, wo Sie das majest\u00e4tische Ballett der Quallen bewundern k\u00f6nnen.<\/p>\n\n\n\n<p>Mit dem Kauf Ihrer Eintrittskarte tragen Sie zur <strong>Erhaltung von Meerestieren<\/strong> bei. Das Aquarium von Biarritz setzt sich aktiv f\u00fcr die <strong>Rettung von Robben und Meeresschildkr\u00f6ten<\/strong> ein, indem es sie sorgf\u00e4ltig pflegt, bevor es sie in ihren nat\u00fcrlichen Lebensraum entl\u00e4sst. <\/p>\n<\/div>\n<\/div>\n<\/div>\n\n\n\n<div class=\"wp-block-columns is-layout-flex wp-container-core-columns-is-layout-28f84493 wp-block-columns-is-layout-flex\">\n<div class=\"wp-block-column is-layout-flow wp-block-column-is-layout-flow\">\n<div class=\"wp-block-group has-custom-ver-eau-clair-background-color has-background has-global-padding is-layout-constrained wp-container-core-group-is-layout-9597dc02 wp-block-group-is-layout-constrained\" style=\"border-radius:15px;padding-top:var(--wp--preset--spacing--10);padding-right:var(--wp--preset--spacing--10);padding-bottom:var(--wp--preset--spacing--10);padding-left:var(--wp--preset--spacing--10)\">\n<p class=\"has-text-align-center has-custom-vert-fonce-color has-text-color has-link-color wp-elements-4328c12aeeaa93cc1572180c5f97c2a7\" style=\"font-size:clamp(0.984rem, 0.984rem + ((1vw - 0.2rem) * 0.86), 1.5rem);font-style:normal;font-weight:500;text-transform:uppercase\">\u00d6ffnungszeiten<\/p>\n\n\n\n<p>Montag bis Freitag: 9.30-19.00 Uhr <br\/>vom 13\/07 bis 25\/08: 9.00-22.00 Uhr<\/p>\n<\/div>\n<\/div>\n\n\n\n<div class=\"wp-block-column middle is-layout-flow wp-block-column-is-layout-flow\" style=\"border-right-style:none;border-right-width:0px;border-left-style:none;border-left-width:0px;padding-right:var(--wp--preset--spacing--10);padding-left:var(--wp--preset--spacing--10)\">\n<div class=\"wp-block-group has-custom-ver-eau-clair-background-color has-background has-global-padding is-layout-constrained wp-container-core-group-is-layout-9597dc02 wp-block-group-is-layout-constrained\" style=\"border-radius:15px;padding-top:var(--wp--preset--spacing--10);padding-right:var(--wp--preset--spacing--10);padding-bottom:var(--wp--preset--spacing--10);padding-left:var(--wp--preset--spacing--10)\">\n<p class=\"has-text-align-center has-custom-vert-fonce-color has-text-color has-link-color wp-elements-8e8b035206ee9afc434b738b81a8c803\" style=\"font-size:clamp(0.984rem, 0.984rem + ((1vw - 0.2rem) * 0.86), 1.5rem);font-style:normal;font-weight:500;text-transform:uppercase\">Eintrittspreise f\u00fcr das Meeresmuseum<\/p>\n\n\n\n<ul class=\"wp-block-list\">\n<li>Erwachsener: <strong>16,50 \u20ac.<\/strong><\/li>\n\n\n\n<li>Kinder (von 4 bis 12 Jahren): <strong>12 \u20ac.<\/strong><\/li>\n\n\n\n<li>Jugendliche (13 bis 17 Jahre), Studenten, Arbeitsuchende: <strong>14 \u20ac<\/strong>.<\/li>\n\n\n\n<li>Gro\u00dffamilie (bei Vorlage des Ausweises, 1 pro Person) \/ Behinderte <em>(kostenlose Begleitung, wenn im Behindertenausweis die Notwendigkeit einer Begleitung vermerkt<\/em> ist) : <strong>&#8211; 2 \u20ac \/ Eintritt<\/strong><\/li>\n\n\n\n<li>Gef\u00fchrte Besichtigung (nur nach Vereinbarung) 1 F\u00fchrer: <strong>65 \u20ac<\/strong>.<\/li>\n<\/ul>\n<\/div>\n<\/div>\n\n\n\n<div class=\"wp-block-column is-layout-flow wp-block-column-is-layout-flow\">\n<div class=\"wp-block-group has-custom-ver-eau-clair-background-color has-background has-global-padding is-layout-constrained wp-container-core-group-is-layout-9597dc02 wp-block-group-is-layout-constrained\" style=\"border-radius:15px;padding-top:var(--wp--preset--spacing--10);padding-right:var(--wp--preset--spacing--10);padding-bottom:var(--wp--preset--spacing--10);padding-left:var(--wp--preset--spacing--10)\">\n<p class=\"has-text-align-center has-custom-vert-fonce-color has-text-color has-link-color wp-elements-261a3bd0f965f658bdf82db84b445461\" style=\"font-size:clamp(0.984rem, 0.984rem + ((1vw - 0.2rem) * 0.86), 1.5rem);font-style:normal;font-weight:500;text-transform:uppercase\">Eintrittspreise f\u00fcr das Meeresmuseum und die Stadt des Ozeans<\/p>\n\n\n\n<ul class=\"wp-block-list\">\n<li>Erwachsener: <strong>26 \u20ac.<\/strong><\/li>\n\n\n\n<li>Kinder (von 4 bis 5 Jahren): <strong>12 \u20ac.<\/strong><\/li>\n\n\n\n<li>Kind (6 bis 12 Jahre): <strong>18 \u20ac.<\/strong><\/li>\n\n\n\n<li>Jugendliche von 13 bis 17 Jahren, Studenten, Arbeitsuchende: <strong>22 \u20ac<\/strong> Gro\u00dffamilie (bei Vorlage des Ausweises, 1 pro Person) \/ Behinderte<br\/><em>(kostenlose Begleitperson, wenn im Beh indertenausweis die Notwendigkeit einer Begleitung vermerkt<\/em> ist) : <strong>&#8211; 2 \u20ac \/ Eintritt<\/strong><\/li>\n<\/ul>\n<\/div>\n<\/div>\n<\/div>\n\n\n\n<div class=\"wp-block-buttons is-content-justification-center is-layout-flex wp-container-core-buttons-is-layout-a89b3969 wp-block-buttons-is-layout-flex\">\n<div class=\"wp-block-button is-style-outline is-style-outline--1\"><a class=\"wp-block-button__link has-custom-vert-fonce-color has-text-color has-link-color has-olive-citrus-font-family has-custom-font-size wp-element-button\" href=\"https:\/\/www.aquariumbiarritz.com\/fr\/tarifs-et-billetterie-en-ligne\/\" style=\"border-style:none;border-width:0px;border-radius:0px;font-size:clamp(1.092rem, 1.092rem + ((1vw - 0.2rem) * 1.013), 1.7rem);font-style:normal;font-weight:700\" target=\"_blank\" rel=\"noreferrer noopener nofollow\">Reservierung <img decoding=\"async\" width=\"50\" height=\"26\" class=\"wp-image-129\" style=\"width: 50px;\" src=\"https:\/\/www.camping-biper-gorri.com\/wp-content\/uploads\/2025\/08\/fleche-01.svg\" alt=\"fleche 01\"\/><\/a><\/div>\n<\/div>\n\n\n\n<p class=\"has-text-align-center gt-no-padding-mobile\" style=\"margin-top:-35px;padding-right:var(--wp--preset--spacing--40);padding-left:var(--wp--preset--spacing--40)\">Ein Aufenthalt auf unserem Campingplatz in der N\u00e4he des Aquariums von Biarritz, dem <a href=\"https:\/\/www.camping-biper-gorri.com\/de\/\">Campingplatz Biper Gorri in Espelette<\/a>, ist die ideale Gelegenheit, <strong>die Meeresfauna zu entdecken<\/strong> und eine <strong>bereichernde Zeit<\/strong> mit der Familie oder mit Freunden zu verbringen.<\/p>\n\n\n\n<figure class=\"wp-block-image size-full is-resized\" style=\"margin-top:0px;margin-right:0px;margin-bottom:0px;margin-left:0px\"><img decoding=\"async\" width=\"464\" height=\"221\" src=\"https:\/\/www.camping-biper-gorri.com\/wp-content\/uploads\/2025\/08\/soleil.png\" alt=\"gorri pieper\" class=\"wp-image-188\" style=\"width:463.0675354003906px\" srcset=\"https:\/\/www.camping-biper-gorri.com\/wp-content\/uploads\/2025\/08\/soleil.png 464w, https:\/\/www.camping-biper-gorri.com\/wp-content\/uploads\/2025\/08\/soleil-300x143.png 300w\" sizes=\"(max-width: 464px) 100vw, 464px\" \/><\/figure>\n<\/div>\n<\/section>\n\n<section class=\"wp-block-group alignfull gt_1-cta-1photo_003 article is-layout-flow wp-block-group-is-layout-flow\" style=\"margin-top:0px;margin-bottom:0px;padding-bottom:153px\">\n<div class=\"wp-block-group has-global-padding is-layout-constrained wp-container-core-group-is-layout-c3c54179 wp-block-group-is-layout-constrained\" style=\"padding-bottom:101px\">\n<div class=\"wp-block-cover aligncenter has-custom-content-position is-position-bottom-center animated fadeIn\" style=\"min-height:70vh;aspect-ratio:unset;\"><img decoding=\"async\" width=\"1024\" height=\"436\" class=\"wp-block-cover__image-background wp-image-71174 size-large\" alt=\"comment bien preparer son depart depuis le camping pour le musee de la mer\" src=\"https:\/\/www.camping-biper-gorri.com\/wp-content\/uploads\/2025\/10\/comment-bien-preparer-son-depart-depuis-le-camping-pour-le-musee-de-la-mer-1024x436.jpg\" data-object-fit=\"cover\" srcset=\"https:\/\/www.camping-biper-gorri.com\/wp-content\/uploads\/2025\/10\/comment-bien-preparer-son-depart-depuis-le-camping-pour-le-musee-de-la-mer-1024x436.jpg 1024w, https:\/\/www.camping-biper-gorri.com\/wp-content\/uploads\/2025\/10\/comment-bien-preparer-son-depart-depuis-le-camping-pour-le-musee-de-la-mer-300x128.jpg 300w, https:\/\/www.camping-biper-gorri.com\/wp-content\/uploads\/2025\/10\/comment-bien-preparer-son-depart-depuis-le-camping-pour-le-musee-de-la-mer-768x327.jpg 768w, https:\/\/www.camping-biper-gorri.com\/wp-content\/uploads\/2025\/10\/comment-bien-preparer-son-depart-depuis-le-camping-pour-le-musee-de-la-mer.jpg 1500w\" sizes=\"(max-width: 1024px) 100vw, 1024px\" \/><span aria-hidden=\"true\" class=\"wp-block-cover__background has-contrast-background-color has-background-dim-10 has-background-dim\"><\/span><div class=\"wp-block-cover__inner-container is-layout-flow wp-block-cover-is-layout-flow\">\n<div class=\"wp-block-group titre-deco is-vertical is-content-justification-center is-layout-flex wp-container-core-group-is-layout-ab6239d0 wp-block-group-is-layout-flex\" style=\"margin-bottom:0px\">\n<p class=\"has-text-align-center has-base-2-color has-text-color has-link-color has-olive-citrus-font-family wp-elements-9ac67dbb5d7599f6b3dab0ace56345b4\" style=\"font-size:clamp(3.615rem, 3.615rem + ((1vw - 0.2rem) * 6.475), 7.5rem);line-height:0.4\">Ausflug<\/p>\n\n\n\n<p class=\"has-text-align-center has-base-2-color has-text-color has-link-color has-boho-monoline-font-family wp-elements-ec67303eaa9e0fce8e32fbcbdf911859\" style=\"font-size:clamp(3.521rem, 3.521rem + ((1vw - 0.2rem) * 6.215), 7.25rem);line-height:0.86\">vorbereiten<\/p>\n<\/div>\n<\/div><\/div>\n<\/div>\n\n\n\n<div class=\"wp-block-group alignfull full-width has-global-padding is-layout-constrained wp-container-core-group-is-layout-8c8c9b81 wp-block-group-is-layout-constrained\" style=\"border-radius:0px;margin-top:0px;margin-right:0px;margin-bottom:0px;margin-left:0px;padding-top:0px;padding-right:var(--wp--preset--spacing--50);padding-bottom:0px;padding-left:var(--wp--preset--spacing--50)\">\n<h2 class=\"wp-block-heading has-text-align-center full-width has-text-color\" style=\"color:rgba(255,255,255,1)\"><strong>Wie k\u00f6nnen Sie Ihre Abreise <br\/>vom Campingplatz zum Meeresmuseum gut vorbereiten?<\/strong><\/h2>\n\n\n\n<div style=\"height:2rem\" aria-hidden=\"true\" class=\"wp-block-spacer gt-show-mobile\"><\/div>\n\n\n\n<p class=\"has-base-2-color has-text-color has-link-color wp-elements-9345063178c8fd81e44d7a8aa76de416\">Damit Sie Ihren Besuch im Aquarium von Biarritz in vollen Z\u00fcgen genie\u00dfen k\u00f6nnen, hier <strong>einige praktische Tipps:<\/strong><\/p>\n\n\n\n<ul style=\"padding-left:var(--wp--preset--spacing--30)\" class=\"wp-block-list has-base-2-color has-text-color has-link-color wp-elements-15e486dbc6aee096754f92bdb68a183a\">\n<li><strong>Buchen Sie<\/strong> Ihre Tickets im Voraus, um Warteschlangen zu vermeiden.<\/li>\n\n\n\n<li>Planen Sie etwas Zeit ein, um einen <strong>Parkplatz<\/strong> in dieser belebten Gegend von Biarritz zu finden.<\/li>\n\n\n\n<li>Tragen Sie <strong>bequeme Schuhe<\/strong>, um das Aquarium zu erkunden und die Einrichtungen des Museums zu nutzen.<\/li>\n\n\n\n<li>Vergessen Sie nicht, Ihre <strong>Kamera<\/strong> mitzubringen, um die Sch\u00f6nheit der Meeresbewohner und der spektakul\u00e4ren Aquarien festzuhalten.<\/li>\n<\/ul>\n\n\n\n<p class=\"has-base-2-color has-text-color has-link-color wp-elements-71138ac4200ded396356fef37c78b7e7\">Ob Sie sich f\u00fcr das Meeresleben begeistern oder eine unterhaltsame Aktivit\u00e4t f\u00fcr die ganze Familie suchen, das Aquarium von Biarritz ist ein <strong>Muss<\/strong> w\u00e4hrend Ihres Aufenthalts in Biarritz.<\/p>\n<\/div>\n<\/section>\n","protected":false},"excerpt":{"rendered":"<p>Entdecken Sie das Aquarium von Biarritz w\u00e4hrend Ihres Aufenthalts auf dem Campingplatz Im Herzen von Biarritz, gegen\u00fcber dem Jungfrauenfelsen, entdecken Sie das Aquarium, eine emblematische Institution der Region. Das Aquarium von Biarritz wurde in den 1880er Jahren von Marquis Alexandre Guillaume L\u00e9opold de Folin gegr\u00fcndet und war ein Pionier auf seinem Gebiet. Es bot der [&hellip;]<\/p>\n","protected":false},"author":1,"featured_media":71151,"comment_status":"closed","ping_status":"closed","sticky":false,"template":"","format":"standard","meta":{"_acf_changed":false,"_seopress_robots_primary_cat":"none","_seopress_titles_title":"Besuch des Aquariums von Biarritz I Aquarium Biarritz Tourism","_seopress_titles_desc":"Tauchen Sie w\u00e4hrend Ihres Aufenthalts auf dem Campingplatz Biper Gorri in Espelette in die Meereswelt des Aquariums von Biarritz ein: Haie, Robben, Quallen und tropische Becken erwarten Sie f\u00fcr einen unvergesslichen Ausflug mit der Familie oder mit Freunden.","_seopress_robots_index":"","inline_featured_image":false,"gt_fse_maillage_image":"https:\/\/www.camping-biper-gorri.com\/wp-content\/uploads\/2025\/10\/visite-aquarium-de-biarritz-cta.jpg","gt_fse_maillage_titre":"Aquarium Biarritz","gt_fse_maillage_alt":"Besuch des Aquariums von Biarritz","gt_fse_maillage_resume":"","footnotes":""},"categories":[60],"tags":[79],"class_list":["post-88471","post","type-post","status-publish","format-standard","has-post-thumbnail","hentry","category-orte","tag-museen"],"acf":[],"_links":{"self":[{"href":"https:\/\/www.camping-biper-gorri.com\/de\/wp-json\/wp\/v2\/posts\/88471","targetHints":{"allow":["GET"]}}],"collection":[{"href":"https:\/\/www.camping-biper-gorri.com\/de\/wp-json\/wp\/v2\/posts"}],"about":[{"href":"https:\/\/www.camping-biper-gorri.com\/de\/wp-json\/wp\/v2\/types\/post"}],"author":[{"embeddable":true,"href":"https:\/\/www.camping-biper-gorri.com\/de\/wp-json\/wp\/v2\/users\/1"}],"replies":[{"embeddable":true,"href":"https:\/\/www.camping-biper-gorri.com\/de\/wp-json\/wp\/v2\/comments?post=88471"}],"version-history":[{"count":7,"href":"https:\/\/www.camping-biper-gorri.com\/de\/wp-json\/wp\/v2\/posts\/88471\/revisions"}],"predecessor-version":[{"id":90601,"href":"https:\/\/www.camping-biper-gorri.com\/de\/wp-json\/wp\/v2\/posts\/88471\/revisions\/90601"}],"wp:featuredmedia":[{"embeddable":true,"href":"https:\/\/www.camping-biper-gorri.com\/de\/wp-json\/wp\/v2\/media\/71151"}],"wp:attachment":[{"href":"https:\/\/www.camping-biper-gorri.com\/de\/wp-json\/wp\/v2\/media?parent=88471"}],"wp:term":[{"taxonomy":"category","embeddable":true,"href":"https:\/\/www.camping-biper-gorri.com\/de\/wp-json\/wp\/v2\/categories?post=88471"},{"taxonomy":"post_tag","embeddable":true,"href":"https:\/\/www.camping-biper-gorri.com\/de\/wp-json\/wp\/v2\/tags?post=88471"}],"curies":[{"name":"wp","href":"https:\/\/api.w.org\/{rel}","templated":true}]}}