{"id":88376,"date":"2025-10-07T09:06:02","date_gmt":"2025-10-07T09:06:02","guid":{"rendered":"https:\/\/www.camping-biper-gorri.com\/nicht-kategorisiert\/visite-musee-gateau-basque-sare\/"},"modified":"2025-10-31T09:30:32","modified_gmt":"2025-10-31T09:30:32","slug":"besichtigung-baskisches-kuchenmuseum-sare","status":"publish","type":"post","link":"https:\/\/www.camping-biper-gorri.com\/de\/orte\/besichtigung-baskisches-kuchenmuseum-sare\/","title":{"rendered":"Besuch des Museums des baskischen Kuchens in Sare"},"content":{"rendered":"\n<section class=\"wp-block-group alignfull gt_2-cta_007__bis article has-global-padding is-layout-constrained wp-container-core-group-is-layout-8f482fdf wp-block-group-is-layout-constrained\" style=\"margin-top:0px;margin-bottom:0px;padding-top:var(--wp--preset--spacing--10)\">\n<div class=\"wp-block-group alignfull full-width is-vertical is-content-justification-center is-nowrap is-layout-flex wp-container-core-group-is-layout-810f5976 wp-block-group-is-layout-flex\" style=\"border-radius:0px;margin-top:0px;margin-right:0px;margin-bottom:0px;margin-left:0px;padding-top:0px;padding-right:0;padding-bottom:0px;padding-left:0\">\n<p class=\"has-text-align-center\">W\u00e4hrend Ihres Aufenthalts auf unserem <a href=\"https:\/\/www.camping-biper-gorri.com\/de\/\">Campingplatz in Espelette<\/a> k\u00f6nnen Sie das <a href=\"https:\/\/www.legateaubasque.com\/\" target=\"_blank\" rel=\"noreferrer noopener nofollow\">Museum des baskischen Kuchens<\/a> besuchen und sich eine authentische Auszeit g\u00f6nnen. Unser Campingplatz liegt nur wenige Kilometer entfernt und ist ideal gelegen, damit Sie diese <strong>Hochburg der<\/strong> baskischen <strong>Konditorei<\/strong> entdecken k\u00f6nnen.<\/p>\n\n\n\n<div class=\"wp-block-columns alignwide is-layout-flex wp-container-core-columns-is-layout-93fef87a wp-block-columns-is-layout-flex\" style=\"border-radius:0px;margin-top:0px;margin-right:0px;margin-bottom:0px;margin-left:0px;padding-top:0px;padding-right:0px;padding-bottom:0px;padding-left:0px\">\n<div class=\"wp-block-column is-vertically-aligned-top two-images is-layout-flow wp-block-column-is-layout-flow\" style=\"flex-basis:55%\">\n<div class=\"wp-block-group is-content-justification-center is-nowrap is-layout-flex wp-container-core-group-is-layout-d019b8d0 wp-block-group-is-layout-flex\" style=\"margin-top:0px;margin-right:0px;margin-bottom:0px;margin-left:0px\">\n<figure class=\"wp-block-image aligncenter size-full is-resized\"><img decoding=\"async\" width=\"967\" height=\"655\" src=\"https:\/\/www.camping-biper-gorri.com\/wp-content\/uploads\/2025\/10\/visite-du-musee-du-gateau-basque-a-sare.jpg\" alt=\"Besuch des baskischen Kuchenmuseums in Sare\" class=\"wp-image-75741\" style=\"width:762px;height:auto\" srcset=\"https:\/\/www.camping-biper-gorri.com\/wp-content\/uploads\/2025\/10\/visite-du-musee-du-gateau-basque-a-sare.jpg 967w, https:\/\/www.camping-biper-gorri.com\/wp-content\/uploads\/2025\/10\/visite-du-musee-du-gateau-basque-a-sare-300x203.jpg 300w, https:\/\/www.camping-biper-gorri.com\/wp-content\/uploads\/2025\/10\/visite-du-musee-du-gateau-basque-a-sare-768x520.jpg 768w\" sizes=\"(max-width: 967px) 100vw, 967px\" \/><\/figure>\n<\/div>\n<\/div>\n\n\n\n<div class=\"wp-block-column is-vertically-aligned-center is-layout-flow wp-block-column-is-layout-flow\" style=\"flex-basis:45%\">\n<div class=\"wp-block-group has-global-padding is-content-justification-left is-layout-constrained wp-container-core-group-is-layout-1c1e5e78 wp-block-group-is-layout-constrained\" style=\"margin-top:0px;margin-right:0px;margin-bottom:0px;margin-left:0px\">\n<h2 class=\"wp-block-heading\">Entdecken Sie w\u00e4hrend Ihres Aufenthalts auf dem Campingplatz <strong>das Museum des baskischen Kuchens<\/strong><\/h2>\n\n\n\n<p>Der baskische Kuchen ist ein echtes Symbol der lokalen Gastronomie und eine kulinarische Institution in der Region. Das Museum in <a href=\"https:\/\/www.en-pays-basque.fr\/territoires-et-destinations\/vallee-de-la-nivelle\/sare\/\" target=\"_blank\" rel=\"noreferrer noopener nofollow\">Sare<\/a> bietet Ihnen die M\u00f6glichkeit, in die Geschichte und die Geheimnisse der Herstellung dieses <strong>emblematischen Desserts<\/strong> <strong>einzutauchen<\/strong>, dessen Urspr\u00fcnge bis ins 19. <\/p>\n\n\n\n<p>Beginnen Sie mit einer F\u00fchrung mit einem echten, spezialisierten Konditormeister. Er wird Ihnen <g id=\"gid_0\">die Geschichte und den Ursprung<\/g> des traditionellen baskischen Kuchens erl\u00e4utern. Danach wird er Sie in alle Schritte und <strong>Geheimnisse dieses ber\u00fchmten Rezepts<\/strong> einf\u00fchren. Nicht zu vergessen die <g id=\"gid_2\">k\u00f6stliche Verkostung<\/g> am Ende des Besuchs. Gute Laune und Austausch sind die Schl\u00fcsselw\u00f6rter dieses Besuchs.    <\/p>\n\n\n\n<p>F\u00fcr angehende Konditoren k\u00f6nnen Sie an verschiedenen <strong>Workshops<\/strong> teilnehmen und selbst einen baskischen Kuchen backen. Der Chefkoch wird Ihnen <g id=\"gid_1\">alle<\/g> <g id=\"gid_2\">Tricks<\/g> und <g id=\"gid_1\">Kniffe<\/g> verraten, um das Rezept perfekt zu machen. Der baskische Kuchen wird kein Geheimnis mehr f\u00fcr Sie sein.  <\/p>\n\n\n\n<p>Nach der Besichtigung k\u00f6nnen Sie in der <strong>Bodega Tinka<\/strong>, einem einzigartigen und geselligen Ort, ein gutes Essen genie\u00dfen oder Ihren Durst l\u00f6schen, um die Entdeckung des Baskenlandes fortzusetzen.<\/p>\n<\/div>\n<\/div>\n<\/div>\n\n\n\n<div class=\"wp-block-columns is-layout-flex wp-container-core-columns-is-layout-28f84493 wp-block-columns-is-layout-flex\">\n<div class=\"wp-block-column is-layout-flow wp-block-column-is-layout-flow\">\n<div class=\"wp-block-group has-custom-ver-eau-clair-background-color has-background has-global-padding is-layout-constrained wp-container-core-group-is-layout-9597dc02 wp-block-group-is-layout-constrained\" style=\"border-radius:15px;padding-top:var(--wp--preset--spacing--10);padding-right:var(--wp--preset--spacing--10);padding-bottom:var(--wp--preset--spacing--10);padding-left:var(--wp--preset--spacing--10)\">\n<p class=\"has-text-align-center has-custom-vert-fonce-color has-text-color has-link-color wp-elements-4328c12aeeaa93cc1572180c5f97c2a7\" style=\"font-size:clamp(0.984rem, 0.984rem + ((1vw - 0.2rem) * 0.86), 1.5rem);font-style:normal;font-weight:500;text-transform:uppercase\">\u00d6ffnungszeiten<\/p>\n\n\n\n<p style=\"margin-bottom:0px\">16\/04 bis 02\/11 :<\/p>\n\n\n\n<ul style=\"margin-top:0px\" class=\"wp-block-list\">\n<li>Montag und Freitag: <strong>ganzt\u00e4gig ge\u00f6ffnet<\/strong><\/li>\n\n\n\n<li>Dienstag und Donnerstag: <strong>14.30-16.30 Uhr<\/strong><\/li>\n\n\n\n<li>Mittwoch: <strong>10.30-12.30 Uhr \/ 14.30-16.30 Uhr<\/strong><\/li>\n\n\n\n<li>Samstag und Sonntag: <strong>geschlossen<\/strong><\/li>\n<\/ul>\n<\/div>\n<\/div>\n\n\n\n<div class=\"wp-block-column middle is-layout-flow wp-block-column-is-layout-flow\" style=\"border-right-style:none;border-right-width:0px;border-left-style:none;border-left-width:0px;padding-right:var(--wp--preset--spacing--10);padding-left:var(--wp--preset--spacing--10)\">\n<div class=\"wp-block-group has-custom-ver-eau-clair-background-color has-background has-global-padding is-layout-constrained wp-container-core-group-is-layout-9597dc02 wp-block-group-is-layout-constrained\" style=\"border-radius:15px;padding-top:var(--wp--preset--spacing--10);padding-right:var(--wp--preset--spacing--10);padding-bottom:var(--wp--preset--spacing--10);padding-left:var(--wp--preset--spacing--10)\">\n<p class=\"has-text-align-center has-custom-vert-fonce-color has-text-color has-link-color wp-elements-35bcbb7d894f4d593d77af58fbcbe04f\" style=\"font-size:clamp(0.984rem, 0.984rem + ((1vw - 0.2rem) * 0.86), 1.5rem);font-style:normal;font-weight:500;text-transform:uppercase\">Preise und Reservierung<\/p>\n\n\n\n<p style=\"margin-bottom:0px\"><strong>Museum :<\/strong><\/p>\n\n\n\n<ul style=\"margin-top:0px\" class=\"wp-block-list\">\n<li>Kinder: <strong>7 \u20ac.<\/strong><\/li>\n\n\n\n<li>Erwachsene:<strong> 9 \u20ac.<\/strong><\/li>\n<\/ul>\n\n\n\n<p style=\"margin-bottom:0px\"><strong><strong>Die Workshops :<\/strong><\/strong><\/p>\n\n\n\n<ul style=\"margin-top:0px\" class=\"wp-block-list\">\n<li>Kinder (5 -12 Jahre, erwachsene Begleitperson zahlt): <strong>20 \u20ac<\/strong>.<\/li>\n\n\n\n<li>Nr. 1 (ab 8 Jahren): <strong>30 \u20ac<\/strong>.<\/li>\n\n\n\n<li>Vollst\u00e4ndig (12 Jahre und \u00e4lter): <strong>40 \u20ac.<\/strong><\/li>\n<\/ul>\n<\/div>\n<\/div>\n\n\n\n<div class=\"wp-block-column is-layout-flow wp-block-column-is-layout-flow\">\n<div class=\"wp-block-group has-custom-ver-eau-clair-background-color has-background has-global-padding is-layout-constrained wp-container-core-group-is-layout-9597dc02 wp-block-group-is-layout-constrained\" style=\"border-radius:15px;padding-top:var(--wp--preset--spacing--10);padding-right:var(--wp--preset--spacing--10);padding-bottom:var(--wp--preset--spacing--10);padding-left:var(--wp--preset--spacing--10)\">\n<p class=\"has-text-align-center has-custom-vert-fonce-color has-text-color has-link-color wp-elements-340362f66cb2f6e645535d632299e64a\" style=\"font-size:clamp(0.984rem, 0.984rem + ((1vw - 0.2rem) * 0.86), 1.5rem);font-style:normal;font-weight:500;text-transform:uppercase\">Die Pauschalen<\/p>\n\n\n\n<ul class=\"wp-block-list\">\n<li>Workshop Nr. 1 + Feinschmeckerteller: <strong>47 \u20ac.<\/strong><\/li>\n\n\n\n<li>Workshop Nr. 1 + s\u00fc\u00dfer Snack: <strong>39 \u20ac<\/strong>.<\/li>\n\n\n\n<li>Vollst\u00e4ndiger Workshop + Feinschmeckerteller&#8220;: <strong>56 \u20ac.<\/strong><\/li>\n\n\n\n<li>Gourmetpass &#8222;Entdeckungstour + Gourmetteller + Workshop Nr. 1&#8220;: <strong>55 \u20ac.<\/strong><\/li>\n<\/ul>\n<\/div>\n<\/div>\n<\/div>\n\n\n\n<p class=\"has-text-align-center gt-no-padding-mobile\" style=\"margin-top:0;margin-right:var(--wp--preset--spacing--60);margin-left:var(--wp--preset--spacing--60)\"><strong>Parkplatz:<\/strong> am Rande der Landstra\u00dfe 406, Zugang f\u00fcr Fu\u00dfg\u00e4nger.<\/p>\n\n\n\n<figure class=\"wp-block-image size-full is-resized\" style=\"margin-top:0px;margin-right:0px;margin-bottom:0px;margin-left:0px\"><img decoding=\"async\" width=\"464\" height=\"221\" src=\"https:\/\/www.camping-biper-gorri.com\/wp-content\/uploads\/2025\/08\/soleil.png\" alt=\"gorri pieper\" class=\"wp-image-188\" style=\"width:463.0675354003906px\" srcset=\"https:\/\/www.camping-biper-gorri.com\/wp-content\/uploads\/2025\/08\/soleil.png 464w, https:\/\/www.camping-biper-gorri.com\/wp-content\/uploads\/2025\/08\/soleil-300x143.png 300w\" sizes=\"(max-width: 464px) 100vw, 464px\" \/><\/figure>\n<\/div>\n<\/section>\n\n<section class=\"wp-block-group alignfull gt_1-cta-1photo_003 article is-layout-flow wp-block-group-is-layout-flow\" style=\"margin-top:0px;margin-bottom:0px;padding-bottom:153px\">\n<div class=\"wp-block-group has-global-padding is-layout-constrained wp-container-core-group-is-layout-c3c54179 wp-block-group-is-layout-constrained\" style=\"padding-bottom:101px\">\n<div class=\"wp-block-cover aligncenter has-custom-content-position is-position-bottom-center animated fadeIn\" style=\"min-height:70vh;aspect-ratio:unset;\"><img decoding=\"async\" width=\"1024\" height=\"436\" class=\"wp-block-cover__image-background wp-image-75746 size-large\" alt=\"sare pays basque\" src=\"https:\/\/www.camping-biper-gorri.com\/wp-content\/uploads\/2025\/10\/sare-pays-basque-1024x436.jpg\" data-object-fit=\"cover\" srcset=\"https:\/\/www.camping-biper-gorri.com\/wp-content\/uploads\/2025\/10\/sare-pays-basque-1024x436.jpg 1024w, https:\/\/www.camping-biper-gorri.com\/wp-content\/uploads\/2025\/10\/sare-pays-basque-300x128.jpg 300w, https:\/\/www.camping-biper-gorri.com\/wp-content\/uploads\/2025\/10\/sare-pays-basque-768x327.jpg 768w, https:\/\/www.camping-biper-gorri.com\/wp-content\/uploads\/2025\/10\/sare-pays-basque.jpg 1500w\" sizes=\"(max-width: 1024px) 100vw, 1024px\" \/><span aria-hidden=\"true\" class=\"wp-block-cover__background has-contrast-background-color has-background-dim-20 has-background-dim\"><\/span><div class=\"wp-block-cover__inner-container is-layout-flow wp-block-cover-is-layout-flow\">\n<div class=\"wp-block-group titre-deco is-vertical is-content-justification-center is-layout-flex wp-container-core-group-is-layout-ab6239d0 wp-block-group-is-layout-flex\" style=\"margin-bottom:0px\">\n<p class=\"has-text-align-center has-base-2-color has-text-color has-link-color has-olive-citrus-font-family wp-elements-9ac67dbb5d7599f6b3dab0ace56345b4\" style=\"font-size:clamp(3.615rem, 3.615rem + ((1vw - 0.2rem) * 6.475), 7.5rem);line-height:0.4\">Ausflug<\/p>\n\n\n\n<p class=\"has-text-align-center has-base-2-color has-text-color has-link-color has-boho-monoline-font-family wp-elements-ec67303eaa9e0fce8e32fbcbdf911859\" style=\"font-size:clamp(3.521rem, 3.521rem + ((1vw - 0.2rem) * 6.215), 7.25rem);line-height:0.86\">vorbereiten<\/p>\n<\/div>\n<\/div><\/div>\n<\/div>\n\n\n\n<div class=\"wp-block-group alignfull full-width has-global-padding is-layout-constrained wp-container-core-group-is-layout-8c8c9b81 wp-block-group-is-layout-constrained\" style=\"border-radius:0px;margin-top:0px;margin-right:0px;margin-bottom:0px;margin-left:0px;padding-top:0px;padding-right:var(--wp--preset--spacing--50);padding-bottom:0px;padding-left:var(--wp--preset--spacing--50)\">\n<h2 class=\"wp-block-heading has-text-align-center full-width has-text-color\" style=\"color:rgba(255,255,255,1)\"><strong>Wie k\u00f6nnen Sie Ihre Abreise <br\/>vom Campingplatz zum Baskischen Kuchenmuseum gut vorbereiten?<\/strong><\/h2>\n\n\n\n<div style=\"height:2rem\" aria-hidden=\"true\" class=\"wp-block-spacer gt-show-mobile\"><\/div>\n\n\n\n<p class=\"has-base-2-color has-text-color has-link-color wp-elements-0c69a77607cec53aa33a06be584cffa9\">Von unserem Campingplatz in der N\u00e4he des Museums des baskischen Kuchens aus k\u00f6nnen wir Ihnen <strong>einige Tipps geben<\/strong>, um Ihren Besuch zu optimieren:<\/p>\n\n\n\n<ul style=\"padding-left:var(--wp--preset--spacing--30)\" class=\"wp-block-list has-base-2-color has-text-color has-link-color wp-elements-2f47eba8b24b6d5c677d8c8d1b8790b1\">\n<li><strong>Notizblock<\/strong>: zum <strong>Notieren<\/strong> von Tipps und des Rezepts, das der Chefkoch verr\u00e4t<\/li>\n\n\n\n<li><strong>Fotoapparat<\/strong>: um Ihre Werkstatt und Ihre Arbeiten festzuhalten<\/li>\n\n\n\n<li><strong>Sonnenbrille und legere Kleidung<\/strong>: um die Terrasse der Bodega nach der Besichtigung zu genie\u00dfen.<\/li>\n\n\n\n<li><strong>Reservierung im Voraus<\/strong>: sehr empfehlenswert f\u00fcr die Workshops, die sehr beliebt sind.<\/li>\n<\/ul>\n\n\n\n<p class=\"has-base-2-color has-text-color has-link-color wp-elements-a29e99ffe1369d78f351870de9c0bcea\">Das Museum des Baskischen Kuchens garantiert Ihnen ein kulinarisches <strong>und geselliges Erlebnis<\/strong>, das Ihren Aufenthalt im Herzen des Baskenlandes bereichert.<\/p>\n<\/div>\n<\/section>\n","protected":false},"excerpt":{"rendered":"<p>W\u00e4hrend Ihres Aufenthalts auf unserem Campingplatz in Espelette k\u00f6nnen Sie das Museum des baskischen Kuchens besuchen und sich eine authentische Auszeit g\u00f6nnen. Unser Campingplatz liegt nur wenige Kilometer entfernt und ist ideal gelegen, damit Sie diese Hochburg der baskischen Konditorei entdecken k\u00f6nnen. Entdecken Sie w\u00e4hrend Ihres Aufenthalts auf dem Campingplatz das Museum des baskischen Kuchens [&hellip;]<\/p>\n","protected":false},"author":1,"featured_media":75733,"comment_status":"closed","ping_status":"closed","sticky":false,"template":"","format":"standard","meta":{"_acf_changed":false,"_seopress_robots_primary_cat":"none","_seopress_titles_title":"Besuchen Sie das Museum des baskischen Kuchens in Sare Baskenland","_seopress_titles_desc":"Tauchen Sie im Museum von Sare in die Geschichte des baskischen Kuchens ein: F\u00fchrungen, Vorf\u00fchrungen in der rekonstruierten K\u00fcche, Verkostungen und spielerische Workshops f\u00fcr Gro\u00df und Klein.","_seopress_robots_index":"","inline_featured_image":false,"gt_fse_maillage_image":"https:\/\/www.camping-biper-gorri.com\/wp-content\/uploads\/2025\/10\/visite-musee-gateau-basque-sare-cta.jpg","gt_fse_maillage_titre":"Museum des baskischen Kuchens","gt_fse_maillage_alt":"Besuch des baskischen Kuchenmuseums Sare","gt_fse_maillage_resume":"","footnotes":""},"categories":[60],"tags":[79],"class_list":["post-88376","post","type-post","status-publish","format-standard","has-post-thumbnail","hentry","category-orte","tag-museen"],"acf":[],"_links":{"self":[{"href":"https:\/\/www.camping-biper-gorri.com\/de\/wp-json\/wp\/v2\/posts\/88376","targetHints":{"allow":["GET"]}}],"collection":[{"href":"https:\/\/www.camping-biper-gorri.com\/de\/wp-json\/wp\/v2\/posts"}],"about":[{"href":"https:\/\/www.camping-biper-gorri.com\/de\/wp-json\/wp\/v2\/types\/post"}],"author":[{"embeddable":true,"href":"https:\/\/www.camping-biper-gorri.com\/de\/wp-json\/wp\/v2\/users\/1"}],"replies":[{"embeddable":true,"href":"https:\/\/www.camping-biper-gorri.com\/de\/wp-json\/wp\/v2\/comments?post=88376"}],"version-history":[{"count":3,"href":"https:\/\/www.camping-biper-gorri.com\/de\/wp-json\/wp\/v2\/posts\/88376\/revisions"}],"predecessor-version":[{"id":90664,"href":"https:\/\/www.camping-biper-gorri.com\/de\/wp-json\/wp\/v2\/posts\/88376\/revisions\/90664"}],"wp:featuredmedia":[{"embeddable":true,"href":"https:\/\/www.camping-biper-gorri.com\/de\/wp-json\/wp\/v2\/media\/75733"}],"wp:attachment":[{"href":"https:\/\/www.camping-biper-gorri.com\/de\/wp-json\/wp\/v2\/media?parent=88376"}],"wp:term":[{"taxonomy":"category","embeddable":true,"href":"https:\/\/www.camping-biper-gorri.com\/de\/wp-json\/wp\/v2\/categories?post=88376"},{"taxonomy":"post_tag","embeddable":true,"href":"https:\/\/www.camping-biper-gorri.com\/de\/wp-json\/wp\/v2\/tags?post=88376"}],"curies":[{"name":"wp","href":"https:\/\/api.w.org\/{rel}","templated":true}]}}