{"id":88361,"date":"2025-10-07T08:01:20","date_gmt":"2025-10-07T08:01:20","guid":{"rendered":"https:\/\/www.camping-biper-gorri.com\/nicht-kategorisiert\/tourisme-plages-biarritz\/"},"modified":"2025-10-31T09:17:11","modified_gmt":"2025-10-31T09:17:11","slug":"biarritz-straende-tourismus","status":"publish","type":"post","link":"https:\/\/www.camping-biper-gorri.com\/de\/orte\/biarritz-straende-tourismus\/","title":{"rendered":"Die sch\u00f6nsten Str\u00e4nde von Biarritz"},"content":{"rendered":"\n<section class=\"wp-block-group alignfull gt_2-cta_007__bis article has-global-padding is-layout-constrained wp-container-core-group-is-layout-8f482fdf wp-block-group-is-layout-constrained\" style=\"margin-top:0px;margin-bottom:0px;padding-top:var(--wp--preset--spacing--10)\">\n<div class=\"wp-block-group alignfull full-width is-vertical is-content-justification-center is-nowrap is-layout-flex wp-container-core-group-is-layout-810f5976 wp-block-group-is-layout-flex\" style=\"border-radius:0px;margin-top:0px;margin-right:0px;margin-bottom:0px;margin-left:0px;padding-top:0px;padding-right:0;padding-bottom:0px;padding-left:0\">\n<p class=\"has-text-align-center\">Nutzen Sie Ihren Aufenthalt auf unserem <a href=\"https:\/\/www.camping-biper-gorri.com\/de\/\">Campingplatz in Espelette<\/a>, um die <strong>sch\u00f6nsten Str\u00e4nde von Biarritz<\/strong> zu entdecken. Dank der privilegierten Lage unseres Campingplatzes in der N\u00e4he der Str\u00e4nde von Biarritz sind Sie in <strong>weniger als 40 Minuten<\/strong> an diesem Juwel der baskischen K\u00fcste, wo unber\u00fchrte Natur, Surfen und Entspannung zum Alltag geh\u00f6ren.<\/p>\n\n\n\n<div class=\"wp-block-columns alignwide is-layout-flex wp-container-core-columns-is-layout-93fef87a wp-block-columns-is-layout-flex\" style=\"border-radius:0px;margin-top:0px;margin-right:0px;margin-bottom:0px;margin-left:0px;padding-top:0px;padding-right:0px;padding-bottom:0px;padding-left:0px\">\n<div class=\"wp-block-column is-vertically-aligned-top two-images is-layout-flow wp-block-column-is-layout-flow\" style=\"flex-basis:55%\">\n<div data-swiper=\"{&quot;speed&quot;:400,&quot;spaceBetween&quot;:16,&quot;slidesPerView&quot;:1,&quot;createElements&quot;:true,&quot;loop&quot;:true,&quot;navigation&quot;:{&quot;nextEl&quot;:null,&quot;prevEl&quot;:null},&quot;pagination&quot;:{&quot;el&quot;:&quot;.swiper-pagination&quot;,&quot;dynamicBullets&quot;:false,&quot;clickable&quot;:true},&quot;breakpoints&quot;:[{&quot;slidesPerView&quot;:1}],&quot;direction&quot;:&quot;vertical&quot;,&quot;freeMode&quot;:false,&quot;autoplay&quot;:true,&quot;delay&quot;:2000}\" id=\"slider-first\" class=\"wp-block-group animated fadeIn gt-is-slider gt-is-slider-desktop is-layout-grid wp-container-core-group-is-layout-478b6e6b wp-block-group-is-layout-grid\">\n<figure class=\"wp-block-image aligncenter size-full\"><img decoding=\"async\" width=\"967\" height=\"655\" src=\"https:\/\/www.camping-biper-gorri.com\/wp-content\/uploads\/2025\/10\/la-grande-plage-de-biarritz.jpg\" alt=\"der gro&#xDF;e Strand von Biarritz\" class=\"wp-image-71469\" srcset=\"https:\/\/www.camping-biper-gorri.com\/wp-content\/uploads\/2025\/10\/la-grande-plage-de-biarritz.jpg 967w, https:\/\/www.camping-biper-gorri.com\/wp-content\/uploads\/2025\/10\/la-grande-plage-de-biarritz-300x203.jpg 300w, https:\/\/www.camping-biper-gorri.com\/wp-content\/uploads\/2025\/10\/la-grande-plage-de-biarritz-768x520.jpg 768w\" sizes=\"(max-width: 967px) 100vw, 967px\" \/><\/figure>\n\n\n\n<figure class=\"wp-block-image size-full\"><img decoding=\"async\" width=\"967\" height=\"655\" src=\"https:\/\/www.camping-biper-gorri.com\/wp-content\/uploads\/2025\/10\/plage-du-port-vieux-de-biarritz.jpg\" alt=\"Strand am alten Hafen von Biarritz\" class=\"wp-image-71474\" style=\"object-fit:cover\" srcset=\"https:\/\/www.camping-biper-gorri.com\/wp-content\/uploads\/2025\/10\/plage-du-port-vieux-de-biarritz.jpg 967w, https:\/\/www.camping-biper-gorri.com\/wp-content\/uploads\/2025\/10\/plage-du-port-vieux-de-biarritz-300x203.jpg 300w, https:\/\/www.camping-biper-gorri.com\/wp-content\/uploads\/2025\/10\/plage-du-port-vieux-de-biarritz-768x520.jpg 768w\" sizes=\"(max-width: 967px) 100vw, 967px\" \/><\/figure>\n\n\n\n<figure class=\"wp-block-image size-full\"><img decoding=\"async\" width=\"967\" height=\"655\" src=\"https:\/\/www.camping-biper-gorri.com\/wp-content\/uploads\/2025\/10\/cote-des-basques-a-biarritz.jpg\" alt=\"Baskenk&#xFC;ste in Biarritz\" class=\"wp-image-71479\" style=\"object-fit:cover\" srcset=\"https:\/\/www.camping-biper-gorri.com\/wp-content\/uploads\/2025\/10\/cote-des-basques-a-biarritz.jpg 967w, https:\/\/www.camping-biper-gorri.com\/wp-content\/uploads\/2025\/10\/cote-des-basques-a-biarritz-300x203.jpg 300w, https:\/\/www.camping-biper-gorri.com\/wp-content\/uploads\/2025\/10\/cote-des-basques-a-biarritz-768x520.jpg 768w\" sizes=\"(max-width: 967px) 100vw, 967px\" \/><\/figure>\n<\/div>\n<\/div>\n\n\n\n<div class=\"wp-block-column is-vertically-aligned-center is-layout-flow wp-block-column-is-layout-flow\" style=\"flex-basis:45%\">\n<div class=\"wp-block-group has-global-padding is-content-justification-left is-layout-constrained wp-container-core-group-is-layout-1c1e5e78 wp-block-group-is-layout-constrained\" style=\"margin-top:0px;margin-right:0px;margin-bottom:0px;margin-left:0px\">\n<h2 class=\"wp-block-heading\"><strong>Entdecken Sie die Str\u00e4nde von Biarritz<\/strong> <br\/>w\u00e4hrend Ihres Aufenthaltes auf dem Campingplatz<\/h2>\n\n\n\n<p>Die Str\u00e4nde von Biarritz: ein Schmuckk\u00e4stchen der Sch\u00f6nheit zwischen Meer und Bergen.<\/p>\n\n\n\n<p><a href=\"https:\/\/www.camping-biper-gorri.com\/de\/orte\/biarritz-tourismus\/\">Biarritz<\/a>, das Juwel der baskischen K\u00fcste, ist ber\u00fchmt f\u00fcr seine herrlichen Str\u00e4nde, die <strong>Sonnenanbeter<\/strong>, <strong>Surfer<\/strong> und <strong>Erholungssuchende<\/strong> anlocken.<\/p>\n\n\n    <div id=\"gt-fse-lire-plus-69f34e58387a5\" class=\"gt-fse-lire-plus\" data-min-height=\"130\" style=\"background-color: #f9f9f9;\">\n        <input id=\"gt-fse-lire-plus-69f34e58387a5-toggle\" type=\"checkbox\" class=\"gt-fse-lire-plus__toggle\" \/>\n        <label for=\"gt-fse-lire-plus-69f34e58387a5-toggle\" class=\"gt-fse-lire-plus__toggle-label\">\n            <span>Mehr lesen<\/span>\n            <span>Weniger lesen<\/span>\n        <\/label>\n        <div class=\"gt-fse-lire-plus__content\" style=\"height: 130px;\">\n            \n\n<ul style=\"padding-left:var(--wp--preset--spacing--30)\" class=\"wp-block-list\">\n<li><a href=\"https:\/\/www.biarritz.fr\/cadre-de-vie-bizi-ingurunea\/plages\/grande-plage\" target=\"_blank\" rel=\"noreferrer noopener nofollow\">Gro\u00dfer<\/a> Strand: Dieser Hauptstrand erstreckt sich \u00fcber eine breite Fl\u00e4che mit goldenem Sand und ist von wundersch\u00f6nen Belle \u00c9poque Geb\u00e4uden umgeben. Es ist der ideale Ort, um in der Sonne zu liegen oder ein Bad in den Wellen des Atlantiks zu genie\u00dfen.<\/li>\n\n\n\n<li><a href=\"https:\/\/www.biarritz.fr\/cadre-de-vie-bizi-ingurunea\/plages\/port-vieux\" target=\"_blank\" rel=\"noreferrer noopener nofollow\">Plage du Port-Vieux<\/a>: Dieser Strand ist intimer und bietet eine friedliche Umgebung, ideal f\u00fcr Familien. Das ruhige Wasser ist ideal f\u00fcr Kinder und weniger ge\u00fcbte Schwimmer. Die kleinen Terrassencaf\u00e9s entlang des Strandes laden zu einem Drink ein, w\u00e4hrend Sie das Panorama genie\u00dfen.<\/li>\n\n\n\n<li><a href=\"https:\/\/www.biarritz.fr\/cadre-de-vie-bizi-ingurunea\/plages\/cote-des-basques\" target=\"_blank\" rel=\"noreferrer noopener nofollow\">C\u00f4te des Basques<\/a>: Ber\u00fchmt f\u00fcr seine starken Wellen, ist dieser Strand ein Muss f\u00fcr Surf-Fans und zieht Liebhaber aller Niveaus an. Die Aussicht auf die Klippen und die Stadt, besonders bei Sonnenuntergang, ist atemberaubend.<\/li>\n<\/ul>\n\n\n\n<p>Die Str\u00e4nde von Biarritz sind nicht nur wegen ihrer nat\u00fcrlichen Sch\u00f6nheit beliebt. Sie bieten auch eine <strong>Vielzahl von Aktivit\u00e4ten<\/strong>: Beachvolleyball, Surfkurse und kulturelle Veranstaltungen und Konzerte im Sommer, die eine <strong>festliche und freundliche Atmosph\u00e4re<\/strong> schaffen. <\/p>\n\n\n\n<p>Zusammenfassend l\u00e4sst sich sagen, dass die Str\u00e4nde von Biarritz die perfekte Mischung aus Natur und Aktivit\u00e4ten sind, was diesen Ort zu einem Muss macht, um den Ozean und die Sonne in einer <strong>au\u00dfergew\u00f6hnlichen Umgebung<\/strong> zu genie\u00dfen.<\/p>\n\n            <div class=\"gt-fse-lire-plus__gradient\" style=\"background: linear-gradient(to bottom,rgba(249,249,249,0) 0%,rgba(249,249,249,1) 100%);\"><\/div>\n        <\/div>\n    <\/div>\n    <\/div>\n<\/div>\n<\/div>\n\n\n\n<div class=\"wp-block-columns alignwide is-layout-flex wp-container-core-columns-is-layout-93fef87a wp-block-columns-is-layout-flex\" style=\"border-radius:0px;margin-top:0px;margin-right:0px;margin-bottom:0px;margin-left:0px;padding-top:0px;padding-right:0px;padding-bottom:0px;padding-left:0px\">\n<div class=\"wp-block-column is-vertically-aligned-center is-layout-flow wp-block-column-is-layout-flow\" style=\"flex-basis:45%\">\n<div class=\"wp-block-group has-global-padding is-content-justification-left is-layout-constrained wp-container-core-group-is-layout-1c1e5e78 wp-block-group-is-layout-constrained\" style=\"margin-top:0px;margin-right:0px;margin-bottom:0px;margin-left:0px\">\n<h2 class=\"wp-block-heading\">Parken in Biarritz<\/h2>\n\n\n\n<p>Um die Str\u00e4nde leicht zu erreichen, bieten sich folgende Parkm\u00f6glichkeiten an:<\/p>\n\n\n\n<ul style=\"padding-left:var(--wp--preset--spacing--30)\" class=\"wp-block-list\">\n<li><strong>Parkplatz am Grande Plage<\/strong>: in unmittelbarer N\u00e4he, ideal f\u00fcr einen schnellen Zugang. Geb\u00fchr: ca. 2,50 \u20ac pro Stunde. <\/li>\n\n\n\n<li><strong>Parkplatz C\u00f4te des Basques<\/strong>: Dieser Parkplatz ist ideal f\u00fcr Surfer und liegt ebenfalls in der N\u00e4he des Strandes. Geb\u00fchr: ca. 2,50 EUR pro Stunde. <\/li>\n\n\n\n<li><strong>Tiefgarage Atalaye<\/strong>: etwas weiter entfernt, aber mit Zugang zum Stadtzentrum und den Str\u00e4nden. Geb\u00fchr: ca. 1,50 \u20ac pro Stunde. <\/li>\n<\/ul>\n\n\n\n<p>Denken Sie daran, die <strong>Verf\u00fcgbarkeit<\/strong> von Parkpl\u00e4tzen zu \u00fcberpr\u00fcfen, besonders im Sommer, und planen Sie etwas Zeit f\u00fcr die Parkplatzsuche ein. Viel Spa\u00df beim Baden! <\/p>\n<\/div>\n<\/div>\n\n\n\n<div class=\"wp-block-column is-vertically-aligned-top two-images is-layout-flow wp-block-column-is-layout-flow\" style=\"flex-basis:55%\">\n<div class=\"wp-block-group is-content-justification-center is-nowrap is-layout-flex wp-container-core-group-is-layout-d019b8d0 wp-block-group-is-layout-flex\" style=\"margin-top:0px;margin-right:0px;margin-bottom:0px;margin-left:0px\">\n<figure class=\"wp-block-image aligncenter size-full\"><img decoding=\"async\" width=\"967\" height=\"655\" src=\"https:\/\/www.camping-biper-gorri.com\/wp-content\/uploads\/2025\/10\/stationnement-a-biarritz.jpg\" alt=\"Parken in Biarritz\" class=\"wp-image-71484\" srcset=\"https:\/\/www.camping-biper-gorri.com\/wp-content\/uploads\/2025\/10\/stationnement-a-biarritz.jpg 967w, https:\/\/www.camping-biper-gorri.com\/wp-content\/uploads\/2025\/10\/stationnement-a-biarritz-300x203.jpg 300w, https:\/\/www.camping-biper-gorri.com\/wp-content\/uploads\/2025\/10\/stationnement-a-biarritz-768x520.jpg 768w\" sizes=\"(max-width: 967px) 100vw, 967px\" \/><\/figure>\n<\/div>\n<\/div>\n<\/div>\n\n\n\n<figure class=\"wp-block-image size-full is-resized\" style=\"margin-top:0px;margin-right:0px;margin-bottom:0px;margin-left:0px\"><img decoding=\"async\" width=\"464\" height=\"221\" src=\"https:\/\/www.camping-biper-gorri.com\/wp-content\/uploads\/2025\/08\/soleil.png\" alt=\"gorri pieper\" class=\"wp-image-188\" style=\"width:463.0675354003906px\" srcset=\"https:\/\/www.camping-biper-gorri.com\/wp-content\/uploads\/2025\/08\/soleil.png 464w, https:\/\/www.camping-biper-gorri.com\/wp-content\/uploads\/2025\/08\/soleil-300x143.png 300w\" sizes=\"(max-width: 464px) 100vw, 464px\" \/><\/figure>\n<\/div>\n<\/section>\n\n<section class=\"wp-block-group alignfull gt_1-cta-1photo_003 article is-layout-flow wp-block-group-is-layout-flow\" style=\"margin-top:0px;margin-bottom:0px;padding-bottom:153px\">\n<div class=\"wp-block-group has-global-padding is-layout-constrained wp-container-core-group-is-layout-c3c54179 wp-block-group-is-layout-constrained\" style=\"padding-bottom:101px\">\n<div class=\"wp-block-cover aligncenter has-custom-content-position is-position-bottom-center animated fadeIn\" style=\"min-height:70vh;aspect-ratio:unset;\"><img decoding=\"async\" width=\"1024\" height=\"436\" class=\"wp-block-cover__image-background wp-image-71489 size-large\" alt=\"comment bien preparer son depart pour biarritz depuis le camping\" src=\"https:\/\/www.camping-biper-gorri.com\/wp-content\/uploads\/2025\/10\/comment-bien-preparer-son-depart-pour-biarritz-depuis-le-camping-1024x436.jpg\" data-object-fit=\"cover\" srcset=\"https:\/\/www.camping-biper-gorri.com\/wp-content\/uploads\/2025\/10\/comment-bien-preparer-son-depart-pour-biarritz-depuis-le-camping-1024x436.jpg 1024w, https:\/\/www.camping-biper-gorri.com\/wp-content\/uploads\/2025\/10\/comment-bien-preparer-son-depart-pour-biarritz-depuis-le-camping-300x128.jpg 300w, https:\/\/www.camping-biper-gorri.com\/wp-content\/uploads\/2025\/10\/comment-bien-preparer-son-depart-pour-biarritz-depuis-le-camping-768x327.jpg 768w, https:\/\/www.camping-biper-gorri.com\/wp-content\/uploads\/2025\/10\/comment-bien-preparer-son-depart-pour-biarritz-depuis-le-camping.jpg 1500w\" sizes=\"(max-width: 1024px) 100vw, 1024px\" \/><span aria-hidden=\"true\" class=\"wp-block-cover__background has-contrast-background-color has-background-dim-10 has-background-dim\"><\/span><div class=\"wp-block-cover__inner-container is-layout-flow wp-block-cover-is-layout-flow\">\n<div class=\"wp-block-group titre-deco is-vertical is-content-justification-center is-layout-flex wp-container-core-group-is-layout-ab6239d0 wp-block-group-is-layout-flex\" style=\"margin-bottom:0px\">\n<p class=\"has-text-align-center has-base-2-color has-text-color has-link-color has-olive-citrus-font-family wp-elements-9ac67dbb5d7599f6b3dab0ace56345b4\" style=\"font-size:clamp(3.615rem, 3.615rem + ((1vw - 0.2rem) * 6.475), 7.5rem);line-height:0.4\">Ausflug<\/p>\n\n\n\n<p class=\"has-text-align-center has-base-2-color has-text-color has-link-color has-boho-monoline-font-family wp-elements-ec67303eaa9e0fce8e32fbcbdf911859\" style=\"font-size:clamp(3.521rem, 3.521rem + ((1vw - 0.2rem) * 6.215), 7.25rem);line-height:0.86\">vorbereiten<\/p>\n<\/div>\n<\/div><\/div>\n<\/div>\n\n\n\n<div class=\"wp-block-group alignfull full-width has-global-padding is-layout-constrained wp-container-core-group-is-layout-8c8c9b81 wp-block-group-is-layout-constrained\" style=\"border-radius:0px;margin-top:0px;margin-right:0px;margin-bottom:0px;margin-left:0px;padding-top:0px;padding-right:var(--wp--preset--spacing--50);padding-bottom:0px;padding-left:var(--wp--preset--spacing--50)\">\n<h2 class=\"wp-block-heading has-text-align-center full-width has-text-color\" style=\"color:rgba(255,255,255,1)\"><strong>Wie k\u00f6nnen Sie Ihre Abreise <br\/>nach Biarritz vom Campingplatz aus gut vorbereiten?<\/strong><br\/><\/h2>\n\n\n\n<p class=\"has-base-2-color has-text-color has-link-color wp-elements-37e01211bffc036c439b42cd97c84138\">Bevor Sie von unserem Campingplatz in der N\u00e4he der Str\u00e4nde von Biarritz abreisen, denken Sie bitte an die Vorbereitung :<\/p>\n\n\n\n<ul style=\"padding-left:var(--wp--preset--spacing--30)\" class=\"wp-block-list has-base-2-color has-text-color has-link-color wp-elements-4e5350d7fffeed8ea2d1d4e71fde19ae\">\n<li><strong>Strandt\u00fccher<\/strong><\/li>\n\n\n\n<li><strong>Sonnencreme (hoher Lichtschutzfaktor)<\/strong><\/li>\n\n\n\n<li><strong>H\u00fcte oder M\u00fctzen<\/strong><\/li>\n\n\n\n<li><strong>Sonnenbrille<\/strong><\/li>\n\n\n\n<li><strong>Badeanz\u00fcge<\/strong><\/li>\n\n\n\n<li><strong>fr\u00fchzeitig anreisen, um einen Parkplatz zu finden<\/strong><\/li>\n<\/ul>\n\n\n\n<p class=\"has-base-2-color has-text-color has-link-color wp-elements-21afae4e182aeff12a2528813c93b3ab\">Biarritz verspricht Ihnen unvergessliche Momente zwischen <strong>Schwimmen<\/strong>, <strong>Wassersport<\/strong>, <strong>gastronomischen Entdeckungen<\/strong> und atemberaubenden <strong>Landschaften<\/strong>.<\/p>\n<\/div>\n<\/section>\n","protected":false},"excerpt":{"rendered":"<p>Nutzen Sie Ihren Aufenthalt auf unserem Campingplatz in Espelette, um die sch\u00f6nsten Str\u00e4nde von Biarritz zu entdecken. Dank der privilegierten Lage unseres Campingplatzes in der N\u00e4he der Str\u00e4nde von Biarritz sind Sie in weniger als 40 Minuten an diesem Juwel der baskischen K\u00fcste, wo unber\u00fchrte Natur, Surfen und Entspannung zum Alltag geh\u00f6ren. Entdecken Sie die [&hellip;]<\/p>\n","protected":false},"author":1,"featured_media":71462,"comment_status":"closed","ping_status":"closed","sticky":false,"template":"","format":"standard","meta":{"_acf_changed":false,"_seopress_robots_primary_cat":"none","_seopress_titles_title":"Die sch\u00f6nsten Str\u00e4nde von Biarritz I Str\u00e4nde Biarritz 64","_seopress_titles_desc":"Biarritz, das Juwel der baskischen K\u00fcste, ist f\u00fcr seine herrlichen Str\u00e4nde bekannt, die Sonnenanbeter, Surfer und Erholungssuchende anlocken. Der Hauptstrand, der Grande Plage, erstreckt sich \u00fcber einen breiten Bereich mit goldenem Sand und ist von wundersch\u00f6nen Belle \u00c9poque Geb\u00e4uden umgeben. Er ist der ideale Ort, um in der Sonne zu liegen oder in den Wellen des Atlantiks zu schwimmen.  ","_seopress_robots_index":"","inline_featured_image":false,"gt_fse_maillage_image":"https:\/\/www.camping-biper-gorri.com\/wp-content\/uploads\/2025\/10\/tourisme-plages-biarritz-cta.jpg","gt_fse_maillage_titre":"Str\u00e4nde Biarritz","gt_fse_maillage_alt":"Tourismus Str\u00e4nde Biarritz","gt_fse_maillage_resume":"","footnotes":""},"categories":[60],"tags":[82],"class_list":["post-88361","post","type-post","status-publish","format-standard","has-post-thumbnail","hentry","category-orte","tag-strande"],"acf":[],"_links":{"self":[{"href":"https:\/\/www.camping-biper-gorri.com\/de\/wp-json\/wp\/v2\/posts\/88361","targetHints":{"allow":["GET"]}}],"collection":[{"href":"https:\/\/www.camping-biper-gorri.com\/de\/wp-json\/wp\/v2\/posts"}],"about":[{"href":"https:\/\/www.camping-biper-gorri.com\/de\/wp-json\/wp\/v2\/types\/post"}],"author":[{"embeddable":true,"href":"https:\/\/www.camping-biper-gorri.com\/de\/wp-json\/wp\/v2\/users\/1"}],"replies":[{"embeddable":true,"href":"https:\/\/www.camping-biper-gorri.com\/de\/wp-json\/wp\/v2\/comments?post=88361"}],"version-history":[{"count":3,"href":"https:\/\/www.camping-biper-gorri.com\/de\/wp-json\/wp\/v2\/posts\/88361\/revisions"}],"predecessor-version":[{"id":90152,"href":"https:\/\/www.camping-biper-gorri.com\/de\/wp-json\/wp\/v2\/posts\/88361\/revisions\/90152"}],"wp:featuredmedia":[{"embeddable":true,"href":"https:\/\/www.camping-biper-gorri.com\/de\/wp-json\/wp\/v2\/media\/71462"}],"wp:attachment":[{"href":"https:\/\/www.camping-biper-gorri.com\/de\/wp-json\/wp\/v2\/media?parent=88361"}],"wp:term":[{"taxonomy":"category","embeddable":true,"href":"https:\/\/www.camping-biper-gorri.com\/de\/wp-json\/wp\/v2\/categories?post=88361"},{"taxonomy":"post_tag","embeddable":true,"href":"https:\/\/www.camping-biper-gorri.com\/de\/wp-json\/wp\/v2\/tags?post=88361"}],"curies":[{"name":"wp","href":"https:\/\/api.w.org\/{rel}","templated":true}]}}