{"id":88349,"date":"2025-10-07T07:57:05","date_gmt":"2025-10-07T07:57:05","guid":{"rendered":"https:\/\/www.camping-biper-gorri.com\/nicht-kategorisiert\/tourisme-san-sebastian\/"},"modified":"2025-10-31T09:13:20","modified_gmt":"2025-10-31T09:13:20","slug":"san-sebastian-tourismus","status":"publish","type":"post","link":"https:\/\/www.camping-biper-gorri.com\/de\/orte\/san-sebastian-tourismus\/","title":{"rendered":"Top-Aktivit\u00e4ten in San Sebasti\u00e1n, die Sie nicht verpassen sollten"},"content":{"rendered":"\n<section class=\"wp-block-group alignfull gt_2-cta_007__bis article has-global-padding is-layout-constrained wp-container-core-group-is-layout-8f482fdf wp-block-group-is-layout-constrained\" style=\"margin-top:0px;margin-bottom:0px;padding-top:var(--wp--preset--spacing--10)\">\n<div class=\"wp-block-group alignfull full-width is-vertical is-content-justification-center is-nowrap is-layout-flex wp-container-core-group-is-layout-810f5976 wp-block-group-is-layout-flex\" style=\"border-radius:0px;margin-top:0px;margin-right:0px;margin-bottom:0px;margin-left:0px;padding-top:0px;padding-right:0;padding-bottom:0px;padding-left:0\">\n<p class=\"has-text-align-center\">Ein Aufenthalt auf unserem <a href=\"https:\/\/www.camping-biper-gorri.com\/de\/\">Campingplatz in Espelette<\/a> ist die perfekte Gelegenheit, um San Sebasti\u00e1n, die <strong>Perle der spanischen Baskenk\u00fcste<\/strong>, zu erkunden. Dank der idealen Lage unserer Unterkunft k\u00f6nnen Sie <a href=\"https:\/\/www.guide-du-paysbasque.com\/en\/experiences\/weekend-et-holidays\/article-top-10-things-to-do-in-san-sebastian-342.html\" target=\"_blank\" rel=\"noreferrer noopener nofollow\">San Sebasti\u00e1n<\/a> leicht erkunden und seinen <strong>einzigartigen Charme<\/strong> genie\u00dfen.<\/p>\n\n\n\n<div class=\"wp-block-columns alignwide is-layout-flex wp-container-core-columns-is-layout-93fef87a wp-block-columns-is-layout-flex\" style=\"border-radius:0px;margin-top:0px;margin-right:0px;margin-bottom:0px;margin-left:0px;padding-top:0px;padding-right:0px;padding-bottom:0px;padding-left:0px\">\n<div class=\"wp-block-column is-vertically-aligned-top two-images is-layout-flow wp-block-column-is-layout-flow\" style=\"flex-basis:55%\">\n<div data-swiper=\"{&quot;speed&quot;:400,&quot;spaceBetween&quot;:16,&quot;slidesPerView&quot;:1,&quot;createElements&quot;:true,&quot;loop&quot;:true,&quot;navigation&quot;:{&quot;nextEl&quot;:null,&quot;prevEl&quot;:null},&quot;pagination&quot;:{&quot;el&quot;:&quot;.swiper-pagination&quot;,&quot;dynamicBullets&quot;:false,&quot;clickable&quot;:true},&quot;breakpoints&quot;:[{&quot;slidesPerView&quot;:1}],&quot;direction&quot;:&quot;vertical&quot;,&quot;freeMode&quot;:false,&quot;autoplay&quot;:true,&quot;delay&quot;:2000}\" id=\"slider-first\" class=\"wp-block-group animated fadeIn gt-is-slider gt-is-slider-desktop is-layout-grid wp-container-core-group-is-layout-478b6e6b wp-block-group-is-layout-grid\">\n<figure class=\"wp-block-image aligncenter size-full\"><img decoding=\"async\" width=\"967\" height=\"655\" src=\"https:\/\/www.camping-biper-gorri.com\/wp-content\/uploads\/2025\/10\/top-des-activites-incontournables-de-san-sebastian.jpg\" alt=\"Top-Aktivit&#xE4;ten in San Sebastian, die Sie nicht verpassen sollten\" class=\"wp-image-71361\" srcset=\"https:\/\/www.camping-biper-gorri.com\/wp-content\/uploads\/2025\/10\/top-des-activites-incontournables-de-san-sebastian.jpg 967w, https:\/\/www.camping-biper-gorri.com\/wp-content\/uploads\/2025\/10\/top-des-activites-incontournables-de-san-sebastian-300x203.jpg 300w, https:\/\/www.camping-biper-gorri.com\/wp-content\/uploads\/2025\/10\/top-des-activites-incontournables-de-san-sebastian-768x520.jpg 768w\" sizes=\"(max-width: 967px) 100vw, 967px\" \/><\/figure>\n\n\n\n<figure class=\"wp-block-image size-full\"><img decoding=\"async\" width=\"967\" height=\"655\" src=\"https:\/\/www.camping-biper-gorri.com\/wp-content\/uploads\/2025\/10\/la-baie-de-la-concha.jpg\" alt=\"die Bucht von La Concha\" class=\"wp-image-71367\" style=\"object-fit:cover\" srcset=\"https:\/\/www.camping-biper-gorri.com\/wp-content\/uploads\/2025\/10\/la-baie-de-la-concha.jpg 967w, https:\/\/www.camping-biper-gorri.com\/wp-content\/uploads\/2025\/10\/la-baie-de-la-concha-300x203.jpg 300w, https:\/\/www.camping-biper-gorri.com\/wp-content\/uploads\/2025\/10\/la-baie-de-la-concha-768x520.jpg 768w\" sizes=\"(max-width: 967px) 100vw, 967px\" \/><\/figure>\n\n\n\n<figure class=\"wp-block-image size-full\"><img decoding=\"async\" width=\"967\" height=\"655\" src=\"https:\/\/www.camping-biper-gorri.com\/wp-content\/uploads\/2025\/10\/sports-nautiques-plage-de-zurriola.jpg\" alt=\"Wassersport Strand von Zurriola\" class=\"wp-image-71372\" style=\"object-fit:cover\" srcset=\"https:\/\/www.camping-biper-gorri.com\/wp-content\/uploads\/2025\/10\/sports-nautiques-plage-de-zurriola.jpg 967w, https:\/\/www.camping-biper-gorri.com\/wp-content\/uploads\/2025\/10\/sports-nautiques-plage-de-zurriola-300x203.jpg 300w, https:\/\/www.camping-biper-gorri.com\/wp-content\/uploads\/2025\/10\/sports-nautiques-plage-de-zurriola-768x520.jpg 768w\" sizes=\"(max-width: 967px) 100vw, 967px\" \/><\/figure>\n<\/div>\n<\/div>\n\n\n\n<div class=\"wp-block-column is-vertically-aligned-center is-layout-flow wp-block-column-is-layout-flow\" style=\"flex-basis:45%\">\n<div class=\"wp-block-group has-global-padding is-content-justification-left is-layout-constrained wp-container-core-group-is-layout-1c1e5e78 wp-block-group-is-layout-constrained\" style=\"margin-top:0px;margin-right:0px;margin-bottom:0px;margin-left:0px\">\n<h2 class=\"wp-block-heading\"><strong>Entdecken Sie den Paramotor<\/strong> <br\/>im Baskenland<\/h2>\n\n\n\n<p>San Sebasti\u00e1n, oder Donostia auf Baskisch, ist eine <strong>wundersch\u00f6ne Stadt<\/strong> an der Nordk\u00fcste Spaniens in der Region Baskenland. Bekannt f\u00fcr ihre <g id=\"gid_1\">malerischen Landschaften<\/g>, ihre <g id=\"gid_2\">hervorragende Gastronomie<\/g> und ihre <g id=\"gid_3\">lebendige Kultur<\/g>, zieht sie jedes Jahr zahlreiche Besucher an. Hier finden Sie einen detaillierten \u00dcberblick \u00fcber die wichtigsten Punkte dieser aufregenden Stadt.  <\/p>\n\n\n\n<h3 class=\"wp-block-heading\">1. Geographie und Landschaften<\/h3>\n\n\n    <div id=\"gt-fse-lire-plus-69f3a2e1428b2\" class=\"gt-fse-lire-plus\" data-min-height=\"130\" style=\"background-color: #f9f9f9;\">\n        <input id=\"gt-fse-lire-plus-69f3a2e1428b2-toggle\" type=\"checkbox\" class=\"gt-fse-lire-plus__toggle\" \/>\n        <label for=\"gt-fse-lire-plus-69f3a2e1428b2-toggle\" class=\"gt-fse-lire-plus__toggle-label\">\n            <span>Mehr lesen<\/span>\n            <span>Weniger lesen<\/span>\n        <\/label>\n        <div class=\"gt-fse-lire-plus__content\" style=\"height: 130px;\">\n            \n\n<p>San Sebasti\u00e1n liegt eingebettet zwischen gr\u00fcnen H\u00fcgeln und dem Atlantik. Die <strong>Bucht von La Concha<\/strong>, ber\u00fchmt f\u00fcr ihren muschelf\u00f6rmigen Strand, wird oft als einer der sch\u00f6nsten Stadtstr\u00e4nde Europas bezeichnet. Die umliegenden H\u00fcgel, wie <strong>Urgull<\/strong> und <strong>Igeldo,<\/strong> bieten einen <strong>atemberaubenden Panoramablick<\/strong> auf die Stadt und den Atlantik.  <\/p>\n\n\n\n<h3 class=\"wp-block-heading\">2. Str\u00e4nde<\/h3>\n\n\n\n<p>Die Str\u00e4nde von San Sebasti\u00e1n sind ein echtes Highlight. Der <g id=\"gid_0\">Strand von La Concha<\/g> ist ideal zum <g id=\"gid_1\">Schwimmen<\/g>, <g id=\"gid_2\">Sonnenbaden<\/g> und f\u00fcr verschiedene <g id=\"gid_3\">Wassersportarten<\/g>. Der Strand von Zurriola zieht mit seinen Wellen <g id=\"gid_4\">Surfer<\/g> an. Diese Str\u00e4nde sind nicht nur ein Ort der <strong>Entspannung<\/strong>, sondern auch ein Ort, an dem das ganze Jahr \u00fcber <strong>zahlreiche Aktivit\u00e4ten<\/strong> stattfinden.   <\/p>\n\n            <div class=\"gt-fse-lire-plus__gradient\" style=\"background: linear-gradient(to bottom,rgba(249,249,249,0) 0%,rgba(249,249,249,1) 100%);\"><\/div>\n        <\/div>\n    <\/div>\n    <\/div>\n<\/div>\n<\/div>\n\n\n\n<div class=\"wp-block-columns alignwide is-layout-flex wp-container-core-columns-is-layout-f575e0a2 wp-block-columns-is-layout-flex\" style=\"border-radius:0px;margin-top:0px;margin-right:0px;margin-bottom:0px;margin-left:0px;padding-top:1.5rem;padding-right:0px;padding-bottom:1.5rem;padding-left:0px\">\n<div class=\"wp-block-column is-vertically-aligned-center is-layout-flow wp-block-column-is-layout-flow\" style=\"flex-basis:45%\">\n<div class=\"wp-block-group has-global-padding is-content-justification-left is-layout-constrained wp-container-core-group-is-layout-1c1e5e78 wp-block-group-is-layout-constrained\" style=\"margin-top:0px;margin-right:0px;margin-bottom:0px;margin-left:0px\">\n<h3 class=\"wp-block-heading\">3. Gastronomie<\/h3>\n\n\n\n<p>San Sebasti\u00e1n ist als eine der <strong>gastronomischen Hauptst\u00e4dte<\/strong> der Welt bekannt. Die Stadt ist ber\u00fchmt f\u00fcr ihre <strong>Pintxos<\/strong>, kleine Tapas, die in den Bars serviert werden. Besucher k\u00f6nnen eine Vielzahl von Gerichten probieren, von frischen Meeresfr\u00fcchten bis hin zu Fleischgerichten. Dar\u00fcber hinaus beherbergt die Stadt mehrere <strong>Restaurants,<\/strong> die mit Michelin-Sternen ausgezeichnet wurden, was ihr Engagement f\u00fcr eine qualitativ hochwertige K\u00fcche widerspiegelt.   <\/p>\n\n\n\n<h3 class=\"wp-block-heading\">4. Kultur und Veranstaltungen<\/h3>\n\n\n    <div id=\"gt-fse-lire-plus-69f3a2e1431e9\" class=\"gt-fse-lire-plus\" data-min-height=\"130\" style=\"background-color: #f9f9f9;\">\n        <input id=\"gt-fse-lire-plus-69f3a2e1431e9-toggle\" type=\"checkbox\" class=\"gt-fse-lire-plus__toggle\" \/>\n        <label for=\"gt-fse-lire-plus-69f3a2e1431e9-toggle\" class=\"gt-fse-lire-plus__toggle-label\">\n            <span>Mehr lesen<\/span>\n            <span>Weniger lesen<\/span>\n        <\/label>\n        <div class=\"gt-fse-lire-plus__content\" style=\"height: 130px;\">\n            \n\n<p>Das kulturelle Leben in San Sebasti\u00e1n ist reich und dynamisch. Das <strong>Internationale Filmfestival von San Sebasti\u00e1n<\/strong>, das jedes Jahr im September stattfindet, zieht Filmemacher und Ber\u00fchmtheiten aus der ganzen Welt an. Die Stadt ist au\u00dferdem das ganze Jahr \u00fcber Schauplatz zahlreicher <strong>musikalischer<\/strong>, <strong>k\u00fcnstlerischer<\/strong> und <strong>traditioneller<\/strong> <strong>Veranstaltungen<\/strong>, bei denen die baskische Kultur gefeiert wird.  <\/p>\n\n\n\n<h3 class=\"wp-block-heading\">5. Architektur<\/h3>\n\n\n\n<p>San Sebasti\u00e1n hat eine <strong>eklektische Architektur<\/strong>, die den neoklassischen Stil, die Moderne und baskische Einfl\u00fcsse miteinander verbindet. Der Miramar-Palast, das Rathaus und das Victoria Eugenia Theater sind einige der bemerkenswertesten Beispiele. Die Stra\u00dfen des Stadtzentrums, wie die Calle 31 de Agosto, sind <strong>lebhaft<\/strong> und von <strong>historischen Geb\u00e4uden<\/strong> ges\u00e4umt.  <\/p>\n\n            <div class=\"gt-fse-lire-plus__gradient\" style=\"background: linear-gradient(to bottom,rgba(249,249,249,0) 0%,rgba(249,249,249,1) 100%);\"><\/div>\n        <\/div>\n    <\/div>\n    <\/div>\n<\/div>\n\n\n\n<div class=\"wp-block-column is-vertically-aligned-top two-images is-layout-flow wp-block-column-is-layout-flow\" style=\"flex-basis:55%\">\n<div data-swiper=\"{&quot;speed&quot;:400,&quot;spaceBetween&quot;:16,&quot;slidesPerView&quot;:1,&quot;createElements&quot;:true,&quot;loop&quot;:true,&quot;navigation&quot;:{&quot;nextEl&quot;:null,&quot;prevEl&quot;:null},&quot;pagination&quot;:{&quot;el&quot;:&quot;.swiper-pagination&quot;,&quot;dynamicBullets&quot;:false,&quot;clickable&quot;:true},&quot;breakpoints&quot;:[{&quot;slidesPerView&quot;:1}],&quot;direction&quot;:&quot;vertical&quot;,&quot;freeMode&quot;:false,&quot;autoplay&quot;:true,&quot;delay&quot;:2000}\" id=\"slider-first\" class=\"wp-block-group animated fadeIn gt-is-slider gt-is-slider-desktop is-layout-grid wp-container-core-group-is-layout-478b6e6b wp-block-group-is-layout-grid\">\n<figure class=\"wp-block-image aligncenter size-full\"><img decoding=\"async\" width=\"967\" height=\"655\" src=\"https:\/\/www.camping-biper-gorri.com\/wp-content\/uploads\/2025\/10\/gastronomie-pintxos.jpg\" alt=\"Gastronomie Pintxos\" class=\"wp-image-71377\" srcset=\"https:\/\/www.camping-biper-gorri.com\/wp-content\/uploads\/2025\/10\/gastronomie-pintxos.jpg 967w, https:\/\/www.camping-biper-gorri.com\/wp-content\/uploads\/2025\/10\/gastronomie-pintxos-300x203.jpg 300w, https:\/\/www.camping-biper-gorri.com\/wp-content\/uploads\/2025\/10\/gastronomie-pintxos-768x520.jpg 768w\" sizes=\"(max-width: 967px) 100vw, 967px\" \/><\/figure>\n\n\n\n<figure class=\"wp-block-image size-full\"><img decoding=\"async\" width=\"967\" height=\"655\" src=\"https:\/\/www.camping-biper-gorri.com\/wp-content\/uploads\/2025\/10\/culture-et-evenements.jpg\" alt=\"Kultur und Veranstaltungen\" class=\"wp-image-71382\" style=\"object-fit:cover\" srcset=\"https:\/\/www.camping-biper-gorri.com\/wp-content\/uploads\/2025\/10\/culture-et-evenements.jpg 967w, https:\/\/www.camping-biper-gorri.com\/wp-content\/uploads\/2025\/10\/culture-et-evenements-300x203.jpg 300w, https:\/\/www.camping-biper-gorri.com\/wp-content\/uploads\/2025\/10\/culture-et-evenements-768x520.jpg 768w\" sizes=\"(max-width: 967px) 100vw, 967px\" \/><\/figure>\n\n\n\n<figure class=\"wp-block-image size-full\"><img decoding=\"async\" width=\"967\" height=\"655\" src=\"https:\/\/www.camping-biper-gorri.com\/wp-content\/uploads\/2025\/10\/architecture-eclectique.jpg\" alt=\"eklektische Architektur\" class=\"wp-image-71387\" style=\"object-fit:cover\" srcset=\"https:\/\/www.camping-biper-gorri.com\/wp-content\/uploads\/2025\/10\/architecture-eclectique.jpg 967w, https:\/\/www.camping-biper-gorri.com\/wp-content\/uploads\/2025\/10\/architecture-eclectique-300x203.jpg 300w, https:\/\/www.camping-biper-gorri.com\/wp-content\/uploads\/2025\/10\/architecture-eclectique-768x520.jpg 768w\" sizes=\"(max-width: 967px) 100vw, 967px\" \/><\/figure>\n\n\n\n<figure class=\"wp-block-image size-full\"><img decoding=\"async\" width=\"967\" height=\"655\" src=\"https:\/\/www.camping-biper-gorri.com\/wp-content\/uploads\/2025\/10\/les-rues-du-centre-ville-de-san-sebastian.jpg\" alt=\"die Stra&#xDF;en des Stadtzentrums von San Sebastian\" class=\"wp-image-71392\" style=\"object-fit:cover\" srcset=\"https:\/\/www.camping-biper-gorri.com\/wp-content\/uploads\/2025\/10\/les-rues-du-centre-ville-de-san-sebastian.jpg 967w, https:\/\/www.camping-biper-gorri.com\/wp-content\/uploads\/2025\/10\/les-rues-du-centre-ville-de-san-sebastian-300x203.jpg 300w, https:\/\/www.camping-biper-gorri.com\/wp-content\/uploads\/2025\/10\/les-rues-du-centre-ville-de-san-sebastian-768x520.jpg 768w\" sizes=\"(max-width: 967px) 100vw, 967px\" \/><\/figure>\n<\/div>\n<\/div>\n<\/div>\n\n\n\n<div class=\"wp-block-columns alignwide is-layout-flex wp-container-core-columns-is-layout-93fef87a wp-block-columns-is-layout-flex\" style=\"border-radius:0px;margin-top:0px;margin-right:0px;margin-bottom:0px;margin-left:0px;padding-top:0px;padding-right:0px;padding-bottom:0px;padding-left:0px\">\n<div class=\"wp-block-column is-vertically-aligned-top two-images is-layout-flow wp-block-column-is-layout-flow\" style=\"flex-basis:55%\">\n<div data-swiper=\"{&quot;speed&quot;:400,&quot;spaceBetween&quot;:16,&quot;slidesPerView&quot;:1,&quot;createElements&quot;:true,&quot;loop&quot;:true,&quot;navigation&quot;:{&quot;nextEl&quot;:null,&quot;prevEl&quot;:null},&quot;pagination&quot;:{&quot;el&quot;:&quot;.swiper-pagination&quot;,&quot;dynamicBullets&quot;:false,&quot;clickable&quot;:true},&quot;breakpoints&quot;:[{&quot;slidesPerView&quot;:1}],&quot;direction&quot;:&quot;vertical&quot;,&quot;freeMode&quot;:false,&quot;autoplay&quot;:true,&quot;delay&quot;:2000}\" id=\"slider-first\" class=\"wp-block-group animated fadeIn gt-is-slider gt-is-slider-desktop is-layout-grid wp-container-core-group-is-layout-478b6e6b wp-block-group-is-layout-grid\">\n<figure class=\"wp-block-image aligncenter size-full\"><img decoding=\"async\" width=\"967\" height=\"655\" src=\"https:\/\/www.camping-biper-gorri.com\/wp-content\/uploads\/2025\/10\/randonnees-activites-de-plein-air.jpg\" alt=\"Wanderungen Outdoor-Aktivit&#xE4;ten\" class=\"wp-image-71397\" srcset=\"https:\/\/www.camping-biper-gorri.com\/wp-content\/uploads\/2025\/10\/randonnees-activites-de-plein-air.jpg 967w, https:\/\/www.camping-biper-gorri.com\/wp-content\/uploads\/2025\/10\/randonnees-activites-de-plein-air-300x203.jpg 300w, https:\/\/www.camping-biper-gorri.com\/wp-content\/uploads\/2025\/10\/randonnees-activites-de-plein-air-768x520.jpg 768w\" sizes=\"(max-width: 967px) 100vw, 967px\" \/><\/figure>\n\n\n\n<figure class=\"wp-block-image size-full\"><img decoding=\"async\" width=\"967\" height=\"655\" src=\"https:\/\/www.camping-biper-gorri.com\/wp-content\/uploads\/2025\/10\/traditions-basques.jpg\" alt=\"Baskische Traditionen\" class=\"wp-image-71402\" style=\"object-fit:cover\" srcset=\"https:\/\/www.camping-biper-gorri.com\/wp-content\/uploads\/2025\/10\/traditions-basques.jpg 967w, https:\/\/www.camping-biper-gorri.com\/wp-content\/uploads\/2025\/10\/traditions-basques-300x203.jpg 300w, https:\/\/www.camping-biper-gorri.com\/wp-content\/uploads\/2025\/10\/traditions-basques-768x520.jpg 768w\" sizes=\"(max-width: 967px) 100vw, 967px\" \/><\/figure>\n\n\n\n<figure class=\"wp-block-image size-full\"><img decoding=\"async\" width=\"967\" height=\"655\" src=\"https:\/\/www.camping-biper-gorri.com\/wp-content\/uploads\/2025\/10\/vie-nocturne.jpg\" alt=\"Nachtleben\" class=\"wp-image-71407\" style=\"object-fit:cover\" srcset=\"https:\/\/www.camping-biper-gorri.com\/wp-content\/uploads\/2025\/10\/vie-nocturne.jpg 967w, https:\/\/www.camping-biper-gorri.com\/wp-content\/uploads\/2025\/10\/vie-nocturne-300x203.jpg 300w, https:\/\/www.camping-biper-gorri.com\/wp-content\/uploads\/2025\/10\/vie-nocturne-768x520.jpg 768w\" sizes=\"(max-width: 967px) 100vw, 967px\" \/><\/figure>\n<\/div>\n<\/div>\n\n\n\n<div class=\"wp-block-column is-vertically-aligned-center is-layout-flow wp-block-column-is-layout-flow\" style=\"flex-basis:45%\">\n<div class=\"wp-block-group has-global-padding is-content-justification-left is-layout-constrained wp-container-core-group-is-layout-1c1e5e78 wp-block-group-is-layout-constrained\" style=\"margin-top:0px;margin-right:0px;margin-bottom:0px;margin-left:0px\">\n<h3 class=\"wp-block-heading\">6. Aktivit\u00e4ten im Freien<\/h3>\n\n\n\n<p>Die umliegenden H\u00fcgel und die Bucht bieten viele M\u00f6glichkeiten f\u00fcr <strong>Aktivit\u00e4ten im Freien<\/strong>. Wandern, Radfahren und Wassersport sind beliebt. Der K\u00fcstenpfad, der San Sebasti\u00e1n mit anderen benachbarten D\u00f6rfern verbindet, erm\u00f6glicht es Ihnen, <strong>die nat\u00fcrliche Sch\u00f6nheit der Region zu erkunden<\/strong>.  <\/p>\n\n\n\n<h3 class=\"wp-block-heading\">7. Baskische Traditionen<\/h3>\n\n\n    <div id=\"gt-fse-lire-plus-69f3a2e144430\" class=\"gt-fse-lire-plus\" data-min-height=\"130\" style=\"background-color: #f9f9f9;\">\n        <input id=\"gt-fse-lire-plus-69f3a2e144430-toggle\" type=\"checkbox\" class=\"gt-fse-lire-plus__toggle\" \/>\n        <label for=\"gt-fse-lire-plus-69f3a2e144430-toggle\" class=\"gt-fse-lire-plus__toggle-label\">\n            <span>Mehr lesen<\/span>\n            <span>Weniger lesen<\/span>\n        <\/label>\n        <div class=\"gt-fse-lire-plus__content\" style=\"height: 130px;\">\n            \n\n<p>Die Stadt ist eine Hochburg der baskischen Kultur mit <strong>lebendigen Traditionen<\/strong> wie Tanz, Musik und Festivals. Besonders beliebt sind die Feierlichkeiten der <g id=\"gid_1\">Semana Grande<\/g> im August mit Konzerten, Feuerwerk und Wettbewerben. <strong>Traditionelle baskische Sportarten<\/strong>, wie Pelota, werden ebenfalls gefeiert.  <\/p>\n\n\n\n<h3 class=\"wp-block-heading\">8. Nachtleben<\/h3>\n\n\n\n<p>San Sebasti\u00e1n ist abends lebendig, mit einer <strong>Vielzahl von Bars und Clubs<\/strong>. Die Stra\u00dfen f\u00fcllen sich mit Menschen, die von Bar zu Bar gehen, um <g id=\"gid_1\">Pintxos<\/g> und <g id=\"gid_2\">lokale Getr\u00e4nke<\/g> zu genie\u00dfen. Das Nachtleben ist gesellig und die Einwohner sind gastfreundlich, was eine warme Atmosph\u00e4re schafft.  <\/p>\n\n\n\n<p>San Sebasti\u00e1n ist ein faszinierendes Reiseziel, das <strong>nat\u00fcrliche Sch\u00f6nheit<\/strong>, <strong>au\u00dfergew\u00f6hnliche Gastronomie<\/strong> und <strong>kulturellen Reichtum<\/strong> miteinander verbindet. Ob Sie am Strand flanieren, k\u00f6stliche Speisen genie\u00dfen oder das Kulturerbe erkunden, die Stadt bietet jedem Besucher ein unvergessliches Erlebnis. <\/p>\n\n            <div class=\"gt-fse-lire-plus__gradient\" style=\"background: linear-gradient(to bottom,rgba(249,249,249,0) 0%,rgba(249,249,249,1) 100%);\"><\/div>\n        <\/div>\n    <\/div>\n    <\/div>\n<\/div>\n<\/div>\n\n\n\n<figure class=\"wp-block-image size-full is-resized\" style=\"margin-top:0px;margin-right:0px;margin-bottom:0px;margin-left:0px\"><img decoding=\"async\" width=\"464\" height=\"221\" src=\"https:\/\/www.camping-biper-gorri.com\/wp-content\/uploads\/2025\/08\/soleil.png\" alt=\"gorri pieper\" class=\"wp-image-188\" style=\"width:463.0675354003906px\" srcset=\"https:\/\/www.camping-biper-gorri.com\/wp-content\/uploads\/2025\/08\/soleil.png 464w, https:\/\/www.camping-biper-gorri.com\/wp-content\/uploads\/2025\/08\/soleil-300x143.png 300w\" sizes=\"(max-width: 464px) 100vw, 464px\" \/><\/figure>\n<\/div>\n<\/section>\n\n<section class=\"wp-block-group alignfull gt_1-cta-1photo_003 article is-layout-flow wp-block-group-is-layout-flow\" style=\"margin-top:0px;margin-bottom:0px;padding-bottom:153px\">\n<div class=\"wp-block-group has-global-padding is-layout-constrained wp-container-core-group-is-layout-c3c54179 wp-block-group-is-layout-constrained\" style=\"padding-bottom:101px\">\n<div class=\"wp-block-cover aligncenter has-custom-content-position is-position-bottom-center animated fadeIn\" style=\"min-height:70vh;aspect-ratio:unset;\"><img decoding=\"async\" width=\"1024\" height=\"436\" class=\"wp-block-cover__image-background wp-image-71412 size-large\" alt=\"comment bien preparer son depart depuis le camping pour san sebastian\" src=\"https:\/\/www.camping-biper-gorri.com\/wp-content\/uploads\/2025\/10\/comment-bien-preparer-son-depart-depuis-le-camping-pour-san-sebastian-1024x436.jpg\" data-object-fit=\"cover\" srcset=\"https:\/\/www.camping-biper-gorri.com\/wp-content\/uploads\/2025\/10\/comment-bien-preparer-son-depart-depuis-le-camping-pour-san-sebastian-1024x436.jpg 1024w, https:\/\/www.camping-biper-gorri.com\/wp-content\/uploads\/2025\/10\/comment-bien-preparer-son-depart-depuis-le-camping-pour-san-sebastian-300x128.jpg 300w, https:\/\/www.camping-biper-gorri.com\/wp-content\/uploads\/2025\/10\/comment-bien-preparer-son-depart-depuis-le-camping-pour-san-sebastian-768x327.jpg 768w, https:\/\/www.camping-biper-gorri.com\/wp-content\/uploads\/2025\/10\/comment-bien-preparer-son-depart-depuis-le-camping-pour-san-sebastian.jpg 1500w\" sizes=\"(max-width: 1024px) 100vw, 1024px\" \/><span aria-hidden=\"true\" class=\"wp-block-cover__background has-contrast-background-color has-background-dim-20 has-background-dim\"><\/span><div class=\"wp-block-cover__inner-container is-layout-flow wp-block-cover-is-layout-flow\">\n<div class=\"wp-block-group titre-deco is-vertical is-content-justification-center is-layout-flex wp-container-core-group-is-layout-ab6239d0 wp-block-group-is-layout-flex\" style=\"margin-bottom:0px\">\n<p class=\"has-text-align-center has-base-2-color has-text-color has-link-color has-olive-citrus-font-family wp-elements-9ac67dbb5d7599f6b3dab0ace56345b4\" style=\"font-size:clamp(3.615rem, 3.615rem + ((1vw - 0.2rem) * 6.475), 7.5rem);line-height:0.4\">Ausflug<\/p>\n\n\n\n<p class=\"has-text-align-center has-base-2-color has-text-color has-link-color has-boho-monoline-font-family wp-elements-ec67303eaa9e0fce8e32fbcbdf911859\" style=\"font-size:clamp(3.521rem, 3.521rem + ((1vw - 0.2rem) * 6.215), 7.25rem);line-height:0.86\">vorbereiten<\/p>\n<\/div>\n<\/div><\/div>\n<\/div>\n\n\n\n<div class=\"wp-block-group alignfull full-width has-global-padding is-layout-constrained wp-container-core-group-is-layout-8c8c9b81 wp-block-group-is-layout-constrained\" style=\"border-radius:0px;margin-top:0px;margin-right:0px;margin-bottom:0px;margin-left:0px;padding-top:0px;padding-right:var(--wp--preset--spacing--50);padding-bottom:0px;padding-left:var(--wp--preset--spacing--50)\">\n<h2 class=\"wp-block-heading has-text-align-center full-width has-text-color\" style=\"color:rgba(255,255,255,1)\"><strong>Wie kann ich meine Abreise <br\/>vom Campingplatz nach San Sebasti\u00e1n gut vorbereiten?<\/strong><br\/><\/h2>\n\n\n\n<p class=\"has-base-2-color has-text-color has-link-color wp-elements-c1ce26929b631983c87bb23fc286115b\">San Sebasti\u00e1n liegt etwa <strong>30 Autominuten<\/strong> von unserem Campingplatz entfernt und ist sehr leicht zu erreichen. Sie k\u00f6nnen die Stadt mit dem Auto oder den \u00f6ffentlichen Verkehrsmitteln erreichen. Planen Sie eine fr\u00fche Abreise, um das Beste aus Ihrem Tag zu machen.  <\/p>\n\n\n    <div id=\"gt-fse-lire-plus-69f3a2e14545d\" class=\"gt-fse-lire-plus\" data-min-height=\"130\" style=\"background-color: #63756b;\">\n        <input id=\"gt-fse-lire-plus-69f3a2e14545d-toggle\" type=\"checkbox\" class=\"gt-fse-lire-plus__toggle\" \/>\n        <label for=\"gt-fse-lire-plus-69f3a2e14545d-toggle\" class=\"gt-fse-lire-plus__toggle-label\">\n            <span>Mehr lesen<\/span>\n            <span>Weniger lesen<\/span>\n        <\/label>\n        <div class=\"gt-fse-lire-plus__content\" style=\"height: 130px;\">\n            \n\n<p class=\"has-base-2-color has-text-color has-link-color wp-elements-dcf0dda3b37ec64d0f0dfbdc8c64e3e3\">Entdecken Sie die wundersch\u00f6ne <strong>Bucht von La Concha<\/strong>, wo Sie sich am Strand entspannen oder Wassersport treiben k\u00f6nnen, w\u00e4hrend Sie die atemberaubende Landschaft bewundern.<\/p>\n\n\n\n<p class=\"has-base-2-color has-text-color has-link-color wp-elements-3b2137c0c76d8183bc5f3f232f0e5e59\">Lassen Sie sich von der <strong>lokalen Gastronomie<\/strong> verf\u00fchren und probieren Sie Pintxos in den vielen belebten Bars in der Altstadt, ein einzigartiges kulinarisches Erlebnis, das Ihren Gaumen verw\u00f6hnen wird.<\/p>\n\n\n\n<p class=\"has-base-2-color has-text-color has-link-color wp-elements-b3ad0f9421546ed5721f700e98e6abf4\">Genie\u00dfen Sie die vibrierende Atmosph\u00e4re von San Sebasti\u00e1n mit seinen <strong>Festivals<\/strong>, <strong>Konzerten<\/strong> und <strong>kulturellen Veranstaltungen<\/strong> das ganze Jahr \u00fcber, die die Energie dieser sch\u00f6nen baskischen Stadt widerspiegeln.<\/p>\n\n\n\n<p class=\"has-base-2-color has-text-color has-link-color wp-elements-6e497232bc7570b15ff9e574bda3f06e\">Entdecken Sie die <strong>eklektische Architektur<\/strong> von San Sebasti\u00e1n, von neoklassizistischen Geb\u00e4uden bis hin zu modernen Stilen, w\u00e4hrend Sie durch die charmanten und lebendigen Stra\u00dfen schlendern.<\/p>\n\n\n\n<p class=\"has-base-2-color has-text-color has-link-color wp-elements-9be274b6a21bedce1e6f812dd5a7f84e\">Verpassen Sie nicht die <strong>atemberaubenden Panoramen<\/strong> der umliegenden H\u00fcgel, wo Sie wandern und die nat\u00fcrliche Sch\u00f6nheit, die die Stadt umgibt, bewundern k\u00f6nnen.<\/p>\n\n            <div class=\"gt-fse-lire-plus__gradient\" style=\"background: linear-gradient(to bottom,rgba(99,117,107,0) 0%,rgba(99,117,107,1) 100%);\"><\/div>\n        <\/div>\n    <\/div>\n    <\/div>\n<\/section>\n","protected":false},"excerpt":{"rendered":"<p>Ein Aufenthalt auf unserem Campingplatz in Espelette ist die perfekte Gelegenheit, um San Sebasti\u00e1n, die Perle der spanischen Baskenk\u00fcste, zu erkunden. Dank der idealen Lage unserer Unterkunft k\u00f6nnen Sie San Sebasti\u00e1n leicht erkunden und seinen einzigartigen Charme genie\u00dfen. Entdecken Sie den Paramotor im Baskenland San Sebasti\u00e1n, oder Donostia auf Baskisch, ist eine wundersch\u00f6ne Stadt an [&hellip;]<\/p>\n","protected":false},"author":1,"featured_media":71354,"comment_status":"closed","ping_status":"closed","sticky":false,"template":"","format":"standard","meta":{"_acf_changed":false,"_seopress_robots_primary_cat":"none","_seopress_titles_title":"Tourismus in San Sebasti\u00e1n I Top-Aktivit\u00e4ten in San Sebasti\u00e1n","_seopress_titles_desc":"San Sebasti\u00e1n, oder Donostia auf Baskisch, ist eine wundersch\u00f6ne Stadt an der Nordk\u00fcste Spaniens in der Region Baskenland. Bekannt f\u00fcr ihre malerischen Landschaften, ihre hervorragende Gastronomie und ihre lebendige Kultur, zieht sie jedes Jahr viele Besucher an. Hier finden Sie einen detaillierten \u00dcberblick \u00fcber die wichtigsten Punkte dieser aufregenden Stadt.  ","_seopress_robots_index":"","inline_featured_image":false,"gt_fse_maillage_image":"https:\/\/www.camping-biper-gorri.com\/wp-content\/uploads\/2025\/10\/tourisme-san-sebastian-cta.jpg","gt_fse_maillage_titre":"San Sebastian","gt_fse_maillage_alt":"Tourismus San Sebastian","gt_fse_maillage_resume":"","footnotes":""},"categories":[60],"tags":[61],"class_list":["post-88349","post","type-post","status-publish","format-standard","has-post-thumbnail","hentry","category-orte","tag-besuche-von-dorfern"],"acf":[],"_links":{"self":[{"href":"https:\/\/www.camping-biper-gorri.com\/de\/wp-json\/wp\/v2\/posts\/88349","targetHints":{"allow":["GET"]}}],"collection":[{"href":"https:\/\/www.camping-biper-gorri.com\/de\/wp-json\/wp\/v2\/posts"}],"about":[{"href":"https:\/\/www.camping-biper-gorri.com\/de\/wp-json\/wp\/v2\/types\/post"}],"author":[{"embeddable":true,"href":"https:\/\/www.camping-biper-gorri.com\/de\/wp-json\/wp\/v2\/users\/1"}],"replies":[{"embeddable":true,"href":"https:\/\/www.camping-biper-gorri.com\/de\/wp-json\/wp\/v2\/comments?post=88349"}],"version-history":[{"count":3,"href":"https:\/\/www.camping-biper-gorri.com\/de\/wp-json\/wp\/v2\/posts\/88349\/revisions"}],"predecessor-version":[{"id":90610,"href":"https:\/\/www.camping-biper-gorri.com\/de\/wp-json\/wp\/v2\/posts\/88349\/revisions\/90610"}],"wp:featuredmedia":[{"embeddable":true,"href":"https:\/\/www.camping-biper-gorri.com\/de\/wp-json\/wp\/v2\/media\/71354"}],"wp:attachment":[{"href":"https:\/\/www.camping-biper-gorri.com\/de\/wp-json\/wp\/v2\/media?parent=88349"}],"wp:term":[{"taxonomy":"category","embeddable":true,"href":"https:\/\/www.camping-biper-gorri.com\/de\/wp-json\/wp\/v2\/categories?post=88349"},{"taxonomy":"post_tag","embeddable":true,"href":"https:\/\/www.camping-biper-gorri.com\/de\/wp-json\/wp\/v2\/tags?post=88349"}],"curies":[{"name":"wp","href":"https:\/\/api.w.org\/{rel}","templated":true}]}}