{"id":88328,"date":"2025-10-07T07:32:15","date_gmt":"2025-10-07T07:32:15","guid":{"rendered":"https:\/\/www.camping-biper-gorri.com\/nicht-kategorisiert\/visite-prison-des-eveques-st-jean-pied-de-port\/"},"modified":"2025-10-31T09:05:58","modified_gmt":"2025-10-31T09:05:58","slug":"besichtigung-bischofsgefaengnis-st-jean-pied-de-port","status":"publish","type":"post","link":"https:\/\/www.camping-biper-gorri.com\/de\/orte\/besichtigung-bischofsgefaengnis-st-jean-pied-de-port\/","title":{"rendered":"Besichtigung des Bischofsgef\u00e4ngnisses in Saint-Jean-Pied-de-Port"},"content":{"rendered":"\n<section class=\"wp-block-group alignfull gt_2-cta_007__bis article has-global-padding is-layout-constrained wp-container-core-group-is-layout-8f482fdf wp-block-group-is-layout-constrained\" style=\"margin-top:0px;margin-bottom:0px;padding-top:var(--wp--preset--spacing--10)\">\n<div class=\"wp-block-group alignfull full-width is-vertical is-content-justification-center is-nowrap is-layout-flex wp-container-core-group-is-layout-810f5976 wp-block-group-is-layout-flex\" style=\"border-radius:0px;margin-top:0px;margin-right:0px;margin-bottom:0px;margin-left:0px;padding-top:0px;padding-right:0;padding-bottom:0px;padding-left:0\">\n<p class=\"has-text-align-center\">Entdecken Sie die faszinierende Geschichte des <a href=\"https:\/\/www.tourisme64.com\/de\/aktivitaeten\/saint-jean-pied-de-port\/PCUAQU064FS0001N-prison-dite-des-eveques\/\" target=\"_blank\" rel=\"noreferrer noopener nofollow\">Bischofsgef\u00e4ngnisses<\/a> w\u00e4hrend Ihres Aufenthalts auf unserem <a href=\"https:\/\/www.camping-biper-gorri.com\/de\/\">Campingplatz im Baskenland<\/a>. Dieses historische Monument in <a href=\"https:\/\/www.les-plus-beaux-villages-de-france.org\/fr\/nos-villages\/saint-jean-pied-de-port\/\" target=\"_blank\" rel=\"noreferrer noopener nofollow\">Saint-Jean-Pied-de-Port<\/a> zeugt von einer st\u00fcrmischen Vergangenheit und ist ein <strong>Muss<\/strong> f\u00fcr jeden Liebhaber von Geschichte und Kulturerbe.<\/p>\n\n\n\n<div class=\"wp-block-columns alignwide is-layout-flex wp-container-core-columns-is-layout-93fef87a wp-block-columns-is-layout-flex\" style=\"border-radius:0px;margin-top:0px;margin-right:0px;margin-bottom:0px;margin-left:0px;padding-top:0px;padding-right:0px;padding-bottom:0px;padding-left:0px\">\n<div class=\"wp-block-column is-vertically-aligned-top two-images is-layout-flow wp-block-column-is-layout-flow\" style=\"flex-basis:55%\">\n<div class=\"wp-block-group is-content-justification-center is-nowrap is-layout-flex wp-container-core-group-is-layout-d019b8d0 wp-block-group-is-layout-flex\" style=\"margin-top:0px;margin-right:0px;margin-bottom:0px;margin-left:0px\">\n<figure class=\"wp-block-image aligncenter size-full\"><img decoding=\"async\" width=\"402\" height=\"499\" src=\"https:\/\/www.camping-biper-gorri.com\/wp-content\/uploads\/2025\/10\/visite-de-la-prison-des-eveques-a-saint-jean-pied-de-port.jpg\" alt=\"Besuch des Gef&#xE4;ngnisses der Bisch&#xF6;fe in St. Jean pied de port\" class=\"wp-image-71036\" srcset=\"https:\/\/www.camping-biper-gorri.com\/wp-content\/uploads\/2025\/10\/visite-de-la-prison-des-eveques-a-saint-jean-pied-de-port.jpg 402w, https:\/\/www.camping-biper-gorri.com\/wp-content\/uploads\/2025\/10\/visite-de-la-prison-des-eveques-a-saint-jean-pied-de-port-242x300.jpg 242w\" sizes=\"(max-width: 402px) 100vw, 402px\" \/><\/figure>\n<\/div>\n<\/div>\n\n\n\n<div class=\"wp-block-column is-vertically-aligned-center is-layout-flow wp-block-column-is-layout-flow\" style=\"flex-basis:45%\">\n<div class=\"wp-block-group has-global-padding is-content-justification-left is-layout-constrained wp-container-core-group-is-layout-1c1e5e78 wp-block-group-is-layout-constrained\" style=\"margin-top:0px;margin-right:0px;margin-bottom:0px;margin-left:0px\">\n<h2 class=\"wp-block-heading\"><strong>Entdecken Sie das Gef\u00e4ngnis der Bisch\u00f6fe<\/strong> w\u00e4hrend Ihres Aufenthalts auf dem Campingplatz.<\/h2>\n\n\n\n<p>Das Bischofsgef\u00e4ngnis in Saint-Jean-Pied-de-Port ist ein <strong>emblematisches Denkmal<\/strong> des historischen Erbes des Baskenlandes. Jahrhundert erbaut und war urspr\u00fcnglich f\u00fcr <g id=\"gid_1\">die Unterbringung der Bisch\u00f6fe<\/g> gedacht, die die Region besuchten, aber seine Rolle \u00e4nderte sich schnell. Es wurde zu einem <strong>ber\u00fcchtigten Gef\u00e4ngnis<\/strong>, vor allem in Zeiten politischer und religi\u00f6ser Konflikte.  <\/p>\n\n\n    <div id=\"gt-fse-lire-plus-69f46f670b494\" class=\"gt-fse-lire-plus\" data-min-height=\"90\" style=\"background-color: #f9f9f9;\">\n        <input id=\"gt-fse-lire-plus-69f46f670b494-toggle\" type=\"checkbox\" class=\"gt-fse-lire-plus__toggle\" \/>\n        <label for=\"gt-fse-lire-plus-69f46f670b494-toggle\" class=\"gt-fse-lire-plus__toggle-label\">\n            <span>Mehr lesen<\/span>\n            <span>Weniger lesen<\/span>\n        <\/label>\n        <div class=\"gt-fse-lire-plus__content\" style=\"height: 90px;\">\n            \n\n<p>Die dicken Steinmauern zeugen von einer turbulenten Vergangenheit und beherbergten Gefangene, die h\u00e4ufig der Dissidenz beschuldigt wurden. Die Haftbedingungen waren besonders hart, mit <g id=\"gid_0\">dunklen und engen Zellen<\/g>, in denen Isolation die Norm war. Im Laufe der Jahrhunderte hat das Gef\u00e4ngnis viele Pers\u00f6nlichkeiten der lokalen Geschichte beherbergt, von einfachen Leuten bis hin zu <strong>politischen Pers\u00f6nlichkeiten<\/strong>.  <\/p>\n\n\n\n<p>Heute ist das Bischofsgef\u00e4ngnis ein <strong>Ort der Erinnerung<\/strong>, der zum Nachdenken anregt. Besucher k\u00f6nnen durch die engen Korridore gehen und die schwere Atmosph\u00e4re sp\u00fcren, die hier immer noch herrscht. <strong>F\u00fchrungen<\/strong> bieten die M\u00f6glichkeit, mehr \u00fcber die faszinierende Geschichte des Gef\u00e4ngnisses und die Freiheitsk\u00e4mpfe, die hier stattfanden, zu erfahren. Diese historische St\u00e4tte verk\u00f6rpert sowohl die Ungerechtigkeiten der Vergangenheit als auch die Bedeutung des <strong>Schutzes der Menschenrechte<\/strong> und erinnert jeden an die Lektionen der Vergangenheit.   <\/p>\n\n\n\n<p>Das Gef\u00e4ngnis der Bisch\u00f6fe in Saint-Jean-Pied-de-Port ist f\u00fcr Besucher zug\u00e4nglich, die seine <strong>faszinierende Geschichte<\/strong> kennen lernen m\u00f6chten. Die \u00d6ffnungszeiten variieren je nach Saison, wobei die \u00d6ffnungszeiten in der Regel <strong>von 10.00 bis 18.00 Uhr<\/strong> sind und au\u00dferhalb der touristischen Hochsaison verk\u00fcrzte \u00d6ffnungszeiten gelten. Es ist ratsam, die offizielle Website zu besuchen, um aktuelle Informationen \u00fcber die spezifischen \u00d6ffnungszeiten und Schlie\u00dftage zu erhalten.  <\/p>\n\n\n\n<p>Was die Eintrittspreise betrifft, so <strong>ist der Eintritt oft kostenlos<\/strong> oder es wird eine geringe Geb\u00fchr erhoben, je nachdem, welche tempor\u00e4ren Ausstellungen organisiert werden. F\u00fcr <g id=\"gid_2\">Studenten<\/g> und <g id=\"gid_3\">Gruppen<\/g> k\u00f6nnen <g id=\"gid_1\">Erm\u00e4\u00dfigungen<\/g> angeboten werden. Es werden auch F\u00fchrungen zu erschwinglichen Preisen angeboten, um die Entdeckung dieses geschichtstr\u00e4chtigen Ortes zu vertiefen.  <\/p>\n\n\n\n<p>Was die Zug\u00e4nglichkeit betrifft, so gibt es einen <strong>Parkplatz<\/strong> in der N\u00e4he des Gef\u00e4ngnisses, was die Ankunft der Besucher erleichtert. <strong>Personen mit eingeschr\u00e4nkter Mobilit\u00e4t (PRM<\/strong> ) haben Zugang zu einigen Bereichen, obwohl einige Teile des historischen Geb\u00e4udes Einschr\u00e4nkungen aufweisen k\u00f6nnen. Es wird empfohlen, sich mit dem Empfang in Verbindung zu setzen, um <strong>spezielle Vorkehrungen<\/strong> zu \u00fcberpr\u00fcfen und einen angenehmen Besuch zu gew\u00e4hrleisten.  <\/p>\n\n            <div class=\"gt-fse-lire-plus__gradient\" style=\"background: linear-gradient(to bottom,rgba(249,249,249,0) 0%,rgba(249,249,249,1) 100%);\"><\/div>\n        <\/div>\n    <\/div>\n    <\/div>\n<\/div>\n<\/div>\n\n\n\n<figure class=\"wp-block-image size-full is-resized\" style=\"margin-top:0px;margin-right:0px;margin-bottom:0px;margin-left:0px\"><img decoding=\"async\" width=\"464\" height=\"221\" src=\"https:\/\/www.camping-biper-gorri.com\/wp-content\/uploads\/2025\/08\/soleil.png\" alt=\"gorri pieper\" class=\"wp-image-188\" style=\"width:463.0675354003906px\" srcset=\"https:\/\/www.camping-biper-gorri.com\/wp-content\/uploads\/2025\/08\/soleil.png 464w, https:\/\/www.camping-biper-gorri.com\/wp-content\/uploads\/2025\/08\/soleil-300x143.png 300w\" sizes=\"(max-width: 464px) 100vw, 464px\" \/><\/figure>\n<\/div>\n<\/section>\n\n<section class=\"wp-block-group alignfull gt_1-cta-1photo_003 article is-layout-flow wp-block-group-is-layout-flow\" style=\"margin-top:0px;margin-bottom:0px;padding-bottom:153px\">\n<div class=\"wp-block-group has-global-padding is-layout-constrained wp-container-core-group-is-layout-c3c54179 wp-block-group-is-layout-constrained\" style=\"padding-bottom:101px\">\n<div class=\"wp-block-cover aligncenter has-custom-content-position is-position-bottom-center animated fadeIn\" style=\"min-height:70vh;aspect-ratio:unset;\"><img decoding=\"async\" width=\"1024\" height=\"436\" class=\"wp-block-cover__image-background wp-image-71041 size-large\" alt=\"comment bien preparer son depart depuis le camping pour la prison des eveques\" src=\"https:\/\/www.camping-biper-gorri.com\/wp-content\/uploads\/2025\/10\/comment-bien-preparer-son-depart-depuis-le-camping-pour-la-prison-des-eveques-1024x436.jpg\" data-object-fit=\"cover\" srcset=\"https:\/\/www.camping-biper-gorri.com\/wp-content\/uploads\/2025\/10\/comment-bien-preparer-son-depart-depuis-le-camping-pour-la-prison-des-eveques-1024x436.jpg 1024w, https:\/\/www.camping-biper-gorri.com\/wp-content\/uploads\/2025\/10\/comment-bien-preparer-son-depart-depuis-le-camping-pour-la-prison-des-eveques-300x128.jpg 300w, https:\/\/www.camping-biper-gorri.com\/wp-content\/uploads\/2025\/10\/comment-bien-preparer-son-depart-depuis-le-camping-pour-la-prison-des-eveques-768x327.jpg 768w, https:\/\/www.camping-biper-gorri.com\/wp-content\/uploads\/2025\/10\/comment-bien-preparer-son-depart-depuis-le-camping-pour-la-prison-des-eveques.jpg 1500w\" sizes=\"(max-width: 1024px) 100vw, 1024px\" \/><span aria-hidden=\"true\" class=\"wp-block-cover__background has-contrast-background-color has-background-dim-10 has-background-dim\"><\/span><div class=\"wp-block-cover__inner-container is-layout-flow wp-block-cover-is-layout-flow\">\n<div class=\"wp-block-group titre-deco is-vertical is-content-justification-center is-layout-flex wp-container-core-group-is-layout-ab6239d0 wp-block-group-is-layout-flex\" style=\"margin-bottom:0px\">\n<p class=\"has-text-align-center has-base-2-color has-text-color has-link-color has-olive-citrus-font-family wp-elements-9ac67dbb5d7599f6b3dab0ace56345b4\" style=\"font-size:clamp(3.615rem, 3.615rem + ((1vw - 0.2rem) * 6.475), 7.5rem);line-height:0.4\">Ausflug<\/p>\n\n\n\n<p class=\"has-text-align-center has-base-2-color has-text-color has-link-color has-boho-monoline-font-family wp-elements-ec67303eaa9e0fce8e32fbcbdf911859\" style=\"font-size:clamp(3.521rem, 3.521rem + ((1vw - 0.2rem) * 6.215), 7.25rem);line-height:0.86\">vorbereiten<\/p>\n<\/div>\n<\/div><\/div>\n<\/div>\n\n\n\n<div class=\"wp-block-group alignfull full-width has-global-padding is-layout-constrained wp-container-core-group-is-layout-8c8c9b81 wp-block-group-is-layout-constrained\" style=\"border-radius:0px;margin-top:0px;margin-right:0px;margin-bottom:0px;margin-left:0px;padding-top:0px;padding-right:var(--wp--preset--spacing--50);padding-bottom:0px;padding-left:var(--wp--preset--spacing--50)\">\n<h2 class=\"wp-block-heading has-text-align-center full-width has-text-color\" style=\"color:rgba(255,255,255,1)\"><strong>Wie bereiten Sie Ihre Abreise <br\/>vom Campingplatz zum Gef\u00e4ngnis der Bisch\u00f6fe gut vor?<\/strong><\/h2>\n\n\n\n<div style=\"height:2rem\" aria-hidden=\"true\" class=\"wp-block-spacer gt-show-mobile\"><\/div>\n\n\n\n<ol style=\"padding-left:var(--wp--preset--spacing--30)\" class=\"wp-block-list has-base-2-color has-text-color has-link-color wp-elements-2b147fbaad4e22c4614a731eb1ad3536\">\n<li>Bereiten Sie sich darauf vor, einen <strong>geschichtstr\u00e4chtigen Ort<\/strong> zu entdecken, indem Sie das Gef\u00e4ngnis der Bisch\u00f6fe besuchen, ein Muss in Saint-Jean-Pied-de-Port.<\/li>\n\n\n\n<li>Vergessen Sie Ihre <strong>Kamera<\/strong> nicht: die karge Architektur und die alten Mauern bieten faszinierende Ansichten, die es festzuhalten gilt.<\/li>\n\n\n\n<li>Informieren Sie sich vor Ihrem Besuch \u00fcber die <strong>\u00d6ffnungszeiten<\/strong>, da diese je nach Jahreszeit variieren und auch lohnende F\u00fchrungen beinhalten k\u00f6nnen.<\/li>\n\n\n\n<li>Nutzen Sie die Annehmlichkeiten in der N\u00e4he, wie z.B. <strong>Parkpl\u00e4tze<\/strong> und <strong>behindertengerechte Zug\u00e4nge<\/strong>, um Ihren Besuch zu einem angenehmen Erlebnis zu machen.<\/li>\n\n\n\n<li>Nehmen Sie sich die Zeit, die <strong>Ausstellungen<\/strong> zu erkunden, die die Geschichten der Gefangenen erz\u00e4hlen, um die turbulente Vergangenheit dieses Ortes besser zu verstehen.<\/li>\n<\/ol>\n<\/div>\n<\/section>\n","protected":false},"excerpt":{"rendered":"<p>Entdecken Sie die faszinierende Geschichte des Bischofsgef\u00e4ngnisses w\u00e4hrend Ihres Aufenthalts auf unserem Campingplatz im Baskenland. Dieses historische Monument in Saint-Jean-Pied-de-Port zeugt von einer st\u00fcrmischen Vergangenheit und ist ein Muss f\u00fcr jeden Liebhaber von Geschichte und Kulturerbe. Entdecken Sie das Gef\u00e4ngnis der Bisch\u00f6fe w\u00e4hrend Ihres Aufenthalts auf dem Campingplatz. Das Bischofsgef\u00e4ngnis in Saint-Jean-Pied-de-Port ist ein emblematisches [&hellip;]<\/p>\n","protected":false},"author":1,"featured_media":71028,"comment_status":"closed","ping_status":"closed","sticky":false,"template":"","format":"standard","meta":{"_acf_changed":false,"_seopress_robots_primary_cat":"none","_seopress_titles_title":"Besuchen Sie das Gef\u00e4ngnis der Bisch\u00f6fe in Saint-Jean-Pied-de-Port 64","_seopress_titles_desc":"Das Bischofsgef\u00e4ngnis in Saint-Jean-Pied-de-Port ist ein emblematisches Denkmal des historischen Erbes des Baskenlandes. Jahrhundert erbaut und war urspr\u00fcnglich f\u00fcr die Unterbringung der Bisch\u00f6fe gedacht, die die Region besuchten, aber seine Rolle \u00e4nderte sich schnell. Es wurde zu einem ber\u00fcchtigten Gef\u00e4ngnis, vor allem in Zeiten politischer und religi\u00f6ser Konflikte.  ","_seopress_robots_index":"","inline_featured_image":false,"gt_fse_maillage_image":"https:\/\/www.camping-biper-gorri.com\/wp-content\/uploads\/2025\/10\/visite-prison-des-eveques-st-jean-pied-de-port-cta.jpg","gt_fse_maillage_titre":"Bischofsgef\u00e4ngnis","gt_fse_maillage_alt":"Besuch im Gef\u00e4ngnis der Bisch\u00f6fe von St. Jean pied de port","gt_fse_maillage_resume":"","footnotes":""},"categories":[60],"tags":[71],"class_list":["post-88328","post","type-post","status-publish","format-standard","has-post-thumbnail","hentry","category-orte","tag-schloss"],"acf":[],"_links":{"self":[{"href":"https:\/\/www.camping-biper-gorri.com\/de\/wp-json\/wp\/v2\/posts\/88328","targetHints":{"allow":["GET"]}}],"collection":[{"href":"https:\/\/www.camping-biper-gorri.com\/de\/wp-json\/wp\/v2\/posts"}],"about":[{"href":"https:\/\/www.camping-biper-gorri.com\/de\/wp-json\/wp\/v2\/types\/post"}],"author":[{"embeddable":true,"href":"https:\/\/www.camping-biper-gorri.com\/de\/wp-json\/wp\/v2\/users\/1"}],"replies":[{"embeddable":true,"href":"https:\/\/www.camping-biper-gorri.com\/de\/wp-json\/wp\/v2\/comments?post=88328"}],"version-history":[{"count":5,"href":"https:\/\/www.camping-biper-gorri.com\/de\/wp-json\/wp\/v2\/posts\/88328\/revisions"}],"predecessor-version":[{"id":90587,"href":"https:\/\/www.camping-biper-gorri.com\/de\/wp-json\/wp\/v2\/posts\/88328\/revisions\/90587"}],"wp:featuredmedia":[{"embeddable":true,"href":"https:\/\/www.camping-biper-gorri.com\/de\/wp-json\/wp\/v2\/media\/71028"}],"wp:attachment":[{"href":"https:\/\/www.camping-biper-gorri.com\/de\/wp-json\/wp\/v2\/media?parent=88328"}],"wp:term":[{"taxonomy":"category","embeddable":true,"href":"https:\/\/www.camping-biper-gorri.com\/de\/wp-json\/wp\/v2\/categories?post=88328"},{"taxonomy":"post_tag","embeddable":true,"href":"https:\/\/www.camping-biper-gorri.com\/de\/wp-json\/wp\/v2\/tags?post=88328"}],"curies":[{"name":"wp","href":"https:\/\/api.w.org\/{rel}","templated":true}]}}