{"id":88292,"date":"2025-10-07T08:54:00","date_gmt":"2025-10-07T08:54:00","guid":{"rendered":"https:\/\/www.camping-biper-gorri.com\/nicht-kategorisiert\/visite-chateau-urtubie\/"},"modified":"2025-10-31T09:28:25","modified_gmt":"2025-10-31T09:28:25","slug":"besichtigung-schloss-urtubie","status":"publish","type":"post","link":"https:\/\/www.camping-biper-gorri.com\/de\/orte\/besichtigung-schloss-urtubie\/","title":{"rendered":"Besichtigung des Schlosses von Urtubie"},"content":{"rendered":"\n<section class=\"wp-block-group alignfull gt_2-cta_007__bis article has-global-padding is-layout-constrained wp-container-core-group-is-layout-8f482fdf wp-block-group-is-layout-constrained\" style=\"margin-top:0px;margin-bottom:0px;padding-top:var(--wp--preset--spacing--10)\">\n<div class=\"wp-block-group alignfull full-width is-vertical is-content-justification-center is-nowrap is-layout-flex wp-container-core-group-is-layout-810f5976 wp-block-group-is-layout-flex\" style=\"border-radius:0px;margin-top:0px;margin-right:0px;margin-bottom:0px;margin-left:0px;padding-top:0px;padding-right:0;padding-bottom:0px;padding-left:0\">\n<p class=\"has-text-align-center\">Von unserem <a href=\"https:\/\/www.camping-biper-gorri.com\/de\/\">Campingplatz in Espelette<\/a> aus k\u00f6nnen Sie das <strong>prestigetr\u00e4chtige Ch\u00e2teau d&#8217;Urtubie<\/strong> entdecken. Nur wenige Kilometer von <a href=\"https:\/\/www.camping-biper-gorri.com\/de\/orte\/saint-jean-de-luz-tourismus\/\">Saint-Jean-de-Luz<\/a> und nahe der spanischen Grenze gelegen, ist unser Campingplatz ein ausgezeichneter Ausgangspunkt f\u00fcr diesen Besuch, der reich an <strong>Geschichte<\/strong> und <strong>Charme<\/strong> ist.<\/p>\n\n\n\n<div class=\"wp-block-columns alignwide is-layout-flex wp-container-core-columns-is-layout-93fef87a wp-block-columns-is-layout-flex\" style=\"border-radius:0px;margin-top:0px;margin-right:0px;margin-bottom:0px;margin-left:0px;padding-top:0px;padding-right:0px;padding-bottom:0px;padding-left:0px\">\n<div class=\"wp-block-column is-vertically-aligned-top two-images is-layout-flow wp-block-column-is-layout-flow\" style=\"flex-basis:55%\">\n<div class=\"wp-block-group is-content-justification-center is-nowrap is-layout-flex wp-container-core-group-is-layout-d019b8d0 wp-block-group-is-layout-flex\" style=\"margin-top:0px;margin-right:0px;margin-bottom:0px;margin-left:0px\">\n<figure class=\"wp-block-image aligncenter size-full\"><img decoding=\"async\" width=\"967\" height=\"655\" src=\"https:\/\/www.camping-biper-gorri.com\/wp-content\/uploads\/2025\/10\/decouvrez-le-chateau-d-urtubie-lors-de-votre-sejour-au-camping.jpg\" alt=\"Entdecken Sie das Schloss von Utubie w&#xE4;hrend Ihres Aufenthaltes auf dem Campingplatz.\" class=\"wp-image-73721\" srcset=\"https:\/\/www.camping-biper-gorri.com\/wp-content\/uploads\/2025\/10\/decouvrez-le-chateau-d-urtubie-lors-de-votre-sejour-au-camping.jpg 967w, https:\/\/www.camping-biper-gorri.com\/wp-content\/uploads\/2025\/10\/decouvrez-le-chateau-d-urtubie-lors-de-votre-sejour-au-camping-300x203.jpg 300w, https:\/\/www.camping-biper-gorri.com\/wp-content\/uploads\/2025\/10\/decouvrez-le-chateau-d-urtubie-lors-de-votre-sejour-au-camping-768x520.jpg 768w\" sizes=\"(max-width: 967px) 100vw, 967px\" \/><\/figure>\n<\/div>\n<\/div>\n\n\n\n<div class=\"wp-block-column is-vertically-aligned-center is-layout-flow wp-block-column-is-layout-flow\" style=\"flex-basis:45%\">\n<div class=\"wp-block-group has-global-padding is-content-justification-left is-layout-constrained wp-container-core-group-is-layout-1c1e5e78 wp-block-group-is-layout-constrained\" style=\"margin-top:0px;margin-right:0px;margin-bottom:0px;margin-left:0px\">\n<h2 class=\"wp-block-heading\"><strong>Entdecken Sie das Schloss von Urtubie<\/strong> <br\/>w\u00e4hrend Ihres Aufenthaltes auf dem Campingplatz<\/h2>\n\n\n\n<p>Das <a href=\"https:\/\/chateaudurtubie.net\/en\/\" target=\"_blank\" rel=\"noreferrer noopener nofollow\">Schloss von Urtubie<\/a>, das 1341 auf Befehl von K\u00f6nig Edward III. von England erbaut wurde, um die Stra\u00dfe nach Spanien zu kontrollieren, ist ein Zeugnis von <strong>sechs Jahrhunderten baskischer Geschichte<\/strong>. Im Laufe der Jahre erlangte die Familie d&#8217;Urtubie immer wichtigere Positionen.<\/p>\n\n\n    <div id=\"gt-fse-lire-plus-69f2b4184dc98\" class=\"gt-fse-lire-plus\" data-min-height=\"130\" style=\"background-color: #f9f9f9;\">\n        <input id=\"gt-fse-lire-plus-69f2b4184dc98-toggle\" type=\"checkbox\" class=\"gt-fse-lire-plus__toggle\" \/>\n        <label for=\"gt-fse-lire-plus-69f2b4184dc98-toggle\" class=\"gt-fse-lire-plus__toggle-label\">\n            <span>Mehr lesen<\/span>\n            <span>Weniger lesen<\/span>\n        <\/label>\n        <div class=\"gt-fse-lire-plus__content\" style=\"height: 130px;\">\n            \n\n<p>Das Ch\u00e2teau d&#8217;Urtubie bietet mit seinen eleganten und raffinierten Innenr\u00e4umen eine <strong>authentische Erfahrung<\/strong> der franz\u00f6sischen Lebensart. Es liegt nur 3 km von Saint-Jean-de-Luz und 9 km von Spanien entfernt und genie\u00dft somit eine privilegierte Lage. Neben der Besichtigung der Innenr\u00e4ume k\u00f6nnen die Besucher durch den <strong>englischen Park<\/strong> spazieren und <strong>historische Elemente<\/strong> wie die Kapelle aus dem <sup>17<\/sup>. Jahrhundert, die Orangerie aus dem <sup>18<\/sup>. Jahrhundert und das Kr\u00e4uterb\u00fcro aus dem <sup>19<\/sup>.  <\/p>\n\n\n\n<p>Das Schloss Urtubie, urspr\u00fcnglich eine <strong>Festung aus dem <sup>14<\/sup>. Jahrhundert<\/strong>, l\u00e4dt Sie zu einem kurzen oder l\u00e4ngeren Aufenthalt in Saint-Jean de Luz &#8211; Urrugne, im Departement Pyr\u00e9n\u00e9es-Atlantiques, ein. Dieses <strong>elegante Herren<\/strong>haus im Herzen des Baskenlandes bietet Ihnen einen 6 Hektar gro\u00dfen Park, eine alte Orangerie und nat\u00fcrlich ein pr\u00e4chtiges Schwimmbad im Freien, das eine <strong>geschichtstr\u00e4chtige Atmosph\u00e4re<\/strong> f\u00fcr einen unvergesslichen Urlaub bietet. <\/p>\n\n            <div class=\"gt-fse-lire-plus__gradient\" style=\"background: linear-gradient(to bottom,rgba(249,249,249,0) 0%,rgba(249,249,249,1) 100%);\"><\/div>\n        <\/div>\n    <\/div>\n    <\/div>\n<\/div>\n<\/div>\n\n\n\n<div class=\"wp-block-columns is-layout-flex wp-container-core-columns-is-layout-14cf5ab5 wp-block-columns-is-layout-flex\">\n<div class=\"wp-block-column is-layout-flow wp-block-column-is-layout-flow\">\n<div class=\"wp-block-group has-custom-ver-eau-clair-background-color has-background has-global-padding is-layout-constrained wp-container-core-group-is-layout-9597dc02 wp-block-group-is-layout-constrained\" style=\"border-radius:15px;padding-top:var(--wp--preset--spacing--10);padding-right:var(--wp--preset--spacing--10);padding-bottom:var(--wp--preset--spacing--10);padding-left:var(--wp--preset--spacing--10)\">\n<p class=\"has-text-align-center has-custom-vert-fonce-color has-text-color has-link-color wp-elements-4328c12aeeaa93cc1572180c5f97c2a7\" style=\"font-size:clamp(0.984rem, 0.984rem + ((1vw - 0.2rem) * 0.86), 1.5rem);font-style:normal;font-weight:500;text-transform:uppercase\">\u00d6ffnungszeiten<\/p>\n\n\n\n<p>Das Schlosshotel empf\u00e4ngt Sie vom 13. Juni bis zum 15. September. <br\/>Das Schlossmuseum ist vom 1. April bis zum 3. November ge\u00f6ffnet.<\/p>\n<\/div>\n<\/div>\n\n\n\n<div class=\"wp-block-column is-layout-flow wp-block-column-is-layout-flow\">\n<div class=\"wp-block-group has-custom-ver-eau-clair-background-color has-background has-global-padding is-layout-constrained wp-container-core-group-is-layout-9597dc02 wp-block-group-is-layout-constrained\" style=\"border-radius:15px;padding-top:var(--wp--preset--spacing--10);padding-right:var(--wp--preset--spacing--10);padding-bottom:var(--wp--preset--spacing--10);padding-left:var(--wp--preset--spacing--10)\">\n<p class=\"has-text-align-center has-custom-vert-fonce-color has-text-color has-link-color wp-elements-379dbbeaec28d9d117e5083146cfca57\" style=\"font-size:clamp(0.984rem, 0.984rem + ((1vw - 0.2rem) * 0.86), 1.5rem);font-style:normal;font-weight:500;text-transform:uppercase\">Preise<\/p>\n\n\n\n<ul class=\"wp-block-list\">\n<li>Voller Tarif: <strong>9 \u20ac.<\/strong><\/li>\n\n\n\n<li>Erm\u00e4\u00dfigter Tarif: <strong>5 \u20ac.<\/strong><\/li>\n\n\n\n<li>Kinder von 5 bis 16 Jahren<\/li>\n\n\n\n<li>Gruppentarif: <strong>7,50 \u20ac.<\/strong><\/li>\n<\/ul>\n<\/div>\n<\/div>\n<\/div>\n\n\n\n<p class=\"has-text-align-center gt-no-padding-mobile\" style=\"margin-top:0;margin-right:var(--wp--preset--spacing--60);margin-left:var(--wp--preset--spacing--60)\"><strong>Parkm\u00f6glichkeiten<\/strong> vor Ort<\/p>\n\n\n\n<figure class=\"wp-block-image size-full is-resized\" style=\"margin-top:0px;margin-right:0px;margin-bottom:0px;margin-left:0px\"><img decoding=\"async\" width=\"464\" height=\"221\" src=\"https:\/\/www.camping-biper-gorri.com\/wp-content\/uploads\/2025\/08\/soleil.png\" alt=\"gorri pieper\" class=\"wp-image-188\" style=\"width:463.0675354003906px\" srcset=\"https:\/\/www.camping-biper-gorri.com\/wp-content\/uploads\/2025\/08\/soleil.png 464w, https:\/\/www.camping-biper-gorri.com\/wp-content\/uploads\/2025\/08\/soleil-300x143.png 300w\" sizes=\"(max-width: 464px) 100vw, 464px\" \/><\/figure>\n<\/div>\n<\/section>\n\n<section class=\"wp-block-group alignfull gt_1-cta-1photo_003 article is-layout-flow wp-block-group-is-layout-flow\" style=\"margin-top:0px;margin-bottom:0px;padding-bottom:153px\">\n<div class=\"wp-block-group has-global-padding is-layout-constrained wp-container-core-group-is-layout-c3c54179 wp-block-group-is-layout-constrained\" style=\"padding-bottom:101px\">\n<div class=\"wp-block-cover aligncenter has-custom-content-position is-position-bottom-center animated fadeIn\" style=\"min-height:70vh;aspect-ratio:unset;\"><img decoding=\"async\" width=\"1024\" height=\"436\" class=\"wp-block-cover__image-background wp-image-73726 size-large\" alt=\"comment bien preparer son depart depuis le camping pour le chateau d urtubie\" src=\"https:\/\/www.camping-biper-gorri.com\/wp-content\/uploads\/2025\/10\/comment-bien-preparer-son-depart-depuis-le-camping-pour-le-chateau-d-urtubie-1024x436.jpg\" data-object-fit=\"cover\" srcset=\"https:\/\/www.camping-biper-gorri.com\/wp-content\/uploads\/2025\/10\/comment-bien-preparer-son-depart-depuis-le-camping-pour-le-chateau-d-urtubie-1024x436.jpg 1024w, https:\/\/www.camping-biper-gorri.com\/wp-content\/uploads\/2025\/10\/comment-bien-preparer-son-depart-depuis-le-camping-pour-le-chateau-d-urtubie-300x128.jpg 300w, https:\/\/www.camping-biper-gorri.com\/wp-content\/uploads\/2025\/10\/comment-bien-preparer-son-depart-depuis-le-camping-pour-le-chateau-d-urtubie-768x327.jpg 768w, https:\/\/www.camping-biper-gorri.com\/wp-content\/uploads\/2025\/10\/comment-bien-preparer-son-depart-depuis-le-camping-pour-le-chateau-d-urtubie.jpg 1500w\" sizes=\"(max-width: 1024px) 100vw, 1024px\" \/><span aria-hidden=\"true\" class=\"wp-block-cover__background has-contrast-background-color has-background-dim-0 has-background-dim\"><\/span><div class=\"wp-block-cover__inner-container is-layout-flow wp-block-cover-is-layout-flow\">\n<div class=\"wp-block-group titre-deco is-vertical is-content-justification-center is-layout-flex wp-container-core-group-is-layout-ab6239d0 wp-block-group-is-layout-flex\" style=\"margin-bottom:0px\">\n<p class=\"has-text-align-center has-base-2-color has-text-color has-link-color has-olive-citrus-font-family wp-elements-9ac67dbb5d7599f6b3dab0ace56345b4\" style=\"font-size:clamp(3.615rem, 3.615rem + ((1vw - 0.2rem) * 6.475), 7.5rem);line-height:0.4\">Ausflug<\/p>\n\n\n\n<p class=\"has-text-align-center has-base-2-color has-text-color has-link-color has-boho-monoline-font-family wp-elements-ec67303eaa9e0fce8e32fbcbdf911859\" style=\"font-size:clamp(3.521rem, 3.521rem + ((1vw - 0.2rem) * 6.215), 7.25rem);line-height:0.86\">vorbereiten<\/p>\n<\/div>\n<\/div><\/div>\n<\/div>\n\n\n\n<div class=\"wp-block-group alignfull full-width has-global-padding is-layout-constrained wp-container-core-group-is-layout-8c8c9b81 wp-block-group-is-layout-constrained\" style=\"border-radius:0px;margin-top:0px;margin-right:0px;margin-bottom:0px;margin-left:0px;padding-top:0px;padding-right:var(--wp--preset--spacing--50);padding-bottom:0px;padding-left:var(--wp--preset--spacing--50)\">\n<h2 class=\"wp-block-heading has-text-align-center full-width has-text-color\" style=\"color:rgba(255,255,255,1)\"><strong>Wie k\u00f6nnen Sie Ihre Abreise <br\/>vom Campingplatz zum Schloss von Urtubie gut vorbereiten?<\/strong><\/h2>\n\n\n\n<div style=\"height:2rem\" aria-hidden=\"true\" class=\"wp-block-spacer gt-show-mobile\"><\/div>\n\n\n\n<p class=\"has-base-2-color has-text-color has-link-color wp-elements-d07faddbbf2521d8c295d85ef9419768\">Von unserem Campingplatz in der N\u00e4he des Schlosses von Urtubie aus, finden Sie hier einige Tipps f\u00fcr einen erfolgreichen Besuch:<\/p>\n\n\n\n<ol style=\"padding-left:var(--wp--preset--spacing--30)\" class=\"wp-block-list has-base-2-color has-text-color has-link-color wp-elements-28b95af8a5bad07fa78a5cbba6c7ab0f\">\n<li>Pr\u00fcfen Sie, ob Sie im Voraus buchen m\u00fcssen.<\/li>\n\n\n\n<li><strong>Karte oder GPS<\/strong>: um Sie zum Schloss zu f\u00fchren.<\/li>\n\n\n\n<li><strong>Fotoapparat<\/strong>: um die wundersch\u00f6ne Landschaft und die Architektur des Schlosses festzuhalten.<\/li>\n\n\n\n<li><strong>Notizbuch und Stift<\/strong>: f\u00fcr Notizen oder Zeichnungen.<\/li>\n\n\n\n<li><strong>Dauer der Besichtigung<\/strong>: Planen Sie gen\u00fcgend Zeit ein, um das Schloss und seine G\u00e4rten zu erkunden.<\/li>\n\n\n\n<li><strong>Andere Aktivit\u00e4ten<\/strong>: Informieren Sie sich \u00fcber andere Sehensw\u00fcrdigkeiten in der N\u00e4he, die Sie nach dem Besuch besuchen k\u00f6nnen.<\/li>\n<\/ol>\n\n\n\n<p class=\"has-base-2-color has-text-color has-link-color wp-elements-f40c99694f06eb7efa863b374a450921\">Das Schloss von Urtubie bietet einen <strong>au\u00dfergew\u00f6hnlichen Ein<\/strong> blick in die Geschichte des Baskenlandes, zwischen <strong>architektonischem Erbe<\/strong> und <strong>zeitloser Eleganz<\/strong>.<\/p>\n<\/div>\n<\/section>\n","protected":false},"excerpt":{"rendered":"<p>Von unserem Campingplatz in Espelette aus k\u00f6nnen Sie das prestigetr\u00e4chtige Ch\u00e2teau d&#8217;Urtubie entdecken. Nur wenige Kilometer von Saint-Jean-de-Luz und nahe der spanischen Grenze gelegen, ist unser Campingplatz ein ausgezeichneter Ausgangspunkt f\u00fcr diesen Besuch, der reich an Geschichte und Charme ist. Entdecken Sie das Schloss von Urtubie w\u00e4hrend Ihres Aufenthaltes auf dem Campingplatz Das Schloss von [&hellip;]<\/p>\n","protected":false},"author":1,"featured_media":73714,"comment_status":"closed","ping_status":"closed","sticky":false,"template":"","format":"standard","meta":{"_acf_changed":false,"_seopress_robots_primary_cat":"none","_seopress_titles_title":"Besichtigung des Schlosses von Urtubie im Baskenland: unsere praktischen Informationen","_seopress_titles_desc":"Das Schloss von Urtubie, das 1341 auf Befehl von K\u00f6nig Edward III. von England erbaut wurde, um die Stra\u00dfe nach Spanien zu kontrollieren, zeugt von sechs Jahrhunderten baskischer Geschichte.","_seopress_robots_index":"","inline_featured_image":false,"gt_fse_maillage_image":"https:\/\/www.camping-biper-gorri.com\/wp-content\/uploads\/2025\/10\/visite-chateau-urtubie-cta.jpg","gt_fse_maillage_titre":"Schloss Urtubie","gt_fse_maillage_alt":"Besuch des Schlosses Utubie","gt_fse_maillage_resume":"","footnotes":""},"categories":[60],"tags":[71],"class_list":["post-88292","post","type-post","status-publish","format-standard","has-post-thumbnail","hentry","category-orte","tag-schloss"],"acf":[],"_links":{"self":[{"href":"https:\/\/www.camping-biper-gorri.com\/de\/wp-json\/wp\/v2\/posts\/88292","targetHints":{"allow":["GET"]}}],"collection":[{"href":"https:\/\/www.camping-biper-gorri.com\/de\/wp-json\/wp\/v2\/posts"}],"about":[{"href":"https:\/\/www.camping-biper-gorri.com\/de\/wp-json\/wp\/v2\/types\/post"}],"author":[{"embeddable":true,"href":"https:\/\/www.camping-biper-gorri.com\/de\/wp-json\/wp\/v2\/users\/1"}],"replies":[{"embeddable":true,"href":"https:\/\/www.camping-biper-gorri.com\/de\/wp-json\/wp\/v2\/comments?post=88292"}],"version-history":[{"count":5,"href":"https:\/\/www.camping-biper-gorri.com\/de\/wp-json\/wp\/v2\/posts\/88292\/revisions"}],"predecessor-version":[{"id":90652,"href":"https:\/\/www.camping-biper-gorri.com\/de\/wp-json\/wp\/v2\/posts\/88292\/revisions\/90652"}],"wp:featuredmedia":[{"embeddable":true,"href":"https:\/\/www.camping-biper-gorri.com\/de\/wp-json\/wp\/v2\/media\/73714"}],"wp:attachment":[{"href":"https:\/\/www.camping-biper-gorri.com\/de\/wp-json\/wp\/v2\/media?parent=88292"}],"wp:term":[{"taxonomy":"category","embeddable":true,"href":"https:\/\/www.camping-biper-gorri.com\/de\/wp-json\/wp\/v2\/categories?post=88292"},{"taxonomy":"post_tag","embeddable":true,"href":"https:\/\/www.camping-biper-gorri.com\/de\/wp-json\/wp\/v2\/tags?post=88292"}],"curies":[{"name":"wp","href":"https:\/\/api.w.org\/{rel}","templated":true}]}}