{"id":88288,"date":"2025-10-07T09:00:18","date_gmt":"2025-10-07T09:00:18","guid":{"rendered":"https:\/\/www.camping-biper-gorri.com\/nicht-kategorisiert\/visite-chateau-fort-mauleon\/"},"modified":"2025-10-31T09:29:27","modified_gmt":"2025-10-31T09:29:27","slug":"besichtigung-burg-mauleon","status":"publish","type":"post","link":"https:\/\/www.camping-biper-gorri.com\/de\/orte\/besichtigung-burg-mauleon\/","title":{"rendered":"Besuchen Sie die Burg von Maul\u00e9on"},"content":{"rendered":"\n<section class=\"wp-block-group alignfull gt_2-cta_007__bis article has-global-padding is-layout-constrained wp-container-core-group-is-layout-af077e47 wp-block-group-is-layout-constrained\" style=\"margin-top:0px;margin-bottom:0px;padding-top:1rem\">\n<div class=\"wp-block-group alignfull full-width is-vertical is-content-justification-center is-nowrap is-layout-flex wp-container-core-group-is-layout-810f5976 wp-block-group-is-layout-flex\" style=\"border-radius:0px;margin-top:0px;margin-right:0px;margin-bottom:0px;margin-left:0px;padding-top:0px;padding-right:0;padding-bottom:0px;padding-left:0\">\n<p class=\"has-text-align-center gt-no-padding-mobile\" style=\"padding-right:var(--wp--preset--spacing--60);padding-left:var(--wp--preset--spacing--60)\">Nutzen Sie Ihren Aufenthalt auf unserem <a href=\"https:\/\/www.camping-biper-gorri.com\/de\/\">Campingplatz in Espelette<\/a>, um die <strong>majest\u00e4tische<\/strong> <a href=\"https:\/\/www.guide-du-paysbasque.com\/en\/tourism\/discover\/tourist-sites\/castles\/mauleon-licharre-29\/castle-of-mauleon-licharre-7284.html\" target=\"_blank\" rel=\"noreferrer noopener nofollow\">Burg von Maul\u00e9on<\/a> zu besichtigen, die als W\u00e4chter des inneren Baskenlandes gilt. Unser Campingplatz liegt nur eine Stunde entfernt und ist der ideale Ausgangspunkt f\u00fcr einen Ausflug, der <strong>Geschichte<\/strong> und <strong>gro\u00dfartige Landschaften<\/strong> miteinander verbindet.<\/p>\n\n\n\n<div class=\"wp-block-columns alignwide is-layout-flex wp-container-core-columns-is-layout-93fef87a wp-block-columns-is-layout-flex\" style=\"border-radius:0px;margin-top:0px;margin-right:0px;margin-bottom:0px;margin-left:0px;padding-top:0px;padding-right:0px;padding-bottom:0px;padding-left:0px\">\n<div class=\"wp-block-column is-vertically-aligned-top two-images is-layout-flow wp-block-column-is-layout-flow\" style=\"flex-basis:55%\">\n<div class=\"wp-block-group is-content-justification-center is-nowrap is-layout-flex wp-container-core-group-is-layout-d019b8d0 wp-block-group-is-layout-flex\" style=\"margin-top:0px;margin-right:0px;margin-bottom:0px;margin-left:0px\">\n<figure class=\"wp-block-image aligncenter size-full\"><img decoding=\"async\" width=\"348\" height=\"648\" src=\"https:\/\/www.camping-biper-gorri.com\/wp-content\/uploads\/2025\/10\/visiter-le-chateau-fort-de-mauleon.jpg\" alt=\"Besichtigung der Burg von Mauleon\" class=\"wp-image-75832\" srcset=\"https:\/\/www.camping-biper-gorri.com\/wp-content\/uploads\/2025\/10\/visiter-le-chateau-fort-de-mauleon.jpg 348w, https:\/\/www.camping-biper-gorri.com\/wp-content\/uploads\/2025\/10\/visiter-le-chateau-fort-de-mauleon-161x300.jpg 161w\" sizes=\"(max-width: 348px) 100vw, 348px\" \/><\/figure>\n<\/div>\n<\/div>\n\n\n\n<div class=\"wp-block-column is-vertically-aligned-center is-layout-flow wp-block-column-is-layout-flow\" style=\"flex-basis:45%\">\n<div class=\"wp-block-group has-global-padding is-content-justification-left is-layout-constrained wp-container-core-group-is-layout-1c1e5e78 wp-block-group-is-layout-constrained\" style=\"margin-top:0px;margin-right:0px;margin-bottom:0px;margin-left:0px\">\n<h2 class=\"wp-block-heading\"><strong>Entdecken Sie die Burg<\/strong> w\u00e4hrend Ihres Aufenthalts auf dem Campingplatz<\/h2>\n\n\n\n<p>Das Ch\u00e2teau Fort de Maul\u00e9on liegt in der charmanten Gemeinde <a href=\"https:\/\/www.mauleon-licharre.fr\/\" target=\"_blank\" rel=\"noreferrer noopener nofollow\">Maul\u00e9on-Licharre<\/a> und ist ein emblematisches Zeugnis der <strong>mittelalterlichen Geschichte der Region<\/strong>. Jahrhundert erbaute Schloss dominiert das Tal des Luy und bietet einen atemberaubenden Blick auf die umliegenden Landschaften. Mit seinen imposanten Mauern und T\u00fcrmen l\u00e4dt es die Besucher ein, <strong>in die Vergangenheit einzutauchen<\/strong> und die <strong>vielen Legenden<\/strong> zu erforschen.<\/p>\n\n\n    <div id=\"gt-fse-lire-plus-69f71f5697257\" class=\"gt-fse-lire-plus\" data-min-height=\"130\" style=\"background-color: #f9f9f9;\">\n        <input id=\"gt-fse-lire-plus-69f71f5697257-toggle\" type=\"checkbox\" class=\"gt-fse-lire-plus__toggle\" \/>\n        <label for=\"gt-fse-lire-plus-69f71f5697257-toggle\" class=\"gt-fse-lire-plus__toggle-label\">\n            <span>Mehr lesen<\/span>\n            <span>Weniger lesen<\/span>\n        <\/label>\n        <div class=\"gt-fse-lire-plus__content\" style=\"height: 130px;\">\n            \n\n<p>Bei einem Rundgang durch die Stadtmauern, T\u00fcrme und Innenh\u00f6fe tauchen die Besucher in die Atmosph\u00e4re der gro\u00dfen Zeiten des Feudalismus ein. Dieser <g id=\"gid_0\">geschichtstr\u00e4chtige Ort<\/g> hat die Epochen \u00fcberdauert und wurde von einer milit\u00e4rischen Festung \u00fcber ein Gef\u00e4ngnis bis hin zu einer f\u00fcr Besucher zug\u00e4nglichen St\u00e4tte des Kulturerbes. Zahlreiche Schautafeln s\u00e4umen den Weg, um die wichtigsten Etappen der Geschichte zu erz\u00e4hlen.  <\/p>\n\n\n\n<p>Von den Stadtmauern aus bietet sich ein spektakul\u00e4res <strong>360\u00b0-Panorama \u00fcber Soule<\/strong> und die umliegenden Berge. An klaren Tagen sind die Gipfel der Pyren\u00e4en zu sehen und bieten eine atemberaubende Kulisse. <\/p>\n\n\n\n<p>Das Schloss bietet <strong>freie Besichtigungen und F\u00fchrungen<\/strong> mit \u00d6ffnungszeiten, die an jede Jahreszeit angepasst sind. Das ganze Jahr \u00fcber finden zahlreiche <strong>kulturelle und mittelalterliche Veranstaltungen<\/strong> statt, die Gro\u00df und Klein begeistern. <\/p>\n\n            <div class=\"gt-fse-lire-plus__gradient\" style=\"background: linear-gradient(to bottom,rgba(249,249,249,0) 0%,rgba(249,249,249,1) 100%);\"><\/div>\n        <\/div>\n    <\/div>\n    <\/div>\n<\/div>\n<\/div>\n\n\n\n<div class=\"wp-block-columns is-layout-flex wp-container-core-columns-is-layout-28f84493 wp-block-columns-is-layout-flex\">\n<div class=\"wp-block-column is-layout-flow wp-block-column-is-layout-flow\">\n<div class=\"wp-block-group has-custom-ver-eau-clair-background-color has-background has-global-padding is-layout-constrained wp-container-core-group-is-layout-9597dc02 wp-block-group-is-layout-constrained\" style=\"border-radius:15px;padding-top:var(--wp--preset--spacing--10);padding-right:var(--wp--preset--spacing--10);padding-bottom:var(--wp--preset--spacing--10);padding-left:var(--wp--preset--spacing--10)\">\n<p class=\"has-text-align-center has-custom-vert-fonce-color has-text-color has-link-color wp-elements-b141447a526d98d1e07f379d3a391b13\" style=\"font-size:clamp(0.984rem, 0.984rem + ((1vw - 0.2rem) * 0.86), 1.5rem);font-style:normal;font-weight:500;text-transform:uppercase\">Besuchszeiten<\/p>\n\n\n\n<ul class=\"wp-block-list\">\n<li><strong>Vom 1\u1d49\u02b3 April bis zum 30. September<\/strong>: t\u00e4glich von 10.00 bis 12.00 Uhr und von 14.00 bis 18.00 Uhr ge\u00f6ffnet.<\/li>\n\n\n\n<li><strong>Vom 1\u1d49\u02b3 Oktober bis 31. M\u00e4rz<\/strong>: am Wochenende und w\u00e4hrend der Schulferien von 14.00 bis 17.00 Uhr ge\u00f6ffnet.<\/li>\n<\/ul>\n<\/div>\n<\/div>\n\n\n\n<div class=\"wp-block-column middle is-layout-flow wp-block-column-is-layout-flow\" style=\"border-right-style:none;border-right-width:0px;border-left-style:none;border-left-width:0px;padding-right:var(--wp--preset--spacing--10);padding-left:var(--wp--preset--spacing--10)\">\n<div class=\"wp-block-group has-custom-ver-eau-clair-background-color has-background has-global-padding is-layout-constrained wp-container-core-group-is-layout-9597dc02 wp-block-group-is-layout-constrained\" style=\"border-radius:15px;padding-top:var(--wp--preset--spacing--10);padding-right:var(--wp--preset--spacing--10);padding-bottom:var(--wp--preset--spacing--10);padding-left:var(--wp--preset--spacing--10)\">\n<p class=\"has-text-align-center has-custom-vert-fonce-color has-text-color has-link-color wp-elements-379dbbeaec28d9d117e5083146cfca57\" style=\"font-size:clamp(0.984rem, 0.984rem + ((1vw - 0.2rem) * 0.86), 1.5rem);font-style:normal;font-weight:500;text-transform:uppercase\">Preise<\/p>\n\n\n\n<ul class=\"wp-block-list\">\n<li><strong>Erwachsene<\/strong>: 5 \u20ac.<\/li>\n\n\n\n<li><strong>Kinder (unter 12 Jahren)<\/strong>: kostenlos<\/li>\n\n\n\n<li><strong>Erm\u00e4\u00dfigter Tarif<\/strong>: 3 \u20ac f\u00fcr Jugendliche von 12 bis 18 Jahren, Studenten und Menschen mit Behinderungen.<\/li>\n<\/ul>\n<\/div>\n<\/div>\n<\/div>\n\n\n\n<p class=\"has-text-align-center has-custom-vert-fonce-color has-text-color has-link-color wp-elements-a3fa60d2c4d91ea42c530936407dfdb4\" style=\"margin-bottom:-35px;font-size:clamp(0.984rem, 0.984rem + ((1vw - 0.2rem) * 0.86), 1.5rem);font-style:normal;font-weight:500;text-transform:uppercase\">Zug\u00e4nglichkeit<\/p>\n\n\n\n<p class=\"has-text-align-center gt-no-padding-mobile\" style=\"padding-right:var(--wp--preset--spacing--60);padding-left:var(--wp--preset--spacing--60)\">Das Ch\u00e2teau fort de Maul\u00e9on bem\u00fcht sich, f\u00fcr <strong>Personen mit eingeschr\u00e4nkter Mobilit\u00e4t (PMR)<\/strong> zug\u00e4nglich zu sein. Einige Bereiche der Anlage k\u00f6nnen aufgrund der mittelalterlichen Architektur schwer zug\u00e4nglich sein, aber es wurden Anstrengungen unternommen, um die Besucher willkommen zu hei\u00dfen. Es wird empfohlen, das Schloss im Voraus zu kontaktieren, um <g id=\"gid_1\">genaue Informationen<\/g> \u00fcber die Zug\u00e4nglichkeit der verschiedenen Bereiche zu erhalten. Ein Besuch der Burg von Maul\u00e9on bedeutet, einen <strong>Schatz des baskischen Kulturerbes<\/strong> zu entdecken und gleichzeitig eine <strong>au\u00dfergew\u00f6hnliche nat\u00fcrliche Umgebung<\/strong> zu genie\u00dfen.   <\/p>\n\n\n\n<figure class=\"wp-block-image size-full is-resized\" style=\"margin-top:0px;margin-right:0px;margin-bottom:0px;margin-left:0px\"><img decoding=\"async\" width=\"464\" height=\"221\" src=\"https:\/\/www.camping-biper-gorri.com\/wp-content\/uploads\/2025\/08\/soleil.png\" alt=\"gorri pieper\" class=\"wp-image-188\" style=\"width:463.0675354003906px\" srcset=\"https:\/\/www.camping-biper-gorri.com\/wp-content\/uploads\/2025\/08\/soleil.png 464w, https:\/\/www.camping-biper-gorri.com\/wp-content\/uploads\/2025\/08\/soleil-300x143.png 300w\" sizes=\"(max-width: 464px) 100vw, 464px\" \/><\/figure>\n<\/div>\n<\/section>\n\n<section class=\"wp-block-group alignfull gt_1-cta-1photo_003 article is-layout-flow wp-block-group-is-layout-flow\" style=\"margin-top:0px;margin-bottom:0px;padding-bottom:153px\">\n<div class=\"wp-block-group has-global-padding is-layout-constrained wp-container-core-group-is-layout-c3c54179 wp-block-group-is-layout-constrained\" style=\"padding-bottom:101px\">\n<div class=\"wp-block-cover aligncenter has-custom-content-position is-position-bottom-center animated fadeIn\" style=\"min-height:70vh;aspect-ratio:unset;\"><img decoding=\"async\" width=\"1024\" height=\"436\" class=\"wp-block-cover__image-background wp-image-75837 size-large\" alt=\"comment bien preparer son depart depuis le camping pour le chateau fort de mauleon\" src=\"https:\/\/www.camping-biper-gorri.com\/wp-content\/uploads\/2025\/10\/comment-bien-preparer-son-depart-depuis-le-camping-pour-le-chateau-fort-de-mauleon-1024x436.jpg\" data-object-fit=\"cover\" srcset=\"https:\/\/www.camping-biper-gorri.com\/wp-content\/uploads\/2025\/10\/comment-bien-preparer-son-depart-depuis-le-camping-pour-le-chateau-fort-de-mauleon-1024x436.jpg 1024w, https:\/\/www.camping-biper-gorri.com\/wp-content\/uploads\/2025\/10\/comment-bien-preparer-son-depart-depuis-le-camping-pour-le-chateau-fort-de-mauleon-300x128.jpg 300w, https:\/\/www.camping-biper-gorri.com\/wp-content\/uploads\/2025\/10\/comment-bien-preparer-son-depart-depuis-le-camping-pour-le-chateau-fort-de-mauleon-768x327.jpg 768w, https:\/\/www.camping-biper-gorri.com\/wp-content\/uploads\/2025\/10\/comment-bien-preparer-son-depart-depuis-le-camping-pour-le-chateau-fort-de-mauleon.jpg 1500w\" sizes=\"(max-width: 1024px) 100vw, 1024px\" \/><span aria-hidden=\"true\" class=\"wp-block-cover__background has-contrast-background-color has-background-dim-10 has-background-dim\"><\/span><div class=\"wp-block-cover__inner-container is-layout-flow wp-block-cover-is-layout-flow\">\n<div class=\"wp-block-group titre-deco is-vertical is-content-justification-center is-layout-flex wp-container-core-group-is-layout-ab6239d0 wp-block-group-is-layout-flex\" style=\"margin-bottom:0px\">\n<p class=\"has-text-align-center has-base-2-color has-text-color has-link-color has-olive-citrus-font-family wp-elements-9ac67dbb5d7599f6b3dab0ace56345b4\" style=\"font-size:clamp(3.615rem, 3.615rem + ((1vw - 0.2rem) * 6.475), 7.5rem);line-height:0.4\">Ausflug<\/p>\n\n\n\n<p class=\"has-text-align-center has-base-2-color has-text-color has-link-color has-boho-monoline-font-family wp-elements-ec67303eaa9e0fce8e32fbcbdf911859\" style=\"font-size:clamp(3.521rem, 3.521rem + ((1vw - 0.2rem) * 6.215), 7.25rem);line-height:0.86\">vorbereiten<\/p>\n<\/div>\n<\/div><\/div>\n<\/div>\n\n\n\n<div class=\"wp-block-group alignfull full-width has-global-padding is-layout-constrained wp-container-core-group-is-layout-8c8c9b81 wp-block-group-is-layout-constrained\" style=\"border-radius:0px;margin-top:0px;margin-right:0px;margin-bottom:0px;margin-left:0px;padding-top:0px;padding-right:var(--wp--preset--spacing--50);padding-bottom:0px;padding-left:var(--wp--preset--spacing--50)\">\n<h2 class=\"wp-block-heading has-text-align-center full-width has-text-color\" style=\"color:rgba(255,255,255,1)\"><strong>Wie k\u00f6nnen Sie Ihre Abreise <br\/>vom Campingplatz zur Festung von Maul\u00e9on gut vorbereiten?<\/strong><\/h2>\n\n\n\n<div style=\"height:2rem\" aria-hidden=\"true\" class=\"wp-block-spacer gt-show-mobile\"><\/div>\n\n\n\n<p class=\"has-base-2-color has-text-color has-link-color wp-elements-e0a8a4636c423cbb9b3b79fc1df347a8\">Von unserem Campingplatz in der N\u00e4he der Festung von Maul\u00e9on aus k\u00f6nnen Sie hier einige praktische Tipps zur Organisation Ihres Besuchs erhalten:<\/p>\n\n\n\n<ul style=\"padding-left:var(--wp--preset--spacing--30)\" class=\"wp-block-list has-base-2-color has-text-color has-link-color wp-elements-b7dc23d90c692bef9fe1bb6531e1af5a\">\n<li><strong>Eintrittskarten<\/strong>: Denken Sie daran, die Besuchszeiten zu \u00fcberpr\u00fcfen und Ihre Eintrittskarten im Voraus zu kaufen, um Warteschlangen zu vermeiden.<\/li>\n\n\n\n<li><strong>Angemessene Kleidung<\/strong>: Kleiden Sie sich bequem und tragen Sie Wanderschuhe, da Sie verschiedene Gebiete erkunden werden.<\/li>\n\n\n\n<li><strong>Sonnenschutz<\/strong>: Vergessen Sie nicht, Sonnencreme, einen Hut und eine Sonnenbrille mitzubringen, um sich w\u00e4hrend Ihres Besuchs im Freien zu sch\u00fctzen.<\/li>\n\n\n\n<li><strong>Hydration und Snacks<\/strong>: Nehmen Sie eine Flasche Wasser und einige Snacks mit, um den ganzen Tag \u00fcber in Form zu bleiben.<\/li>\n\n\n\n<li><strong>Kamera<\/strong>: Vergessen Sie Ihre Kamera nicht, um die herrliche Aussicht vom Schloss aus einzufangen und Ihr Erlebnis festzuhalten.<\/li>\n<\/ul>\n\n\n\n<p class=\"has-base-2-color has-text-color has-link-color wp-elements-406250a7a485d219dcf2cf9cba0e9a3c\">Die Burg von Maul\u00e9on l\u00e4dt Sie zu einer <strong>Zeitreise<\/strong> zwischen dem mittelalterlichen Erbe und der majest\u00e4tischen Landschaft des inneren Baskenlandes ein.<\/p>\n<\/div>\n<\/section>\n","protected":false},"excerpt":{"rendered":"<p>Nutzen Sie Ihren Aufenthalt auf unserem Campingplatz in Espelette, um die majest\u00e4tische Burg von Maul\u00e9on zu besichtigen, die als W\u00e4chter des inneren Baskenlandes gilt. Unser Campingplatz liegt nur eine Stunde entfernt und ist der ideale Ausgangspunkt f\u00fcr einen Ausflug, der Geschichte und gro\u00dfartige Landschaften miteinander verbindet. Entdecken Sie die Burg w\u00e4hrend Ihres Aufenthalts auf dem [&hellip;]<\/p>\n","protected":false},"author":1,"featured_media":75824,"comment_status":"closed","ping_status":"closed","sticky":false,"template":"","format":"standard","meta":{"_acf_changed":false,"_seopress_robots_primary_cat":"none","_seopress_titles_title":"Besichtigung der Burg von Maul\u00e9on Baskenland: praktische Informationen","_seopress_titles_desc":"Das Ch\u00e2teau Fort de Maul\u00e9on liegt in der charmanten Gemeinde Maul\u00e9on-Licharre und ist ein emblematisches Zeugnis der mittelalterlichen Geschichte der Region.","_seopress_robots_index":"","inline_featured_image":false,"gt_fse_maillage_image":"https:\/\/www.camping-biper-gorri.com\/wp-content\/uploads\/2025\/10\/visite-chateau-fort-mauleon-cta.jpg","gt_fse_maillage_titre":"Burg Maul\u00e9on","gt_fse_maillage_alt":"Besuch des Schlosses Fort Mauleon","gt_fse_maillage_resume":"","footnotes":""},"categories":[60],"tags":[71],"class_list":["post-88288","post","type-post","status-publish","format-standard","has-post-thumbnail","hentry","category-orte","tag-schloss"],"acf":[],"_links":{"self":[{"href":"https:\/\/www.camping-biper-gorri.com\/de\/wp-json\/wp\/v2\/posts\/88288","targetHints":{"allow":["GET"]}}],"collection":[{"href":"https:\/\/www.camping-biper-gorri.com\/de\/wp-json\/wp\/v2\/posts"}],"about":[{"href":"https:\/\/www.camping-biper-gorri.com\/de\/wp-json\/wp\/v2\/types\/post"}],"author":[{"embeddable":true,"href":"https:\/\/www.camping-biper-gorri.com\/de\/wp-json\/wp\/v2\/users\/1"}],"replies":[{"embeddable":true,"href":"https:\/\/www.camping-biper-gorri.com\/de\/wp-json\/wp\/v2\/comments?post=88288"}],"version-history":[{"count":3,"href":"https:\/\/www.camping-biper-gorri.com\/de\/wp-json\/wp\/v2\/posts\/88288\/revisions"}],"predecessor-version":[{"id":90659,"href":"https:\/\/www.camping-biper-gorri.com\/de\/wp-json\/wp\/v2\/posts\/88288\/revisions\/90659"}],"wp:featuredmedia":[{"embeddable":true,"href":"https:\/\/www.camping-biper-gorri.com\/de\/wp-json\/wp\/v2\/media\/75824"}],"wp:attachment":[{"href":"https:\/\/www.camping-biper-gorri.com\/de\/wp-json\/wp\/v2\/media?parent=88288"}],"wp:term":[{"taxonomy":"category","embeddable":true,"href":"https:\/\/www.camping-biper-gorri.com\/de\/wp-json\/wp\/v2\/categories?post=88288"},{"taxonomy":"post_tag","embeddable":true,"href":"https:\/\/www.camping-biper-gorri.com\/de\/wp-json\/wp\/v2\/tags?post=88288"}],"curies":[{"name":"wp","href":"https:\/\/api.w.org\/{rel}","templated":true}]}}