{"id":88248,"date":"2025-10-07T08:27:36","date_gmt":"2025-10-07T08:27:36","guid":{"rendered":"https:\/\/www.camping-biper-gorri.com\/nicht-kategorisiert\/tourisme-plages-san-sebastian\/"},"modified":"2025-10-31T09:23:04","modified_gmt":"2025-10-31T09:23:04","slug":"san-sebastian-straende-tourismus","status":"publish","type":"post","link":"https:\/\/www.camping-biper-gorri.com\/de\/orte\/san-sebastian-straende-tourismus\/","title":{"rendered":"Str\u00e4nde in San Sebasti\u00e1n: Top und praktische Hinweise, um sie zu genie\u00dfen"},"content":{"rendered":"\n<section class=\"wp-block-group alignfull gt_2-cta_007__bis article has-global-padding is-layout-constrained wp-container-core-group-is-layout-8f482fdf wp-block-group-is-layout-constrained\" style=\"margin-top:0px;margin-bottom:0px;padding-top:var(--wp--preset--spacing--10)\">\n<div class=\"wp-block-group alignfull full-width is-vertical is-content-justification-center is-nowrap is-layout-flex wp-container-core-group-is-layout-810f5976 wp-block-group-is-layout-flex\" style=\"border-radius:0px;margin-top:0px;margin-right:0px;margin-bottom:0px;margin-left:0px;padding-top:0px;padding-right:0;padding-bottom:0px;padding-left:0\">\n<p class=\"has-text-align-center\">Nutzen Sie Ihren Aufenthalt auf unserem <a href=\"https:\/\/www.camping-biper-gorri.com\/de\/\">Campingplatz in Espelette<\/a>, um die <strong>sch\u00f6nen Str\u00e4nde von San Sebasti\u00e1n<\/strong> zu entdecken. Unser Campingplatz in der N\u00e4he der Str\u00e4nde von San Sebasti\u00e1n ist ideal gelegen, so dass Sie diese Perle der spanischen Baskenk\u00fcste <strong>schnell erreichen<\/strong> und ihren Charme voll auskosten k\u00f6nnen.<\/p>\n\n\n\n<div class=\"wp-block-columns alignwide is-layout-flex wp-container-core-columns-is-layout-93fef87a wp-block-columns-is-layout-flex\" style=\"border-radius:0px;margin-top:0px;margin-right:0px;margin-bottom:0px;margin-left:0px;padding-top:0px;padding-right:0px;padding-bottom:0px;padding-left:0px\">\n<div class=\"wp-block-column is-vertically-aligned-top two-images is-layout-flow wp-block-column-is-layout-flow\" style=\"flex-basis:55%\">\n<div data-swiper=\"{&quot;speed&quot;:400,&quot;spaceBetween&quot;:16,&quot;slidesPerView&quot;:1,&quot;createElements&quot;:true,&quot;loop&quot;:true,&quot;navigation&quot;:{&quot;nextEl&quot;:null,&quot;prevEl&quot;:null},&quot;pagination&quot;:{&quot;el&quot;:&quot;.swiper-pagination&quot;,&quot;dynamicBullets&quot;:false,&quot;clickable&quot;:true},&quot;breakpoints&quot;:[{&quot;slidesPerView&quot;:1}],&quot;direction&quot;:&quot;vertical&quot;,&quot;freeMode&quot;:false,&quot;autoplay&quot;:true,&quot;delay&quot;:2000}\" id=\"slider-first\" class=\"wp-block-group animated fadeIn gt-is-slider gt-is-slider-desktop is-layout-grid wp-container-core-group-is-layout-478b6e6b wp-block-group-is-layout-grid\">\n<figure class=\"wp-block-image aligncenter size-full\"><img decoding=\"async\" width=\"967\" height=\"655\" src=\"https:\/\/www.camping-biper-gorri.com\/wp-content\/uploads\/2025\/10\/decouvrez-les-plages-de-san-sebastian-lors-de-votre-sejour-au-camping.jpg\" alt=\"Entdecken Sie die Str&#xE4;nde von San Sebastian w&#xE4;hrend Ihres Aufenthaltes auf dem Campingplatz.\" class=\"wp-image-73406\" srcset=\"https:\/\/www.camping-biper-gorri.com\/wp-content\/uploads\/2025\/10\/decouvrez-les-plages-de-san-sebastian-lors-de-votre-sejour-au-camping.jpg 967w, https:\/\/www.camping-biper-gorri.com\/wp-content\/uploads\/2025\/10\/decouvrez-les-plages-de-san-sebastian-lors-de-votre-sejour-au-camping-300x203.jpg 300w, https:\/\/www.camping-biper-gorri.com\/wp-content\/uploads\/2025\/10\/decouvrez-les-plages-de-san-sebastian-lors-de-votre-sejour-au-camping-768x520.jpg 768w\" sizes=\"(max-width: 967px) 100vw, 967px\" \/><\/figure>\n\n\n\n<figure class=\"wp-block-image size-full\"><img decoding=\"async\" width=\"967\" height=\"655\" src=\"https:\/\/www.camping-biper-gorri.com\/wp-content\/uploads\/2025\/10\/plage-de-la-concha.jpg\" alt=\"Strand von la concha\" class=\"wp-image-73411\" style=\"object-fit:cover\" srcset=\"https:\/\/www.camping-biper-gorri.com\/wp-content\/uploads\/2025\/10\/plage-de-la-concha.jpg 967w, https:\/\/www.camping-biper-gorri.com\/wp-content\/uploads\/2025\/10\/plage-de-la-concha-300x203.jpg 300w, https:\/\/www.camping-biper-gorri.com\/wp-content\/uploads\/2025\/10\/plage-de-la-concha-768x520.jpg 768w\" sizes=\"(max-width: 967px) 100vw, 967px\" \/><\/figure>\n\n\n\n<figure class=\"wp-block-image size-full\"><img decoding=\"async\" width=\"967\" height=\"655\" src=\"https:\/\/www.camping-biper-gorri.com\/wp-content\/uploads\/2025\/10\/plage-de-zurriola.jpg\" alt=\"Strand von Zurriola\" class=\"wp-image-73416\" style=\"object-fit:cover\" srcset=\"https:\/\/www.camping-biper-gorri.com\/wp-content\/uploads\/2025\/10\/plage-de-zurriola.jpg 967w, https:\/\/www.camping-biper-gorri.com\/wp-content\/uploads\/2025\/10\/plage-de-zurriola-300x203.jpg 300w, https:\/\/www.camping-biper-gorri.com\/wp-content\/uploads\/2025\/10\/plage-de-zurriola-768x520.jpg 768w\" sizes=\"(max-width: 967px) 100vw, 967px\" \/><\/figure>\n\n\n\n<figure class=\"wp-block-image size-full\"><img decoding=\"async\" width=\"967\" height=\"655\" src=\"https:\/\/www.camping-biper-gorri.com\/wp-content\/uploads\/2025\/10\/amateurs-de-surf.jpg\" alt=\"Surfbegeisterte\" class=\"wp-image-73421\" style=\"object-fit:cover\" srcset=\"https:\/\/www.camping-biper-gorri.com\/wp-content\/uploads\/2025\/10\/amateurs-de-surf.jpg 967w, https:\/\/www.camping-biper-gorri.com\/wp-content\/uploads\/2025\/10\/amateurs-de-surf-300x203.jpg 300w, https:\/\/www.camping-biper-gorri.com\/wp-content\/uploads\/2025\/10\/amateurs-de-surf-768x520.jpg 768w\" sizes=\"(max-width: 967px) 100vw, 967px\" \/><\/figure>\n<\/div>\n<\/div>\n\n\n\n<div class=\"wp-block-column is-vertically-aligned-center is-layout-flow wp-block-column-is-layout-flow\" style=\"flex-basis:45%\">\n<div class=\"wp-block-group has-global-padding is-content-justification-left is-layout-constrained wp-container-core-group-is-layout-1c1e5e78 wp-block-group-is-layout-constrained\" style=\"margin-top:0px;margin-right:0px;margin-bottom:0px;margin-left:0px\">\n<h2 class=\"wp-block-heading\"><strong>Entdecken Sie die Str\u00e4nde von San Sebasti\u00e1n<\/strong> w\u00e4hrend Ihres Campingurlaubs<\/h2>\n\n\n\n<p><a href=\"https:\/\/www.camping-biper-gorri.com\/de\/orte\/san-sebastian-tourismus\/\">San Sebasti\u00e1n<\/a>, die Perle der spanischen Baskenk\u00fcste, ist ber\u00fchmt f\u00fcr seine <strong>herrlichen Str\u00e4nde<\/strong>, die Besucher aus der ganzen Welt anziehen.<\/p>\n\n\n\n<p><a href=\"https:\/\/tourismus.euskadi.eus\/de\/strande\/strand-la-concha\/webtur00-content\/de\/\" target=\"_blank\" rel=\"noreferrer noopener nofollow\">La Concha<\/a><strong> <\/strong>ist zweifellos der bekannteste Strand der Stadt. Mit seinem goldenen Sand und der muschelf\u00f6rmigen Bucht bietet er eine <strong>idyllische Umgebung<\/strong> zum Sonnenbaden oder Schwimmen im kristallklaren Wasser. Die palmenges\u00e4umten Strandpromenaden laden zum Flanieren ein, w\u00e4hrend die <strong>Caf\u00e9s und Restaurants<\/strong> in der N\u00e4he <strong>lokale K\u00f6stlichkeiten<\/strong> anbieten, die Sie direkt am Meer genie\u00dfen k\u00f6nnen.  <\/p>\n\n\n    <div id=\"gt-fse-lire-plus-69f38da186b6b\" class=\"gt-fse-lire-plus\" data-min-height=\"110\" style=\"background-color: #f9f9f9;\">\n        <input id=\"gt-fse-lire-plus-69f38da186b6b-toggle\" type=\"checkbox\" class=\"gt-fse-lire-plus__toggle\" \/>\n        <label for=\"gt-fse-lire-plus-69f38da186b6b-toggle\" class=\"gt-fse-lire-plus__toggle-label\">\n            <span>Mehr lesen<\/span>\n            <span>Weniger lesen<\/span>\n        <\/label>\n        <div class=\"gt-fse-lire-plus__content\" style=\"height: 110px;\">\n            \n\n<p>Ein weiterer Schatz von San Sebasti\u00e1n ist der <a href=\"https:\/\/tourismus.euskadi.eus\/de\/strande-stauseen-flusse\/strand-la-zurriola\/webtur00-content\/de\/\" target=\"_blank\" rel=\"noreferrer noopener nofollow\">Strand von Zurriola<\/a>, der bei <strong>Surfern<\/strong> und <strong>Wassersportlern<\/strong> beliebt ist. Mit seinen kr\u00e4ftigen Wellen ist er der ideale Ort f\u00fcr Surfer aller Niveaus. Die dynamische Atmosph\u00e4re zieht auch junge Designer, Musiker und K\u00fcnstler an, was zu einer festlichen Atmosph\u00e4re beitr\u00e4gt.<\/p>\n\n\n\n<p>Der ruhigere und familienfreundliche <a href=\"https:\/\/tourismus.euskadi.eus\/de\/strande-stauseen-flusse\/strand-ondarreta\/webtur00-content\/de\/\" target=\"_blank\" rel=\"noreferrer noopener nofollow\">Strand von Ondarreta<\/a> ist perfekt f\u00fcr diejenigen, die Entspannung suchen. Er wird von G\u00e4rten und Gr\u00fcnfl\u00e4chen ges\u00e4umt, die eine <strong>ruhige Umgebung<\/strong> f\u00fcr Familien und Badeg\u00e4ste bieten.<\/p>\n\n\n\n<p>Die Str\u00e4nde von San Sebasti\u00e1n sind nicht nur zum Schwimmen da. Sie sind Schauplatz vieler Aktivit\u00e4ten, von Surfkursen bis zu <strong>Sportwettk\u00e4mpfen<\/strong>, und nicht zu vergessen die <strong>kulturellen Veranstaltungen<\/strong>, die das ganze Jahr \u00fcber die Stadt beleben. <\/p>\n\n\n\n<p>Die Str\u00e4nde von San Sebasti\u00e1n vereinen <strong>nat\u00fcrliche Sch\u00f6nheit<\/strong>, <strong>Aktivit\u00e4ten<\/strong> und <strong>Geselligkeit<\/strong> und machen dieses Reiseziel zu einem Muss f\u00fcr alle, die das Meer und die Sonne lieben. Die <strong>kulturellen Veranstaltungen<\/strong>, die die Stadt das ganze Jahr \u00fcber beleben. <\/p>\n\n            <div class=\"gt-fse-lire-plus__gradient\" style=\"background: linear-gradient(to bottom,rgba(249,249,249,0) 0%,rgba(249,249,249,1) 100%);\"><\/div>\n        <\/div>\n    <\/div>\n    <\/div>\n<\/div>\n<\/div>\n\n\n\n<div class=\"wp-block-columns alignwide is-layout-flex wp-container-core-columns-is-layout-ca4ebc02 wp-block-columns-is-layout-flex\" style=\"border-radius:0px;margin-top:0px;margin-right:0px;margin-bottom:0px;margin-left:0px;padding-top:1.5rem;padding-right:0px;padding-bottom:0rem;padding-left:0px\">\n<div class=\"wp-block-column is-vertically-aligned-center is-layout-flow wp-block-column-is-layout-flow\" style=\"flex-basis:45%\">\n<div class=\"wp-block-group has-global-padding is-content-justification-left is-layout-constrained wp-container-core-group-is-layout-1c1e5e78 wp-block-group-is-layout-constrained\" style=\"margin-top:0px;margin-right:0px;margin-bottom:0px;margin-left:0px\">\n<h2 class=\"wp-block-heading\">Parken an den Str\u00e4nden von San Sebasti\u00e1n<\/h2>\n\n\n\n<p>Um die Str\u00e4nde von San Sebasti\u00e1n zu genie\u00dfen, gibt es mehrere Parkm\u00f6glichkeiten:<\/p>\n\n\n\n<ol style=\"padding-left:var(--wp--preset--spacing--30)\" class=\"wp-block-list\">\n<li><strong>Parkplatz La Concha<\/strong>: Dieser Parkplatz liegt in unmittelbarer N\u00e4he des Strandes und ist sehr praktisch. Die Geb\u00fchr betr\u00e4gt ca. 2,50 \u20ac pro Stunde. <\/li>\n\n\n\n<li><strong>Parkplatz Zurriola<\/strong>: Dieser Parkplatz ist ideal f\u00fcr diejenigen, die den Strand von Zurriola erreichen m\u00f6chten.<\/li>\n\n\n\n<li><strong>Tiefgarage an der Plaza de Gipuzkoa<\/strong>: etwas weiter entfernt, aber gut erreichbar, kostet ca. 1,80 EUR pro Stunde.<\/li>\n<\/ol>\n\n\n\n<p>Es ist ratsam, vor allem im Sommer <strong>fr\u00fchzeitig zu kommen<\/strong>, um sich einen Platz zu sichern. Genie\u00dfen Sie Ihren Tag am Strand! <\/p>\n<\/div>\n<\/div>\n\n\n\n<div class=\"wp-block-column is-vertically-aligned-top two-images is-layout-flow wp-block-column-is-layout-flow\" style=\"flex-basis:55%\">\n<div class=\"wp-block-group is-content-justification-center is-nowrap is-layout-flex wp-container-core-group-is-layout-d019b8d0 wp-block-group-is-layout-flex\" style=\"margin-top:0px;margin-right:0px;margin-bottom:0px;margin-left:0px\">\n<figure class=\"wp-block-image aligncenter size-full\"><img decoding=\"async\" width=\"967\" height=\"655\" src=\"https:\/\/www.camping-biper-gorri.com\/wp-content\/uploads\/2025\/10\/stationnement-pour-acceder-aux-plages-de-san-sebastian.jpg\" alt=\"Parken f&#xFC;r den Zugang zu den Str&#xE4;nden von San Sebastian\" class=\"wp-image-73427\" srcset=\"https:\/\/www.camping-biper-gorri.com\/wp-content\/uploads\/2025\/10\/stationnement-pour-acceder-aux-plages-de-san-sebastian.jpg 967w, https:\/\/www.camping-biper-gorri.com\/wp-content\/uploads\/2025\/10\/stationnement-pour-acceder-aux-plages-de-san-sebastian-300x203.jpg 300w, https:\/\/www.camping-biper-gorri.com\/wp-content\/uploads\/2025\/10\/stationnement-pour-acceder-aux-plages-de-san-sebastian-768x520.jpg 768w\" sizes=\"(max-width: 967px) 100vw, 967px\" \/><\/figure>\n<\/div>\n<\/div>\n<\/div>\n\n\n\n<figure class=\"wp-block-image size-full is-resized\" style=\"margin-top:0px;margin-right:0px;margin-bottom:0px;margin-left:0px\"><img decoding=\"async\" width=\"464\" height=\"221\" src=\"https:\/\/www.camping-biper-gorri.com\/wp-content\/uploads\/2025\/08\/soleil.png\" alt=\"gorri pieper\" class=\"wp-image-188\" style=\"width:463.0675354003906px\" srcset=\"https:\/\/www.camping-biper-gorri.com\/wp-content\/uploads\/2025\/08\/soleil.png 464w, https:\/\/www.camping-biper-gorri.com\/wp-content\/uploads\/2025\/08\/soleil-300x143.png 300w\" sizes=\"(max-width: 464px) 100vw, 464px\" \/><\/figure>\n<\/div>\n<\/section>\n\n<section class=\"wp-block-group alignfull gt_1-cta-1photo_003 article is-layout-flow wp-block-group-is-layout-flow\" style=\"margin-top:0px;margin-bottom:0px;padding-bottom:153px\">\n<div class=\"wp-block-group has-global-padding is-layout-constrained wp-container-core-group-is-layout-c3c54179 wp-block-group-is-layout-constrained\" style=\"padding-bottom:101px\">\n<div class=\"wp-block-cover aligncenter has-custom-content-position is-position-bottom-center animated fadeIn\" style=\"min-height:70vh;aspect-ratio:unset;\"><img decoding=\"async\" width=\"1024\" height=\"436\" class=\"wp-block-cover__image-background wp-image-73432 size-large\" alt=\"comment bien preparer son depart depuis le camping pour san sebastian\" src=\"https:\/\/www.camping-biper-gorri.com\/wp-content\/uploads\/2025\/10\/comment-bien-preparer-son-depart-depuis-le-camping-pour-san-sebastian-1-1024x436.jpg\" data-object-fit=\"cover\" srcset=\"https:\/\/www.camping-biper-gorri.com\/wp-content\/uploads\/2025\/10\/comment-bien-preparer-son-depart-depuis-le-camping-pour-san-sebastian-1-1024x436.jpg 1024w, https:\/\/www.camping-biper-gorri.com\/wp-content\/uploads\/2025\/10\/comment-bien-preparer-son-depart-depuis-le-camping-pour-san-sebastian-1-300x128.jpg 300w, https:\/\/www.camping-biper-gorri.com\/wp-content\/uploads\/2025\/10\/comment-bien-preparer-son-depart-depuis-le-camping-pour-san-sebastian-1-768x327.jpg 768w, https:\/\/www.camping-biper-gorri.com\/wp-content\/uploads\/2025\/10\/comment-bien-preparer-son-depart-depuis-le-camping-pour-san-sebastian-1.jpg 1500w\" sizes=\"(max-width: 1024px) 100vw, 1024px\" \/><span aria-hidden=\"true\" class=\"wp-block-cover__background has-contrast-background-color has-background-dim-20 has-background-dim\"><\/span><div class=\"wp-block-cover__inner-container is-layout-flow wp-block-cover-is-layout-flow\">\n<div class=\"wp-block-group titre-deco is-vertical is-content-justification-center is-layout-flex wp-container-core-group-is-layout-ab6239d0 wp-block-group-is-layout-flex\" style=\"margin-bottom:0px\">\n<p class=\"has-text-align-center has-base-2-color has-text-color has-link-color has-olive-citrus-font-family wp-elements-9ac67dbb5d7599f6b3dab0ace56345b4\" style=\"font-size:clamp(3.615rem, 3.615rem + ((1vw - 0.2rem) * 6.475), 7.5rem);line-height:0.4\">Ausflug<\/p>\n\n\n\n<p class=\"has-text-align-center has-base-2-color has-text-color has-link-color has-boho-monoline-font-family wp-elements-ec67303eaa9e0fce8e32fbcbdf911859\" style=\"font-size:clamp(3.521rem, 3.521rem + ((1vw - 0.2rem) * 6.215), 7.25rem);line-height:0.86\">vorbereiten<\/p>\n<\/div>\n<\/div><\/div>\n<\/div>\n\n\n\n<div class=\"wp-block-group alignfull full-width has-global-padding is-layout-constrained wp-container-core-group-is-layout-8c8c9b81 wp-block-group-is-layout-constrained\" style=\"border-radius:0px;margin-top:0px;margin-right:0px;margin-bottom:0px;margin-left:0px;padding-top:0px;padding-right:var(--wp--preset--spacing--50);padding-bottom:0px;padding-left:var(--wp--preset--spacing--50)\">\n<h2 class=\"wp-block-heading has-text-align-center full-width has-text-color\" style=\"color:rgba(255,255,255,1)\"><strong>Wie kann ich meine Abreise <br\/>vom Campingplatz nach San Sebasti\u00e1n gut vorbereiten?<\/strong><br\/><\/h2>\n\n\n\n<p class=\"has-base-2-color has-text-color has-link-color wp-elements-1428d50bdf48e93f4c9f061ed4da00b0\">Von unserem Campingplatz in der N\u00e4he der Str\u00e4nde von San Sebasti\u00e1n aus geben wir Ihnen einige Tipps, damit Sie Ihren Tag voll und ganz genie\u00dfen k\u00f6nnen.<\/p>\n\n\n\n<ul style=\"padding-left:var(--wp--preset--spacing--30)\" class=\"wp-block-list has-base-2-color has-text-color has-link-color wp-elements-cb8b013147b5c90755fa7edec092d9e2\">\n<li><strong>Entfernung<\/strong>: San Sebasti\u00e1n liegt etwa 30 Minuten mit dem Auto entfernt. Fragen Sie Ihr Navigationsger\u00e4t nach den besten Routenoptionen. <\/li>\n\n\n\n<li><strong>Transport<\/strong>: Wenn Sie kein Auto haben, pr\u00fcfen Sie die Busfahrpl\u00e4ne vom Campingplatz nach San Sebasti\u00e1n.<\/li>\n\n\n\n<li><strong>Anreise<\/strong>: Versuchen Sie fr\u00fchzeitig abzureisen, um den Menschenmassen zu entgehen und einen vollen Tag zu genie\u00dfen.<\/li>\n\n\n\n<li><strong>Aktivit\u00e4ten<\/strong>, die Sie nicht verpassen sollten: Besuchen Sie den Strand von La Concha, erkunden Sie die Altstadt und probieren Sie die Pintxos in den vielen Bars.<\/li>\n\n\n\n<li><strong>Kleidung<\/strong>: Denken Sie an bequeme, dem Wetter angepasste Kleidung und einen Badeanzug, wenn Sie baden m\u00f6chten.<\/li>\n\n\n\n<li><strong>Sonnenschutz<\/strong>: Bringen Sie Sonnencreme, einen Hut und eine Sonnenbrille mit.<\/li>\n\n\n\n<li><strong>Rucksack<\/strong>: Nehmen Sie Wasser, Snacks und eventuell ein Picknick mit.<\/li>\n\n\n\n<li>Erkundigen Sie sich nach Parkm\u00f6glichkeiten in der N\u00e4he der Str\u00e4nde oder des Stadtzentrums, um sich den Stress der Parkplatzsuche zu ersparen.<\/li>\n<\/ul>\n<\/div>\n<\/section>\n","protected":false},"excerpt":{"rendered":"<p>Nutzen Sie Ihren Aufenthalt auf unserem Campingplatz in Espelette, um die sch\u00f6nen Str\u00e4nde von San Sebasti\u00e1n zu entdecken. Unser Campingplatz in der N\u00e4he der Str\u00e4nde von San Sebasti\u00e1n ist ideal gelegen, so dass Sie diese Perle der spanischen Baskenk\u00fcste schnell erreichen und ihren Charme voll auskosten k\u00f6nnen. Entdecken Sie die Str\u00e4nde von San Sebasti\u00e1n w\u00e4hrend [&hellip;]<\/p>\n","protected":false},"author":1,"featured_media":73399,"comment_status":"closed","ping_status":"closed","sticky":false,"template":"","format":"standard","meta":{"_acf_changed":false,"_seopress_robots_primary_cat":"none","_seopress_titles_title":"Top Str\u00e4nde San Sebasti\u00e1n I Praktische Informationen \u00fcber Str\u00e4nde San Sebasti\u00e1n","_seopress_titles_desc":"San Sebasti\u00e1n, die Perle der spanischen Baskenk\u00fcste, ist ber\u00fchmt f\u00fcr seine herrlichen Str\u00e4nde, die Besucher aus der ganzen Welt anziehen.","_seopress_robots_index":"","inline_featured_image":false,"gt_fse_maillage_image":"https:\/\/www.camping-biper-gorri.com\/wp-content\/uploads\/2025\/10\/tourisme-plages-san-sebastian-cta.jpg","gt_fse_maillage_titre":"Str\u00e4nde San Sebastian","gt_fse_maillage_alt":"Tourismus Str\u00e4nde San Sebastian","gt_fse_maillage_resume":"","footnotes":""},"categories":[60],"tags":[82],"class_list":["post-88248","post","type-post","status-publish","format-standard","has-post-thumbnail","hentry","category-orte","tag-strande"],"acf":[],"_links":{"self":[{"href":"https:\/\/www.camping-biper-gorri.com\/de\/wp-json\/wp\/v2\/posts\/88248","targetHints":{"allow":["GET"]}}],"collection":[{"href":"https:\/\/www.camping-biper-gorri.com\/de\/wp-json\/wp\/v2\/posts"}],"about":[{"href":"https:\/\/www.camping-biper-gorri.com\/de\/wp-json\/wp\/v2\/types\/post"}],"author":[{"embeddable":true,"href":"https:\/\/www.camping-biper-gorri.com\/de\/wp-json\/wp\/v2\/users\/1"}],"replies":[{"embeddable":true,"href":"https:\/\/www.camping-biper-gorri.com\/de\/wp-json\/wp\/v2\/comments?post=88248"}],"version-history":[{"count":6,"href":"https:\/\/www.camping-biper-gorri.com\/de\/wp-json\/wp\/v2\/posts\/88248\/revisions"}],"predecessor-version":[{"id":90191,"href":"https:\/\/www.camping-biper-gorri.com\/de\/wp-json\/wp\/v2\/posts\/88248\/revisions\/90191"}],"wp:featuredmedia":[{"embeddable":true,"href":"https:\/\/www.camping-biper-gorri.com\/de\/wp-json\/wp\/v2\/media\/73399"}],"wp:attachment":[{"href":"https:\/\/www.camping-biper-gorri.com\/de\/wp-json\/wp\/v2\/media?parent=88248"}],"wp:term":[{"taxonomy":"category","embeddable":true,"href":"https:\/\/www.camping-biper-gorri.com\/de\/wp-json\/wp\/v2\/categories?post=88248"},{"taxonomy":"post_tag","embeddable":true,"href":"https:\/\/www.camping-biper-gorri.com\/de\/wp-json\/wp\/v2\/tags?post=88248"}],"curies":[{"name":"wp","href":"https:\/\/api.w.org\/{rel}","templated":true}]}}